{"id":1260580,"date":"2025-10-03T19:39:35","date_gmt":"2025-10-04T01:39:35","guid":{"rendered":"https:\/\/www.acapulcopress.com\/?p=1260580"},"modified":"2025-10-03T19:39:35","modified_gmt":"2025-10-04T01:39:35","slug":"semaren-y-congreso-firman-compromiso-para-estructurar-la-ley-de-cambio-climatico","status":"publish","type":"post","link":"https:\/\/www.acapulcopress.com\/index.php\/2025\/10\/03\/semaren-y-congreso-firman-compromiso-para-estructurar-la-ley-de-cambio-climatico\/","title":{"rendered":"Semaren y Congreso firman compromiso para estructurar la Ley de Cambio Clim\u00e1tico"},"content":{"rendered":"<p>CHILPANCINGO * 3 de octubre 2025<br \/>\n<em>) LXVI Legislatura | Semaren Guerrero<br \/>\n<\/em>Como parte de las acciones para fortalecer la pol\u00edtica clim\u00e1tica en la entidad que promueve la gobernadora Evelyn Salgado Pineda, el <a href=\"https:\/\/www.acapulcopress.com\/wp-content\/uploads\/2025\/10\/congreso-clima-4.jpg\"><img loading=\"lazy\" decoding=\"async\" class=\"alignleft wp-image-1260584 size-cmsmasters-square-thumb\" src=\"https:\/\/www.acapulcopress.com\/wp-content\/uploads\/2025\/10\/congreso-clima-4-360x360.jpg\" alt=\"\" width=\"360\" height=\"360\" srcset=\"https:\/\/www.acapulcopress.com\/wp-content\/uploads\/2025\/10\/congreso-clima-4-360x360.jpg 360w, https:\/\/www.acapulcopress.com\/wp-content\/uploads\/2025\/10\/congreso-clima-4-150x150.jpg 150w, https:\/\/www.acapulcopress.com\/wp-content\/uploads\/2025\/10\/congreso-clima-4-70x70.jpg 70w\" sizes=\"auto, (max-width: 360px) 100vw, 360px\" \/><\/a>gobierno del estado a trav\u00e9s de la <em>Secretar\u00eda de Medio Ambiente y Recursos Naturales (Semaren)<\/em>, encabezada por <strong>\u00c1ngel Almaz\u00e1n Ju\u00e1rez<\/strong>, present\u00f3 a diputados de la 64 legislatura la metodolog\u00eda que se utilizar\u00e1 para recabar informaci\u00f3n de la sociedad civil para estructurar la <em>Ley de Cambio Clim\u00e1tico,<\/em> asisti\u00f3 la diputada y presidenta de la Comisi\u00f3n de Recursos Naturales, Desarrollo Sustentable y Cambio Clim\u00e1tico, <strong>Obdulia Naranjo Cabrera<\/strong>.<\/p>\n<p>La titular de la Semaren expres\u00f3 ante diputadas y diputados locales, representantes de dependencias estatales y federales, sector privado, acad\u00e9mico y sociedad civil, que esta actualizaci\u00f3n permitir\u00e1 contar con un marco legal moderno y eficaz, alineado con los compromisos internacionales que M\u00e9xico ha suscrito, para fortalecer las acciones de adaptaci\u00f3n y mitigaci\u00f3n ante la vulnerabilidad clim\u00e1tica de Guerrero.<\/p>\n<p>En el evento, se firm\u00f3 un Memor\u00e1ndum de Entendimiento entre la Semaren, el Congreso del Estado, representado por la diputada Obdulia Naranjo Cabrera con el objetivo de formalizar la colaboraci\u00f3n para actualizar la legislaci\u00f3n clim\u00e1tica.<\/p>\n<p>Participaron la diputada Violeta Mart\u00ednez Pacheco; el diputado P\u00e1nfilo S\u00e1nchez Almaz\u00e1n.<\/p>\n<p data-wp-editing=\"1\">Almaz\u00e1n Ju\u00e1rez, dijo que el gobierno estatal trabaja para seguir aplicando pol\u00edticas p\u00fablicas encaminadas a la preservaci\u00f3n y protecci\u00f3n del medio ambiente, tal y como lo ha expresado la mandataria estatal.<\/p>\n<p><a href=\"https:\/\/www.acapulcopress.com\/wp-content\/uploads\/2025\/10\/congeroso-clima.jpg\"><img loading=\"lazy\" decoding=\"async\" class=\"alignleft size-full wp-image-1260581\" src=\"https:\/\/www.acapulcopress.com\/wp-content\/uploads\/2025\/10\/congeroso-clima.jpg\" alt=\"\" width=\"1040\" height=\"694\" srcset=\"https:\/\/www.acapulcopress.com\/wp-content\/uploads\/2025\/10\/congeroso-clima.jpg 1040w, https:\/\/www.acapulcopress.com\/wp-content\/uploads\/2025\/10\/congeroso-clima-300x200.jpg 300w, https:\/\/www.acapulcopress.com\/wp-content\/uploads\/2025\/10\/congeroso-clima-1024x683.jpg 1024w, https:\/\/www.acapulcopress.com\/wp-content\/uploads\/2025\/10\/congeroso-clima-768x512.jpg 768w, https:\/\/www.acapulcopress.com\/wp-content\/uploads\/2025\/10\/congeroso-clima-580x387.jpg 580w, https:\/\/www.acapulcopress.com\/wp-content\/uploads\/2025\/10\/congeroso-clima-860x574.jpg 860w\" sizes=\"auto, (max-width: 1040px) 100vw, 1040px\" \/><\/a><\/p>\n<p><em>)<a href=\"http:\/\/fb.me\/steparious\" target=\"_blank\" rel=\"noopener\"> fb.me\/steparious<\/a><\/em><br \/>\n<em>)<a href=\"http:\/\/fb.me\/acapulcopress\" target=\"_blank\" rel=\"noopener\"> fb.me\/acapulcopress<\/a><\/em><\/p>\n","protected":false},"excerpt":{"rendered":"<p>CHILPANCINGO * 3 de octubre 2025 ) LXVI Legislatura | Semaren Guerrero Como parte de las acciones para fortalecer la pol\u00edtica clim\u00e1tica en la entidad que promueve la gobernadora Evelyn Salgado Pineda, el gobierno del estado a trav\u00e9s de la Secretar\u00eda de Medio Ambiente y Recursos Naturales (Semaren), encabezada por \u00c1ngel Almaz\u00e1n Ju\u00e1rez, present\u00f3 a&#8230;<\/p>\n","protected":false},"author":1,"featured_media":1260585,"comment_status":"closed","ping_status":"open","sticky":false,"template":"","format":"standard","meta":{"footnotes":""},"categories":[2037,61],"tags":[3927,18811,13832],"class_list":["post-1260580","post","type-post","status-publish","format-standard","has-post-thumbnail","hentry","category-congreso-de-guerrero","category-legislacion","tag-angel-almazan-juarez","tag-ley-de-cambio-climatico","tag-obdulia-naranjo-cabrera"],"_links":{"self":[{"href":"https:\/\/www.acapulcopress.com\/index.php\/wp-json\/wp\/v2\/posts\/1260580","targetHints":{"allow":["GET"]}}],"collection":[{"href":"https:\/\/www.acapulcopress.com\/index.php\/wp-json\/wp\/v2\/posts"}],"about":[{"href":"https:\/\/www.acapulcopress.com\/index.php\/wp-json\/wp\/v2\/types\/post"}],"author":[{"embeddable":true,"href":"https:\/\/www.acapulcopress.com\/index.php\/wp-json\/wp\/v2\/users\/1"}],"replies":[{"embeddable":true,"href":"https:\/\/www.acapulcopress.com\/index.php\/wp-json\/wp\/v2\/comments?post=1260580"}],"version-history":[{"count":1,"href":"https:\/\/www.acapulcopress.com\/index.php\/wp-json\/wp\/v2\/posts\/1260580\/revisions"}],"predecessor-version":[{"id":1260586,"href":"https:\/\/www.acapulcopress.com\/index.php\/wp-json\/wp\/v2\/posts\/1260580\/revisions\/1260586"}],"wp:featuredmedia":[{"embeddable":true,"href":"https:\/\/www.acapulcopress.com\/index.php\/wp-json\/wp\/v2\/media\/1260585"}],"wp:attachment":[{"href":"https:\/\/www.acapulcopress.com\/index.php\/wp-json\/wp\/v2\/media?parent=1260580"}],"wp:term":[{"taxonomy":"category","embeddable":true,"href":"https:\/\/www.acapulcopress.com\/index.php\/wp-json\/wp\/v2\/categories?post=1260580"},{"taxonomy":"post_tag","embeddable":true,"href":"https:\/\/www.acapulcopress.com\/index.php\/wp-json\/wp\/v2\/tags?post=1260580"}],"curies":[{"name":"wp","href":"https:\/\/api.w.org\/{rel}","templated":true}]}}