{"id":1260592,"date":"2025-10-03T20:27:55","date_gmt":"2025-10-04T02:27:55","guid":{"rendered":"https:\/\/www.acapulcopress.com\/?p=1260592"},"modified":"2025-10-03T20:42:29","modified_gmt":"2025-10-04T02:42:29","slug":"celebro-tecnm-acapulco-50-anos-de-fundacion","status":"publish","type":"post","link":"https:\/\/www.acapulcopress.com\/index.php\/2025\/10\/03\/celebro-tecnm-acapulco-50-anos-de-fundacion\/","title":{"rendered":"Celebr\u00f3 TecNM Acapulco 50 a\u00f1os de fundaci\u00f3n"},"content":{"rendered":"<p>ACAPULCO * 3 de octubre 2025<br \/>\n<em>) SEG<\/em><br \/>\nEl secretario de Educaci\u00f3n en Guerrero, <strong>Ricardo Castillo Pe\u00f1a<\/strong> asisti\u00f3 a la celebraci\u00f3n del 50 aniversario de la fundaci\u00f3n del Instituto <a href=\"https:\/\/www.acapulcopress.com\/wp-content\/uploads\/2025\/10\/TECACA50ANIV-scaled.jpg\"><img loading=\"lazy\" decoding=\"async\" class=\"alignleft wp-image-1260593 size-cmsmasters-square-thumb\" src=\"https:\/\/www.acapulcopress.com\/wp-content\/uploads\/2025\/10\/TECACA50ANIV-360x360.jpg\" alt=\"\" width=\"360\" height=\"360\" srcset=\"https:\/\/www.acapulcopress.com\/wp-content\/uploads\/2025\/10\/TECACA50ANIV-360x360.jpg 360w, https:\/\/www.acapulcopress.com\/wp-content\/uploads\/2025\/10\/TECACA50ANIV-150x150.jpg 150w, https:\/\/www.acapulcopress.com\/wp-content\/uploads\/2025\/10\/TECACA50ANIV-70x70.jpg 70w\" sizes=\"auto, (max-width: 360px) 100vw, 360px\" \/><\/a>Tecnol\u00f3gico Nacional de M\u00e9xico, Campus Acapulco, donde entreg\u00f3 reconocimientos a docentes fundadores.<\/p>\n<p>La conmemoraci\u00f3n estuvo llena de algarab\u00eda por cumplir cinco d\u00e9cadas de preparar a miles de j\u00f3venes en diversas ingenier\u00edas como <em>Bioqu\u00edmica, Ciencia de Datos, Gesti\u00f3n Empresarial, Sistemas Computacionales, Electromec\u00e1nica, Arquitectura, Administraci\u00f3n y Contadur\u00eda<\/em>.<\/p>\n<p>Durante la ceremonia se galardon\u00f3 a cuatro maestros fundadores, recordando al profesor <strong>Ra\u00fal Aguilar Reza<\/strong>, arquitecto pionero y constructor de otros planteles del TecNM en Chilpancingo y Zihuatanejo, cuya labor contribuy\u00f3 a la innovaci\u00f3n y excelencia educativa.<\/p>\n<p>En sus cinco d\u00e9cadas de historia, la instituci\u00f3n ha formado a m\u00e1s de 43 mil estudiantes, de los cuales 16 mil han egresado y 12 mil 356 han obtenido un t\u00edtulo profesional, aportando de manera significativa al desarrollo social y econ\u00f3mico de la regi\u00f3n.<\/p>\n<p>En el marco del aniversario, funcionarios estatales y docentes reafirmaron el compromiso del Tecnol\u00f3gico de Acapulco con la calidad educativa, la investigaci\u00f3n aplicada, la innovaci\u00f3n tecnol\u00f3gica, la inclusi\u00f3n y la vinculaci\u00f3n con los sectores productivos y sociales, consolid\u00e1ndose como un referente de educaci\u00f3n superior en Guerrero.<\/p>\n<p><a href=\"https:\/\/www.acapulcopress.com\/wp-content\/uploads\/2025\/10\/TECACA50ANIV2-scaled.jpg\"><img loading=\"lazy\" decoding=\"async\" class=\"alignnone wp-image-1260595 size-full\" src=\"https:\/\/www.acapulcopress.com\/wp-content\/uploads\/2025\/10\/TECACA50ANIV2-scaled.jpg\" alt=\"\" width=\"2560\" height=\"1441\" srcset=\"https:\/\/www.acapulcopress.com\/wp-content\/uploads\/2025\/10\/TECACA50ANIV2-scaled.jpg 2560w, https:\/\/www.acapulcopress.com\/wp-content\/uploads\/2025\/10\/TECACA50ANIV2-300x169.jpg 300w, https:\/\/www.acapulcopress.com\/wp-content\/uploads\/2025\/10\/TECACA50ANIV2-1024x577.jpg 1024w, https:\/\/www.acapulcopress.com\/wp-content\/uploads\/2025\/10\/TECACA50ANIV2-768x432.jpg 768w, https:\/\/www.acapulcopress.com\/wp-content\/uploads\/2025\/10\/TECACA50ANIV2-1536x865.jpg 1536w, https:\/\/www.acapulcopress.com\/wp-content\/uploads\/2025\/10\/TECACA50ANIV2-2048x1153.jpg 2048w, https:\/\/www.acapulcopress.com\/wp-content\/uploads\/2025\/10\/TECACA50ANIV2-580x327.jpg 580w, https:\/\/www.acapulcopress.com\/wp-content\/uploads\/2025\/10\/TECACA50ANIV2-860x484.jpg 860w, https:\/\/www.acapulcopress.com\/wp-content\/uploads\/2025\/10\/TECACA50ANIV2-1160x653.jpg 1160w, https:\/\/www.acapulcopress.com\/wp-content\/uploads\/2025\/10\/TECACA50ANIV2-1320x743.jpg 1320w\" sizes=\"auto, (max-width: 2560px) 100vw, 2560px\" \/><\/a><\/p>\n<div style=\"width: 1160px;\" class=\"wp-video\"><video class=\"wp-video-shortcode\" id=\"video-1260592-1\" width=\"1160\" height=\"653\" preload=\"metadata\" controls=\"controls\"><source type=\"video\/mp4\" src=\"https:\/\/www.acapulcopress.com\/wp-content\/uploads\/2025\/10\/TECACA50ANIV.mp4?_=1\" \/><a href=\"https:\/\/www.acapulcopress.com\/wp-content\/uploads\/2025\/10\/TECACA50ANIV.mp4\">https:\/\/www.acapulcopress.com\/wp-content\/uploads\/2025\/10\/TECACA50ANIV.mp4<\/a><\/video><\/div>\n<p><em>)<a href=\"http:\/\/fb.me\/steparious\"> fb.me\/steparious<\/a><\/em><br \/>\n<em>) <a href=\"http:\/\/fb.me\/acapulcopress\" target=\"_blank\" rel=\"noopener\">fb.me\/acapulcopress<\/a><\/em><\/p>\n","protected":false},"excerpt":{"rendered":"<p>El secretario de Educaci\u00f3n en Guerrero, Ricardo Castillo Pe\u00f1a asisti\u00f3 a la celebraci\u00f3n del 50 aniversario de la fundaci\u00f3n del Instituto Tecnol\u00f3gico Nacional de M\u00e9xico, campus Acapulco, donde entreg\u00f3 reconocimientos a docentes fundadores.<\/p>\n","protected":false},"author":1,"featured_media":1260597,"comment_status":"closed","ping_status":"open","sticky":false,"template":"","format":"standard","meta":{"footnotes":""},"categories":[1988],"tags":[18812,10353,18813,15576],"class_list":["post-1260592","post","type-post","status-publish","format-standard","has-post-thumbnail","hentry","category-lifestyles","tag-campus-acapulco","tag-instituto-tecnologico-nacional-de-mexico","tag-raul-aguilar-reza","tag-ricardo-castillo-pena"],"_links":{"self":[{"href":"https:\/\/www.acapulcopress.com\/index.php\/wp-json\/wp\/v2\/posts\/1260592","targetHints":{"allow":["GET"]}}],"collection":[{"href":"https:\/\/www.acapulcopress.com\/index.php\/wp-json\/wp\/v2\/posts"}],"about":[{"href":"https:\/\/www.acapulcopress.com\/index.php\/wp-json\/wp\/v2\/types\/post"}],"author":[{"embeddable":true,"href":"https:\/\/www.acapulcopress.com\/index.php\/wp-json\/wp\/v2\/users\/1"}],"replies":[{"embeddable":true,"href":"https:\/\/www.acapulcopress.com\/index.php\/wp-json\/wp\/v2\/comments?post=1260592"}],"version-history":[{"count":3,"href":"https:\/\/www.acapulcopress.com\/index.php\/wp-json\/wp\/v2\/posts\/1260592\/revisions"}],"predecessor-version":[{"id":1260600,"href":"https:\/\/www.acapulcopress.com\/index.php\/wp-json\/wp\/v2\/posts\/1260592\/revisions\/1260600"}],"wp:featuredmedia":[{"embeddable":true,"href":"https:\/\/www.acapulcopress.com\/index.php\/wp-json\/wp\/v2\/media\/1260597"}],"wp:attachment":[{"href":"https:\/\/www.acapulcopress.com\/index.php\/wp-json\/wp\/v2\/media?parent=1260592"}],"wp:term":[{"taxonomy":"category","embeddable":true,"href":"https:\/\/www.acapulcopress.com\/index.php\/wp-json\/wp\/v2\/categories?post=1260592"},{"taxonomy":"post_tag","embeddable":true,"href":"https:\/\/www.acapulcopress.com\/index.php\/wp-json\/wp\/v2\/tags?post=1260592"}],"curies":[{"name":"wp","href":"https:\/\/api.w.org\/{rel}","templated":true}]}}