{"id":1260611,"date":"2025-10-06T19:53:20","date_gmt":"2025-10-07T01:53:20","guid":{"rendered":"https:\/\/www.acapulcopress.com\/?p=1260611"},"modified":"2025-10-06T20:20:53","modified_gmt":"2025-10-07T02:20:53","slug":"cantautor-domingo-valdivia-mas-vigente-que-nunca","status":"publish","type":"post","link":"https:\/\/www.acapulcopress.com\/index.php\/2025\/10\/06\/cantautor-domingo-valdivia-mas-vigente-que-nunca\/","title":{"rendered":"Cantautor Domingo Valdivia, \u00a1m\u00e1s vigente que nunca!"},"content":{"rendered":"<p>* El jueves 9 de octubre participar\u00e1 en una tocada con el grupo <em>Tr\u00e9bol<\/em> en el centro de diversi\u00f3n <em>Amar Show Center,<\/em> ubicado en<em> Plaza Marbella<\/em>, frente a <em>La Diana Cazadora<\/em>, en el puerto de Acapulco.<\/p>\n<p>) <strong>Fulgencio<\/strong> | <strong>Ram\u00edrez<\/strong><br \/>\nBARRANQUILLA, San Marcos * 6 de octubre 2025<br \/>\n<em>) Especial<\/em><br \/>\nRodeado de familiares, amigos y conocidos, <strong>Domingo Valdivia Ram\u00edrez<\/strong>, creador de temas musicales como \u00abPor todo el mundo\u00bb, \u00abRosy\u00bb y <a href=\"https:\/\/www.acapulcopress.com\/wp-content\/uploads\/2025\/10\/ROBERTO-VALDIVIA-2-scaled.jpg\"><img loading=\"lazy\" decoding=\"async\" class=\"alignleft wp-image-1260613 size-cmsmasters-square-thumb\" src=\"https:\/\/www.acapulcopress.com\/wp-content\/uploads\/2025\/10\/ROBERTO-VALDIVIA-2-360x360.jpg\" alt=\"\" width=\"360\" height=\"360\" srcset=\"https:\/\/www.acapulcopress.com\/wp-content\/uploads\/2025\/10\/ROBERTO-VALDIVIA-2-360x360.jpg 360w, https:\/\/www.acapulcopress.com\/wp-content\/uploads\/2025\/10\/ROBERTO-VALDIVIA-2-150x150.jpg 150w, https:\/\/www.acapulcopress.com\/wp-content\/uploads\/2025\/10\/ROBERTO-VALDIVIA-2-70x70.jpg 70w\" sizes=\"auto, (max-width: 360px) 100vw, 360px\" \/><\/a>\u00abTu mal proceder\u00bb, que fueron \u00e9xitos con grupos de fama nacional e internacional como<em> La Luz Roja de San Marcos<\/em> y <em>Domingo Valdivia y Compa\u00f1\u00eda,<\/em> anunci\u00f3 nuevos proyectos musicales que van desde presentaciones en diciembre y enero pr\u00f3ximo a entrar al estudio de grabaci\u00f3n para realizar nuevo material discogr\u00e1fico para otros conjuntos que han solicitado sus letras.<\/p>\n<p>De trato humilde pero con un gran coraz\u00f3n, muy sensible y apasionado, el maestro Valdivia es muy conocido por sus hermosas melod\u00edas de dolor y desamor, como aquella que dice \u00abD\u00f3nde quiera que est\u00e9s, recuerda coraz\u00f3n, que yo fui qui\u00e9n te am\u00e9, con verdadero amor; este cari\u00f1o grande, tan grande que ten\u00eda, t\u00fa misma lo mataste, no s\u00e9 porque ser\u00eda\u00bb&#8230; cuyo tpitulo es \u00abT\u00fa mal proceder\u00bb, llevada a la fama por <em>La Luz Roja de San Marcos<\/em> en 2016.<\/p>\n<p>Adem\u00e1s de otros \u00e9xitos musicales, como \u00abRosy\u00bb, \u00abPor todo el mundo\u00bb y \u00abPaloma Copetona\u00bb,\u00a0 que despu\u00e9s de varios a\u00f1os, a\u00fan son escuchadas y bailadas en fiestas, festivales y centros de baile, Domingo Valdivia sigue m\u00e1s vigente que nunca.<\/p>\n<p>Guitarra en mano en el corredor de su casa, en el poblado de Barranquilla, con amigos entra\u00f1ables como el doctor<strong> Armando Flores Mejia<\/strong> y \u00absu ahijado\u00bb <strong>Ignacio Carbajal Calixto<\/strong>, del <em>Grupo Tr\u00e9bol, <\/em>Domingo Valdivia, recibi\u00f3 al autor de estas l\u00ednea y al director de <em>Enfoque Musical,<\/em> <strong>Alfredo Barrera R\u00edos<\/strong>, para abrir su coraz\u00f3n y hablar de sus nuevos proyectos.<\/p>\n<p>Ya tiene programado entrar a un estudio de grabaciones para hacer nuevas versiones de sus composiciones que gracias al p\u00fablico se convirtieron en \u00e9xitos y as\u00ed poder adquirir a las regal\u00edas por dicho trabajo. Tambi\u00e9n tiene fechas para presentarse con su grupo <em>Domingo Valdivia y Compa\u00f1\u00eda<\/em> en centros de baile, tanto en diciembre como en enero. Asimismo, confi\u00f3 que tambi\u00e9n adquiri\u00f3 compromiso de trabajo en la Uni\u00f3n Americana, y en el mes de junio del 2026 estar\u00e1 presente en San Luis Acatl\u00e1n.<\/p>\n<p>Valdivia Ram\u00edrez tambi\u00e9n indic\u00f3 que el jueves 9 de octubre participar\u00e1 en una tocada con el grupo <em>Tr\u00e9bol<\/em> en el centro de diversi\u00f3n <em>Amar Show Center,<\/em> ubicado en<em> Plaza Marbella<\/em>, frente a <em>La Diana Cazadora<\/em>, en el puerto de Acapulco.<\/p>\n<p><a href=\"https:\/\/www.acapulcopress.com\/wp-content\/uploads\/2025\/10\/robero-valdivia-scaled.jpg\"><img loading=\"lazy\" decoding=\"async\" class=\"alignnone wp-image-1260612 size-full\" src=\"https:\/\/www.acapulcopress.com\/wp-content\/uploads\/2025\/10\/robero-valdivia-scaled.jpg\" alt=\"\" width=\"2560\" height=\"1152\" srcset=\"https:\/\/www.acapulcopress.com\/wp-content\/uploads\/2025\/10\/robero-valdivia-scaled.jpg 2560w, https:\/\/www.acapulcopress.com\/wp-content\/uploads\/2025\/10\/robero-valdivia-300x135.jpg 300w, https:\/\/www.acapulcopress.com\/wp-content\/uploads\/2025\/10\/robero-valdivia-1024x461.jpg 1024w, https:\/\/www.acapulcopress.com\/wp-content\/uploads\/2025\/10\/robero-valdivia-768x346.jpg 768w, https:\/\/www.acapulcopress.com\/wp-content\/uploads\/2025\/10\/robero-valdivia-1536x691.jpg 1536w, https:\/\/www.acapulcopress.com\/wp-content\/uploads\/2025\/10\/robero-valdivia-2048x922.jpg 2048w, https:\/\/www.acapulcopress.com\/wp-content\/uploads\/2025\/10\/robero-valdivia-580x261.jpg 580w, https:\/\/www.acapulcopress.com\/wp-content\/uploads\/2025\/10\/robero-valdivia-860x387.jpg 860w, https:\/\/www.acapulcopress.com\/wp-content\/uploads\/2025\/10\/robero-valdivia-1160x522.jpg 1160w, https:\/\/www.acapulcopress.com\/wp-content\/uploads\/2025\/10\/robero-valdivia-1320x594.jpg 1320w\" sizes=\"auto, (max-width: 2560px) 100vw, 2560px\" \/><\/a><\/p>\n<div style=\"width: 576px;\" class=\"wp-video\"><video class=\"wp-video-shortcode\" id=\"video-1260611-1\" width=\"576\" height=\"1280\" preload=\"metadata\" controls=\"controls\"><source type=\"video\/mp4\" src=\"https:\/\/www.acapulcopress.com\/wp-content\/uploads\/2025\/10\/ROBERTO-VALFIVIA-2.mp4?_=1\" \/><a href=\"https:\/\/www.acapulcopress.com\/wp-content\/uploads\/2025\/10\/ROBERTO-VALFIVIA-2.mp4\">https:\/\/www.acapulcopress.com\/wp-content\/uploads\/2025\/10\/ROBERTO-VALFIVIA-2.mp4<\/a><\/video><\/div>\n<div style=\"width: 1160px;\" class=\"wp-video\"><video class=\"wp-video-shortcode\" id=\"video-1260611-2\" width=\"1160\" height=\"522\" preload=\"metadata\" controls=\"controls\"><source type=\"video\/mp4\" src=\"https:\/\/www.acapulcopress.com\/wp-content\/uploads\/2025\/10\/ROBERTO-VALFIVIA.mp4?_=2\" \/><a href=\"https:\/\/www.acapulcopress.com\/wp-content\/uploads\/2025\/10\/ROBERTO-VALFIVIA.mp4\">https:\/\/www.acapulcopress.com\/wp-content\/uploads\/2025\/10\/ROBERTO-VALFIVIA.mp4<\/a><\/video><\/div>\n<p><em>) <a href=\"http:\/\/fb.me\/steparious\" target=\"_blank\" rel=\"noopener\">fb.me\/steparious<\/a><\/em><br \/>\n<em>) <a href=\"http:\/\/fb.me\/acapulcopress\" target=\"_blank\" rel=\"noopener\">fb.me\/acapulcopress<\/a><\/em><\/p>\n","protected":false},"excerpt":{"rendered":"<p>Rodeado de familiares, amigos y conocidos, Domingo Valdivia Ram\u00edrez, creador de temas musicales como \u00abPor todo el mundo\u00bb, \u00abRosy\u00bb y<br \/>\n\u00abTu mal proceder\u00bb, que fueron \u00e9xitos con grupos de fama nacional e internacional como La Luz Roja de San Marcos y Domingo Valdivia y Compa\u00f1\u00eda, <\/p>\n","protected":false},"author":1,"featured_media":1260617,"comment_status":"closed","ping_status":"open","sticky":false,"template":"","format":"standard","meta":{"footnotes":""},"categories":[2054,1988],"tags":[18816,18817,18818,18824,18821,18820,18819,18823,18822,11578],"class_list":["post-1260611","post","type-post","status-publish","format-standard","has-post-thumbnail","hentry","category-entertainment","category-lifestyles","tag-por-todo-el-mundo","tag-rosy","tag-tu-mal-proceder","tag-alfredo-barrera-rios","tag-armando-flores-mejia","tag-domingo-valdivia-ramirez","tag-domingo-valdivia-y-compania","tag-grupo-trebol","tag-ignacio-carbajal-calixto","tag-la-luz-roja-de-san-marcos"],"_links":{"self":[{"href":"https:\/\/www.acapulcopress.com\/index.php\/wp-json\/wp\/v2\/posts\/1260611","targetHints":{"allow":["GET"]}}],"collection":[{"href":"https:\/\/www.acapulcopress.com\/index.php\/wp-json\/wp\/v2\/posts"}],"about":[{"href":"https:\/\/www.acapulcopress.com\/index.php\/wp-json\/wp\/v2\/types\/post"}],"author":[{"embeddable":true,"href":"https:\/\/www.acapulcopress.com\/index.php\/wp-json\/wp\/v2\/users\/1"}],"replies":[{"embeddable":true,"href":"https:\/\/www.acapulcopress.com\/index.php\/wp-json\/wp\/v2\/comments?post=1260611"}],"version-history":[{"count":4,"href":"https:\/\/www.acapulcopress.com\/index.php\/wp-json\/wp\/v2\/posts\/1260611\/revisions"}],"predecessor-version":[{"id":1260621,"href":"https:\/\/www.acapulcopress.com\/index.php\/wp-json\/wp\/v2\/posts\/1260611\/revisions\/1260621"}],"wp:featuredmedia":[{"embeddable":true,"href":"https:\/\/www.acapulcopress.com\/index.php\/wp-json\/wp\/v2\/media\/1260617"}],"wp:attachment":[{"href":"https:\/\/www.acapulcopress.com\/index.php\/wp-json\/wp\/v2\/media?parent=1260611"}],"wp:term":[{"taxonomy":"category","embeddable":true,"href":"https:\/\/www.acapulcopress.com\/index.php\/wp-json\/wp\/v2\/categories?post=1260611"},{"taxonomy":"post_tag","embeddable":true,"href":"https:\/\/www.acapulcopress.com\/index.php\/wp-json\/wp\/v2\/tags?post=1260611"}],"curies":[{"name":"wp","href":"https:\/\/api.w.org\/{rel}","templated":true}]}}