{"id":1260622,"date":"2025-10-06T20:32:58","date_gmt":"2025-10-07T02:32:58","guid":{"rendered":"https:\/\/www.acapulcopress.com\/?p=1260622"},"modified":"2025-10-06T20:36:07","modified_gmt":"2025-10-07T02:36:07","slug":"esthela-damian-reafirma-compromiso-por-la-paz","status":"publish","type":"post","link":"https:\/\/www.acapulcopress.com\/index.php\/2025\/10\/06\/esthela-damian-reafirma-compromiso-por-la-paz\/","title":{"rendered":"Esthela Dami\u00e1n reafirma compromiso por la paz"},"content":{"rendered":"<p><em>*\u00a0Ante legisladores federales y locales de todo el pa\u00eds present\u00f3 los logros y desaf\u00edos de la estrategia de paz del gobierno de la presidenta Claudia Sheinbaum<\/em><br \/>\n<strong><em>* Inform\u00f3 que en el primer a\u00f1o de gobierno ya se han atendido m\u00e1s de 5 mil j\u00f3venes, gracias al modelo de Sembradores de Paz<\/em><\/strong><\/p>\n<p>CIUDAD DE M\u00c9XICO * 5 de octubre 2025<br \/>\n<em>) Especial\u00a0<\/em><br \/>\nLa subsecretaria de <em>Prevenci\u00f3n de la Secretar\u00eda de Seguridad y Protecci\u00f3n Ciudadana (SSPC),<\/em><strong> Esthela Dami\u00e1n Peralta<\/strong>, particip\u00f3 en el <em>Encuentro Nacional por la Defensa de la Transformaci\u00f3n,<\/em> donde present\u00f3 los logros y desaf\u00edos de la estrategia de paz del gobierno de la presidenta de M\u00e9xico, <strong>Claudia Sheinbaum<\/strong>.<\/p>\n<p>Durante su participaci\u00f3n, ante legisladores federales y locales de todo el pa\u00eds, la funcionaria federal destac\u00f3 que su v\u00ednculo con la presidenta Sheinbaum data de sus a\u00f1os en la Ciudad de M\u00e9xico, en su gesti\u00f3n como <em>Jefa de Gobierno<\/em> de la capital. Ah\u00ed se fueron trazando los ejes estructurales de la estrategia de seguridad y prevenci\u00f3n que hoy se despliega a escala nacional en cuatro ejes prioritarios:<\/p>\n<p><em>1. Atenci\u00f3n a las causas de la violencia;<\/em><br \/>\n<em>2. Consolidaci\u00f3n de la Guardia Nacional; <\/em><br \/>\n<em>3. Fortalecimiento de la inteligencia e investigaci\u00f3n; <\/em><br \/>\n<em>4 Coordinaci\u00f3n institucional y federativa.<\/em><\/p>\n<p>Esthela Dami\u00e1n puntualiz\u00f3 que esta estrategia no es reactiva, sino preventiva y humanista.<\/p>\n<p>En el primer a\u00f1o de gobierno ya se han atendido m\u00e1s de 5 mil j\u00f3venes, gracias al modelo de <em>Sembradores de Paz<\/em>, cuyos brigadistas laboran directamente en territorio, puerta por puerta, para detectar necesidades y ofrecer acompa\u00f1amiento integral con m\u00e1s de 25 instituciones del Estado.<\/p>\n<p>Asimismo, se\u00f1al\u00f3 que no cualquier zona se convierte en \u201cZona de Paz\u201d, solo aquellas con caracter\u00edsticas espec\u00edficas como una alta densidad de j\u00f3venes, pobreza, presencia de comunidades ind\u00edgenas y altos \u00edndices delictivos se vuelven prioridad para una intervenci\u00f3n focalizada.<\/p>\n<p>En materia de bienestar, las Jornadas de Paz llevan pensiones para adultos mayores, apoyos para personas con discapacidad y servicios integrales que restituyen el tejido social.<\/p>\n<p>\u201cNo ofrecemos un empleo temporal, sino un cambio de vida; no dejamos una carpeta abierta, abrazamos a la familia con dignidad\u201d, expres\u00f3.<br \/>\nDurante el evento que organiz\u00f3 el Instituto Nacional de Formaci\u00f3n Pol\u00edtica, tambi\u00e9n se resaltaron los resultados nacionales vinculados a la estrategia de seguridad.<\/p>\n<p>El mensaje central reson\u00f3 con claridad.<\/p>\n<p>\u00abLa transformaci\u00f3n no es un discurso, es un mandato \u00e9tico. Bajo el liderazgo de Claudia Sheinbaum, el gobierno apuesta por una paz duradera que comienza con dignidad, justicia y oportunidades para todos\u00bb, destac\u00f3.<\/p>\n<p>359<a href=\"https:\/\/www.acapulcopress.com\/wp-content\/uploads\/2025\/10\/esthela-damian2.jpg\"><img loading=\"lazy\" decoding=\"async\" class=\"alignleft size-cmsmasterssquarethumb wp-image-1260625\" src=\"https:\/\/www.acapulcopress.com\/wp-content\/uploads\/2025\/10\/esthela-damian2.jpg\" alt=\"\" width=\"1531\" height=\"1021\" srcset=\"https:\/\/www.acapulcopress.com\/wp-content\/uploads\/2025\/10\/esthela-damian2.jpg 1531w, https:\/\/www.acapulcopress.com\/wp-content\/uploads\/2025\/10\/esthela-damian2-300x200.jpg 300w, https:\/\/www.acapulcopress.com\/wp-content\/uploads\/2025\/10\/esthela-damian2-1024x683.jpg 1024w, https:\/\/www.acapulcopress.com\/wp-content\/uploads\/2025\/10\/esthela-damian2-768x512.jpg 768w, https:\/\/www.acapulcopress.com\/wp-content\/uploads\/2025\/10\/esthela-damian2-580x387.jpg 580w, https:\/\/www.acapulcopress.com\/wp-content\/uploads\/2025\/10\/esthela-damian2-860x574.jpg 860w, https:\/\/www.acapulcopress.com\/wp-content\/uploads\/2025\/10\/esthela-damian2-1160x774.jpg 1160w, https:\/\/www.acapulcopress.com\/wp-content\/uploads\/2025\/10\/esthela-damian2-1320x880.jpg 1320w\" sizes=\"auto, (max-width: 1531px) 100vw, 1531px\" \/><\/a><\/p>\n<p><em>) <a href=\"http:\/\/fb.me\/steparious\" target=\"_blank\" rel=\"noopener\">fb.me\/steparious<\/a><\/em><br \/>\n<em>)<a href=\"http:\/\/fb.me\/acapulcopress\" target=\"_blank\" rel=\"noopener\"> fb.me\/acapulcopress<\/a><\/em><\/p>\n","protected":false},"excerpt":{"rendered":"<p>La subsecretaria de Prevenci\u00f3n de la Secretar\u00eda de Seguridad y Protecci\u00f3n Ciudadana (SSPC), Esthela Dami\u00e1n Peralta, particip\u00f3 en el Encuentro Nacional por la Defensa de la Transformaci\u00f3n, donde present\u00f3 los logros y desaf\u00edos de la estrategia de paz del gobierno de la presidenta de M\u00e9xico, Claudia Sheinbaum.<\/p>\n<p>Durante su participaci\u00f3n, ante legisladores federales y locales de todo el pa\u00eds, la funcionaria federal destac\u00f3 que su v\u00ednculo con la presidenta Sheinbaum data de sus a\u00f1os en la Ciudad de M\u00e9xico, en su gesti\u00f3n como Jefa de Gobierno de la capital. Ah\u00ed se fueron trazando los ejes estructurales de la estrategia de seguridad y prevenci\u00f3n que hoy se despliega a escala nacional en cuatro ejes prioritarios:<br \/>\n1. Atenci\u00f3n a las causas de la violencia;<\/p>\n","protected":false},"author":1,"featured_media":1260624,"comment_status":"closed","ping_status":"open","sticky":false,"template":"","format":"standard","meta":{"footnotes":""},"categories":[2009],"tags":[5851,18825,8176,18826],"class_list":["post-1260622","post","type-post","status-publish","format-standard","has-post-thumbnail","hentry","category-politics","tag-claudia-sheinbaum","tag-encuentro-nacional-por-la-defensa-de-la-transformacion","tag-esthela-damian-peralta","tag-sembradores-de-paz"],"_links":{"self":[{"href":"https:\/\/www.acapulcopress.com\/index.php\/wp-json\/wp\/v2\/posts\/1260622","targetHints":{"allow":["GET"]}}],"collection":[{"href":"https:\/\/www.acapulcopress.com\/index.php\/wp-json\/wp\/v2\/posts"}],"about":[{"href":"https:\/\/www.acapulcopress.com\/index.php\/wp-json\/wp\/v2\/types\/post"}],"author":[{"embeddable":true,"href":"https:\/\/www.acapulcopress.com\/index.php\/wp-json\/wp\/v2\/users\/1"}],"replies":[{"embeddable":true,"href":"https:\/\/www.acapulcopress.com\/index.php\/wp-json\/wp\/v2\/comments?post=1260622"}],"version-history":[{"count":5,"href":"https:\/\/www.acapulcopress.com\/index.php\/wp-json\/wp\/v2\/posts\/1260622\/revisions"}],"predecessor-version":[{"id":1260629,"href":"https:\/\/www.acapulcopress.com\/index.php\/wp-json\/wp\/v2\/posts\/1260622\/revisions\/1260629"}],"wp:featuredmedia":[{"embeddable":true,"href":"https:\/\/www.acapulcopress.com\/index.php\/wp-json\/wp\/v2\/media\/1260624"}],"wp:attachment":[{"href":"https:\/\/www.acapulcopress.com\/index.php\/wp-json\/wp\/v2\/media?parent=1260622"}],"wp:term":[{"taxonomy":"category","embeddable":true,"href":"https:\/\/www.acapulcopress.com\/index.php\/wp-json\/wp\/v2\/categories?post=1260622"},{"taxonomy":"post_tag","embeddable":true,"href":"https:\/\/www.acapulcopress.com\/index.php\/wp-json\/wp\/v2\/tags?post=1260622"}],"curies":[{"name":"wp","href":"https:\/\/api.w.org\/{rel}","templated":true}]}}