{"id":1260633,"date":"2025-10-06T21:16:29","date_gmt":"2025-10-07T03:16:29","guid":{"rendered":"https:\/\/www.acapulcopress.com\/?p=1260633"},"modified":"2025-10-06T21:17:30","modified_gmt":"2025-10-07T03:17:30","slug":"se-diversificara-y-desentralizara-el-turismo-evelyn-salgado","status":"publish","type":"post","link":"https:\/\/www.acapulcopress.com\/index.php\/2025\/10\/06\/se-diversificara-y-desentralizara-el-turismo-evelyn-salgado\/","title":{"rendered":"Se diversificara y desentralizara el turismo | Evelyn Salgado"},"content":{"rendered":"<p><em>* <strong>En este pa\u00eds no hay negocio grande o tranza grande sin el visto bueno del presidente: AMLO<\/strong><\/em><br \/>\n<em>* Quien robe al pueblo, enfrentar\u00e1 a la justicia: Claudia Sheinbaum.<\/em><\/p>\n<p>Tercera V\u00eda<br \/>\n\u00bb <a href=\"https:\/\/www.facebook.com\/profile.php?id=100029214670744\" target=\"_blank\" rel=\"noopener\"><strong>ERNESTO<\/strong> | <strong>RIVERA RODR\u00cdGUEZ<\/strong><\/a><\/p>\n<p>Con este nuevo plan se cristaliza la pol\u00edtica de descentralizaci\u00f3n tur\u00edstica y constituye la piedra angular de todas las acciones de gobierno para consolidar al turismo en las ocho regiones del estado.<\/p>\n<p>Al aprobarse por unanimidad el Programa Sectorial de Turismo 2025-2027, realizado en Acapulco, se establece una ruta para posicionar al estado como un referente nacional e internacional en el sector.<\/p>\n<p>La gobernadora<strong> Evelyn Cesia Salgado Pineda<\/strong> ha dado el inicio de su cuarto a\u00f1o de gobierno a \u00abtambor batiente\u00bb, desde la ruta que al llevar al turismo como principal motor del desarrollo econ\u00f3mico de Guerrero, transversalmente se permite desarrollar el resto de todos los rubros de gobierno, c\u00f3mo lo es la seguridad, la salud, la educaci\u00f3n y la obra publica de alto impacto, como el desarrollo social de la poblaci\u00f3n.<\/p>\n<p>En este marco la gobernadora anunci\u00f3 la creaci\u00f3n enviada al Congreso local la propuesta para institucionalizar el Premio Estatal al M\u00e9rito Tur\u00edstico, con el fin de reconocer a quienes han contribuido al desarrollo del sector.<\/p>\n<p>El titular de Fonatur Sebasti\u00e1n Ram\u00edrez Mendoza reconoci\u00f3 dicha estrategia<br \/>\nde descentralizaci\u00f3n impulsada por el gobierno estatal, destacando que Guerrero re\u00fane las claves para llevar a cabo dicho programa. En tanto el secretario del ramo estatal Sim\u00f3n Qui\u00f1ones Orozco, subray\u00f3 que, tras 45 a\u00f1os de concentraci\u00f3n de llamado \u00abTri\u00e1ngulo Tur\u00edstico\u00bb, se avanza hacia un modelo m\u00e1s amplio bajo la visi\u00f3n de la gobernadora.<\/p>\n<p>Uno de los lastres que han detenido el desarrollo sostenido del sector ha sido hasta el presente la grave divisi\u00f3n existente entre los diferentes grupos y asociaciones tur\u00edsticos en todos sus niveles de prestaci\u00f3n de dichos servicios.<\/p>\n<p>Lo que ha tra\u00eddo hasta la fecha una total descoordinaci\u00f3n en la conjugaci\u00f3n integral en las pol\u00edticas privadas y p\u00fablicas con una inadecuada y desordenada proposici\u00f3n de las m\u00faltiples y maravillosas atracciones del ic\u00f3nico destino que es Acapulco, a nivel nacional e internacional.<\/p>\n<p>Lo grave de esta divisi\u00f3n es la \u00abdiscriminaci\u00f3n\u00bb ancestralmente existente entre los que se sienten \u00abgen\u00e9ticamente\u00bb fundadores del turismo en Acapulco que hasta la fecha siguen exigiendo su jefatura, entre quienes de las nuevas generaciones de l\u00edderes reconocidos y el innegable empuje que han puesto sus grandes inversiones e intereses, es exigente dejar esas divisiones que tanto da\u00f1o hacen no s\u00f3lo al turismo, a la sociedad en su conjunto, como a la misma aplicaci\u00f3n de los programas de descentralizaci\u00f3n que hoy impulsa la gobernadora Evelyn Salgado.<\/p>\n<p>Hay mucho quehacer. Mucho.<\/p>\n<p><em>) <a href=\"http:\/\/fb.me\/steparious\" target=\"_blank\" rel=\"noopener\">fb.me\/steparious<\/a><\/em><br \/>\n<em>)<a href=\"http:\/\/fb.me\/acapulcopress\" target=\"_blank\" rel=\"noopener\"> fb.me\/acapulcopress<\/a><\/em><\/p>\n","protected":false},"excerpt":{"rendered":"<p>Con este nuevo plan se cristaliza la pol\u00edtica de descentralizaci\u00f3n tur\u00edstica y constituye la piedra angular de todas las acciones <\/p>\n","protected":false},"author":1,"featured_media":1260634,"comment_status":"closed","ping_status":"open","sticky":false,"template":"","format":"standard","meta":{"footnotes":""},"categories":[2071,1991],"tags":[8065,8242,17071],"class_list":["post-1260633","post","type-post","status-publish","format-standard","has-post-thumbnail","hentry","category-opinion-analisis-columnas","category-libertad-de-expresion","tag-ernesto-rodriguez-rivera","tag-evelyn-cesia-salgado-pineda","tag-tercera-via"],"_links":{"self":[{"href":"https:\/\/www.acapulcopress.com\/index.php\/wp-json\/wp\/v2\/posts\/1260633","targetHints":{"allow":["GET"]}}],"collection":[{"href":"https:\/\/www.acapulcopress.com\/index.php\/wp-json\/wp\/v2\/posts"}],"about":[{"href":"https:\/\/www.acapulcopress.com\/index.php\/wp-json\/wp\/v2\/types\/post"}],"author":[{"embeddable":true,"href":"https:\/\/www.acapulcopress.com\/index.php\/wp-json\/wp\/v2\/users\/1"}],"replies":[{"embeddable":true,"href":"https:\/\/www.acapulcopress.com\/index.php\/wp-json\/wp\/v2\/comments?post=1260633"}],"version-history":[{"count":3,"href":"https:\/\/www.acapulcopress.com\/index.php\/wp-json\/wp\/v2\/posts\/1260633\/revisions"}],"predecessor-version":[{"id":1260637,"href":"https:\/\/www.acapulcopress.com\/index.php\/wp-json\/wp\/v2\/posts\/1260633\/revisions\/1260637"}],"wp:featuredmedia":[{"embeddable":true,"href":"https:\/\/www.acapulcopress.com\/index.php\/wp-json\/wp\/v2\/media\/1260634"}],"wp:attachment":[{"href":"https:\/\/www.acapulcopress.com\/index.php\/wp-json\/wp\/v2\/media?parent=1260633"}],"wp:term":[{"taxonomy":"category","embeddable":true,"href":"https:\/\/www.acapulcopress.com\/index.php\/wp-json\/wp\/v2\/categories?post=1260633"},{"taxonomy":"post_tag","embeddable":true,"href":"https:\/\/www.acapulcopress.com\/index.php\/wp-json\/wp\/v2\/tags?post=1260633"}],"curies":[{"name":"wp","href":"https:\/\/api.w.org\/{rel}","templated":true}]}}