{"id":1260653,"date":"2025-10-07T09:24:46","date_gmt":"2025-10-07T15:24:46","guid":{"rendered":"https:\/\/www.acapulcopress.com\/?p=1260653"},"modified":"2025-10-07T09:38:10","modified_gmt":"2025-10-07T15:38:10","slug":"chofer-principal-sospechoso-de-homicidio-del-parroco-bertoldo","status":"publish","type":"post","link":"https:\/\/www.acapulcopress.com\/index.php\/2025\/10\/07\/chofer-principal-sospechoso-de-homicidio-del-parroco-bertoldo\/","title":{"rendered":"Chofer, principal sospechoso de homicidio del p\u00e1rroco Bertoldo"},"content":{"rendered":"<p>CIUDAD DE M\u00c9XICO * 7 de octubre 2025<br \/>\n<em>) Gabinete de Seguridad Nacional<\/em><br \/>\nEl chofer es el principal sospechoso de la muerte del p\u00e1rroco de la parroquia de San Crist\u00f3bal de Mezcala, Guerrero, <strong>Bertoldo Pantal\u00e9on Estrada<\/strong>, inform\u00f3 esta ma\u00f1ana el secretario de Seguridad federal, <strong>Omar Garc\u00eda Harfuch<\/strong>.<\/p>\n<p>El funcionario, integrante del Gabinete de Seguridad de la presidenta de M\u00e9xico, <strong>Claudia Sheinbaum Pardo<\/strong>, detall\u00f3 que, de acuerdo a datos de la Fiscal\u00eda General de Guerrero, el sacerdote, que hab\u00eda sido reportado por la Di\u00f3cesis Chilpancingo-Chilapa en pasado 4 de octubre en Atzcala, Cocula,, y hallado sin vida ayer, a eso de las 14:30 horas, en una brecha de la carretera federal Acapulco-M\u00e9xico, a la altura de la comunidad de Milpillas, municipio de Eduardo Neri (Zumpango), fue asesinado arriba de su propia camioneta mientras se dirig\u00eda a oficiar una misa.<\/p>\n<p>Harfuch Garc\u00eda complement\u00f3 que se descarta una ejecuci\u00f3n del crimen organizado debido a que no existen informes de que Bertoldo Pantale\u00f3n tuviera problemas con bandas delictivas de la regi\u00f3n ni de ninguna otra parte.<\/p>\n<p>Las investigaciones contin\u00faan y de momento la Secretar\u00eda de Seguridad P\u00fablica y Protecci\u00f3n Ciudadana de M\u00e9xico trabaja cn coordinaci\u00f3n con la Fiscal\u00eda General de Guerrero para documentar el m\u00f3vil del crimen.<\/p>\n<p>En tanto, la Secretar\u00eda de Gobernaci\u00f3n mantiene contacto con la Iglesia Cat\u00f3lica en el seguimiento del caso, inform\u00f3 la presidenta Sheinbaum durante el tema abordado en su conferencia matutina de este martes desde Palacio Nacional.<\/p>\n<div style=\"width: 816px;\" class=\"wp-video\"><video class=\"wp-video-shortcode\" id=\"video-1260653-1\" width=\"816\" height=\"464\" preload=\"metadata\" controls=\"controls\"><source type=\"video\/mp4\" src=\"https:\/\/www.acapulcopress.com\/wp-content\/uploads\/2025\/10\/CHOFER-BERTOLDO-ASESINO.mp4?_=1\" \/><a href=\"https:\/\/www.acapulcopress.com\/wp-content\/uploads\/2025\/10\/CHOFER-BERTOLDO-ASESINO.mp4\">https:\/\/www.acapulcopress.com\/wp-content\/uploads\/2025\/10\/CHOFER-BERTOLDO-ASESINO.mp4<\/a><\/video><\/div>\n<p>) fb.me\/steparious<br \/>\n) fb.me\/acapulcopress<\/p>\n","protected":false},"excerpt":{"rendered":"<p>El chofer es el principal sospechoso de la muerte del p\u00e1rroco de la parroquia de San Crist\u00f3bal de Mezcala, Guerrero, Bertoldo Pantal\u00e9on Estrada, inform\u00f3 esta ma\u00f1ana el secretario de Seguridad federal, Omar Garc\u00eda Harfuch.<\/p>\n","protected":false},"author":1,"featured_media":1260655,"comment_status":"closed","ping_status":"open","sticky":false,"template":"","format":"standard","meta":{"footnotes":""},"categories":[1972],"tags":[18814,5853,18829,13940],"class_list":["post-1260653","post","type-post","status-publish","format-standard","has-post-thumbnail","hentry","category-special","tag-bertoldo-pantaleon-estrada","tag-claudia-sheinbaum-pardo","tag-diocesis-chilpancingo-chilapa","tag-omar-garcia-harfuch"],"_links":{"self":[{"href":"https:\/\/www.acapulcopress.com\/index.php\/wp-json\/wp\/v2\/posts\/1260653","targetHints":{"allow":["GET"]}}],"collection":[{"href":"https:\/\/www.acapulcopress.com\/index.php\/wp-json\/wp\/v2\/posts"}],"about":[{"href":"https:\/\/www.acapulcopress.com\/index.php\/wp-json\/wp\/v2\/types\/post"}],"author":[{"embeddable":true,"href":"https:\/\/www.acapulcopress.com\/index.php\/wp-json\/wp\/v2\/users\/1"}],"replies":[{"embeddable":true,"href":"https:\/\/www.acapulcopress.com\/index.php\/wp-json\/wp\/v2\/comments?post=1260653"}],"version-history":[{"count":2,"href":"https:\/\/www.acapulcopress.com\/index.php\/wp-json\/wp\/v2\/posts\/1260653\/revisions"}],"predecessor-version":[{"id":1260657,"href":"https:\/\/www.acapulcopress.com\/index.php\/wp-json\/wp\/v2\/posts\/1260653\/revisions\/1260657"}],"wp:featuredmedia":[{"embeddable":true,"href":"https:\/\/www.acapulcopress.com\/index.php\/wp-json\/wp\/v2\/media\/1260655"}],"wp:attachment":[{"href":"https:\/\/www.acapulcopress.com\/index.php\/wp-json\/wp\/v2\/media?parent=1260653"}],"wp:term":[{"taxonomy":"category","embeddable":true,"href":"https:\/\/www.acapulcopress.com\/index.php\/wp-json\/wp\/v2\/categories?post=1260653"},{"taxonomy":"post_tag","embeddable":true,"href":"https:\/\/www.acapulcopress.com\/index.php\/wp-json\/wp\/v2\/tags?post=1260653"}],"curies":[{"name":"wp","href":"https:\/\/api.w.org\/{rel}","templated":true}]}}