{"id":1260658,"date":"2025-10-07T17:25:58","date_gmt":"2025-10-07T23:25:58","guid":{"rendered":"https:\/\/www.acapulcopress.com\/?p=1260658"},"modified":"2025-10-07T17:45:22","modified_gmt":"2025-10-07T23:45:22","slug":"guerrero-se-suma-al-plan-mexico-para-atraer-mayor-inversion","status":"publish","type":"post","link":"https:\/\/www.acapulcopress.com\/index.php\/2025\/10\/07\/guerrero-se-suma-al-plan-mexico-para-atraer-mayor-inversion\/","title":{"rendered":"Guerrero se suma al \u201cPlan M\u00e9xico\u201d para atraer mayor inversi\u00f3n al estado"},"content":{"rendered":"<p>CHILPANCINGO * 7 de octubre 2025<br \/>\n<em>) Gobierno de Guerrero<\/em><br \/>\nLa gobernadora <strong>Evelyn Salgado Pineda<\/strong> instal\u00f3 el<em> Comit\u00e9 Promotor de Inversiones del Estado de Guerrero,<\/em> como parte del<em> Plan M\u00e9xico<\/em> <a href=\"https:\/\/www.acapulcopress.com\/wp-content\/uploads\/2025\/10\/Plan-Mexico10.jpg\"><img loading=\"lazy\" decoding=\"async\" class=\"alignleft wp-image-1260668 size-cmsmasters-square-thumb\" src=\"https:\/\/www.acapulcopress.com\/wp-content\/uploads\/2025\/10\/Plan-Mexico10-360x360.jpg\" alt=\"\" width=\"360\" height=\"360\" srcset=\"https:\/\/www.acapulcopress.com\/wp-content\/uploads\/2025\/10\/Plan-Mexico10-360x360.jpg 360w, https:\/\/www.acapulcopress.com\/wp-content\/uploads\/2025\/10\/Plan-Mexico10-150x150.jpg 150w, https:\/\/www.acapulcopress.com\/wp-content\/uploads\/2025\/10\/Plan-Mexico10-70x70.jpg 70w\" sizes=\"auto, (max-width: 360px) 100vw, 360px\" \/><\/a>impulsado por la presidenta <strong>Claudia Sheinbaum Pardo<\/strong> a trav\u00e9s de la <em>Secretar\u00eda de Econom\u00eda<\/em>, con el prop\u00f3sito de generar un espacio formal de di\u00e1logo entre los sectores federal, estatal y empresarial para atraer inversiones y fortalecer la econom\u00eda regional.<\/p>\n<p>En su mensaje, la mandataria estatal resalt\u00f3 que desde el inicio de su administraci\u00f3n se han impulsado pol\u00edticas de certeza jur\u00eddica, fortalecimiento de infraestructura carretera y mejora de la seguridad p\u00fablica, con el fin de atraer m\u00e1s inversiones y fomentar el crecimiento econ\u00f3mico de Guerrero.<\/p>\n<p>Agreg\u00f3 que la instalaci\u00f3n de este comit\u00e9 representa un paso muy importante que refleja la nueva visi\u00f3n de desarrollo econ\u00f3mico del pa\u00eds y cumple el compromiso de la presidenta Claudia Sheinbaum para fortalecer a los estados y sus regiones.<\/p>\n<p>Salgado Pineda destac\u00f3 que el Plan M\u00e9xico es una estrategia integral para atraer inversiones, generar empleos y fortalecer las vocaciones productivas de cada entidad.<\/p>\n<p>\u201cEn las ocho regiones tenemos riqueza y talento; no hay una sola regi\u00f3n que no tenga algo que ofrecer a M\u00e9xico y al mundo. Guerrero representa la oportunidad de consolidar un modelo de desarrollo inclusivo, sostenible y con justicia social\u201d, se\u00f1al\u00f3.<\/p>\n<p><a href=\"https:\/\/www.acapulcopress.com\/wp-content\/uploads\/2025\/10\/Plan-Mexico8.jpg\"><img loading=\"lazy\" decoding=\"async\" class=\"alignleft wp-image-1260666 size-cmsmasters-square-thumb\" src=\"https:\/\/www.acapulcopress.com\/wp-content\/uploads\/2025\/10\/Plan-Mexico8-360x360.jpg\" alt=\"\" width=\"360\" height=\"360\" srcset=\"https:\/\/www.acapulcopress.com\/wp-content\/uploads\/2025\/10\/Plan-Mexico8-360x360.jpg 360w, https:\/\/www.acapulcopress.com\/wp-content\/uploads\/2025\/10\/Plan-Mexico8-150x150.jpg 150w, https:\/\/www.acapulcopress.com\/wp-content\/uploads\/2025\/10\/Plan-Mexico8-70x70.jpg 70w\" sizes=\"auto, (max-width: 360px) 100vw, 360px\" \/><\/a>Durante el evento participaron organismos empresariales, productores, artesanos, industriales, grupos comerciales y representantes de empresas mineras, que integran el potencial econ\u00f3mico de Guerrero, que tiene a 49 municipios con vocaci\u00f3n tur\u00edstica.<\/p>\n<p>En este marco, la gobernadora Evelyn Salgado acompa\u00f1\u00f3 la entrega de 11 autorizaciones de las marcas \u201cHecho en M\u00e9xico\u201d y \u201cHecho en Guerrero\u201d a empresas locales, como un reconocimiento a su calidad y compromiso con el desarrollo regional.<\/p>\n<p>Adem\u00e1s, la Secretar\u00eda de Econom\u00eda inici\u00f3 en Guerrero las Consultas Estatales sobre el Tratado entre M\u00e9xico, Estados Unidos y Canad\u00e1 (T-MEC), convirtiendo a la entidad en los primeros estados del pa\u00eds en realizar este foro.<\/p>\n<p>La gobernadora subray\u00f3 la relevancia de este proceso para la econom\u00eda estatal, ya que el 70% de las exportaciones guerrerenses tienen como destino Estados Unidos.<\/p>\n<p>\u201cSeguiremos trabajando de manera coordinada con el Gobierno de M\u00e9xico y los sectores productivos para fortalecer las capacidades log\u00edsticas, mejorar la calidad de nuestros productos y aprovechar las nuevas oportunidades que se abren\u201d, expres\u00f3 Salgado Pineda.<\/p>\n<p>En el encuentro participaron Carlos Candelaria L\u00f3pez, titular de la Unidad de Prospectiva, Planeaci\u00f3n y Evaluaci\u00f3n, y jefe de la Unidad para 679769la Atenci\u00f3n a Corredores del Bienestar; Mar\u00eda de Haas Matamoros, coordinadora General del Corredor Centro &#8211; Pac\u00edfico de la Secretar\u00eda de Econom\u00eda y B\u00e1rbara Botello Santib\u00e1\u00f1ez, responsable del relanzamiento de la marca \u00abHecho en M\u00e9xico\u00bb.<\/p>\n<p>Adem\u00e1s, el empresario Juan Antonio Hern\u00e1ndez Venegas, presidente de Grupo Autofin; la secretaria de Fomento y Desarrollo Econ\u00f3mico, Teodora Ram\u00edrez Vega, y las y los alcaldes de Iguala, Erik Catal\u00e1n Rend\u00f3n; de Taxco, Juan Andr\u00e9s Vega Carranza; de Zihuatanejo, Lizette Tapia Castro y Eduardo Neri, Sara Salinas Bravo, entre otros funcionarios estatales y federales.<\/p>\n<p>Con este esfuerzo, el gobierno de Guerrero reafirma su compromiso con un desarrollo econ\u00f3mico sostenible, basado en la confianza, inversi\u00f3n y colaboraci\u00f3n entre todos los sectores.<\/p>\n<p><em>) fb.me\/steparious<\/em><br \/>\n<em>) fb.me\/acapulcopress<\/em><\/p>\n","protected":false},"excerpt":{"rendered":"<p>CHILPANCINGO * 7 de octubre 2025 ) Gobierno de Guerrero La gobernadora Evelyn Salgado Pineda instal\u00f3 el Comit\u00e9 Promotor de Inversiones del Estado de Guerrero, como parte del Plan M\u00e9xico impulsado por la presidenta Claudia Sheinbaum Pardo a trav\u00e9s de la Secretar\u00eda de Econom\u00eda, con el prop\u00f3sito de generar un espacio formal de di\u00e1logo entre&#8230;<\/p>\n","protected":false},"author":1,"featured_media":1260660,"comment_status":"closed","ping_status":"open","sticky":false,"template":"","format":"standard","meta":{"footnotes":""},"categories":[1980,1983],"tags":[2274,5853,18830,8251,18831],"class_list":["post-1260658","post","type-post","status-publish","format-standard","has-post-thumbnail","hentry","category-goverment-2","category-guerrerogob","tag-plan-mexico","tag-claudia-sheinbaum-pardo","tag-comite-promotor-de-inversiones-del-estado-de-guerrero","tag-evelyn-salgado-pineda","tag-secretaria-de-economia-mexico"],"_links":{"self":[{"href":"https:\/\/www.acapulcopress.com\/index.php\/wp-json\/wp\/v2\/posts\/1260658","targetHints":{"allow":["GET"]}}],"collection":[{"href":"https:\/\/www.acapulcopress.com\/index.php\/wp-json\/wp\/v2\/posts"}],"about":[{"href":"https:\/\/www.acapulcopress.com\/index.php\/wp-json\/wp\/v2\/types\/post"}],"author":[{"embeddable":true,"href":"https:\/\/www.acapulcopress.com\/index.php\/wp-json\/wp\/v2\/users\/1"}],"replies":[{"embeddable":true,"href":"https:\/\/www.acapulcopress.com\/index.php\/wp-json\/wp\/v2\/comments?post=1260658"}],"version-history":[{"count":2,"href":"https:\/\/www.acapulcopress.com\/index.php\/wp-json\/wp\/v2\/posts\/1260658\/revisions"}],"predecessor-version":[{"id":1260670,"href":"https:\/\/www.acapulcopress.com\/index.php\/wp-json\/wp\/v2\/posts\/1260658\/revisions\/1260670"}],"wp:featuredmedia":[{"embeddable":true,"href":"https:\/\/www.acapulcopress.com\/index.php\/wp-json\/wp\/v2\/media\/1260660"}],"wp:attachment":[{"href":"https:\/\/www.acapulcopress.com\/index.php\/wp-json\/wp\/v2\/media?parent=1260658"}],"wp:term":[{"taxonomy":"category","embeddable":true,"href":"https:\/\/www.acapulcopress.com\/index.php\/wp-json\/wp\/v2\/categories?post=1260658"},{"taxonomy":"post_tag","embeddable":true,"href":"https:\/\/www.acapulcopress.com\/index.php\/wp-json\/wp\/v2\/tags?post=1260658"}],"curies":[{"name":"wp","href":"https:\/\/api.w.org\/{rel}","templated":true}]}}