{"id":1260675,"date":"2025-10-07T15:13:59","date_gmt":"2025-10-07T21:13:59","guid":{"rendered":"https:\/\/www.acapulcopress.com\/?p=1260675"},"modified":"2025-10-07T18:28:02","modified_gmt":"2025-10-08T00:28:02","slug":"proponen-incluir-redes-sociales-en-la-ley-para-reconocer-riesgos-contra-la-ninez","status":"publish","type":"post","link":"https:\/\/www.acapulcopress.com\/index.php\/2025\/10\/07\/proponen-incluir-redes-sociales-en-la-ley-para-reconocer-riesgos-contra-la-ninez\/","title":{"rendered":"Proponen incluir redes sociales en la ley para reconocer riesgos contra la ni\u00f1ez"},"content":{"rendered":"<p>CHILPANCINGO * 7 de octubre 2025<br \/>\n<em>) LXVI Legislatura | Guerrero<\/em><br \/>\nLa diputada <strong>Leticia Mosso Hern\u00e1ndez<\/strong> propuso reformas y adiciones a la <em>Ley para la Protecci\u00f3n de los Derechos de las Ni\u00f1as, Ni\u00f1os y Adolescentes<\/em> del Estado para incluir definiciones sobre redes sociales y medios de comunicaci\u00f3n, con el fin de que se promuevan campa\u00f1as de prevenci\u00f3n frente a riesgos digitales, como ciberacoso y violencia en l\u00ednea, y garantizar la integridad y desarrollo de la ni\u00f1ez y adolescencia.<\/p>\n<p>En la propuesta que se turn\u00f3 a la<em> Comisi\u00f3n de los Derechos de las Ni\u00f1as, Ni\u00f1os y Adolescentes<\/em>, la diputada argument\u00f3 que las redes sociales, los medios de comunicaci\u00f3n y los juegos en l\u00ednea, si bien han abierto puertas al conocimiento, expresi\u00f3n e interconexi\u00f3n global, tambi\u00e9n se han convertido en un espacio altamente vulnerable para las y los menores.<\/p>\n<p>Dijo que cifras nacionales sobre acoso digital, trata de personas, violencia psicol\u00f3gica, sexualizaci\u00f3n temprana y exposici\u00f3n a contenidos nocivos, revelan una realidad alarmante que no se puede ignorar, por lo que es necesario contar con una legislaci\u00f3n s\u00f3lida, actualizada y humana, capaz de responder a los desaf\u00edos que enfrentan las ni\u00f1as, ni\u00f1os y adolescentes en el entorno digital.<\/p>\n<p>Por ello, propone incluir en el glosario de la Ley para la Protecci\u00f3n de los Derechos de las Ni\u00f1as, Ni\u00f1os y Adolescentes del Estado la conceptualizaci\u00f3n de lo que debe entenderse por redes sociales y medios de comunicaci\u00f3n.<\/p>\n<p>Asimismo, se contempla que las autoridades del Estado y de los Municipios establezcan mecanismos y realicen campa\u00f1as permanentes de concientizaci\u00f3n dirigidas a madres, padres, tutores, tutoras, hijas e hijos, para prevenir riesgos relacionados con el uso de redes sociales, videojuegos o cualquier otro medio de comunicaci\u00f3n que pueda inducir a la violencia, delincuencia o cualquier situaci\u00f3n que da\u00f1e la integridad f\u00edsica, psicol\u00f3gica o emocional de la ni\u00f1ez.<\/p>\n<p>\u201cCon esto se pretende garantizar la protecci\u00f3n de ni\u00f1as, ni\u00f1os y adolescentes en el acceso y uso de internet y redes sociales, promoviendo pol\u00edticas de prevenci\u00f3n, atenci\u00f3n y sanci\u00f3n de diversos ciberdelitos que afecten su dignidad y seguridad, mediante el uso de tecnolog\u00edas de la informaci\u00f3n.<\/p>\n<p><strong>Iniciativas<\/strong><\/p>\n<p>La Mesa Directiva dio lectura a oficio signado por la Mtra. Evelyn Salgado Pineda, gobernadora del Estado de Guerrero, por el que remite la iniciativa de reforma a diversas disposiciones de la Ley del Equilibrio Ecol\u00f3gico y la Protecci\u00f3n al Ambiente del Estado. Fue turnado a la Comisi\u00f3n de Recursos Naturales, Desarrollo Sustentable y Cambio Clim\u00e1tico.<\/p>\n<p>El diputado Jes\u00fas Parra Garc\u00eda (PRI) present\u00f3 una iniciativa de adici\u00f3n a la Ley para el Bienestar del Estado de Guerrero, con el prop\u00f3sito de garantizar la inclusi\u00f3n plena y equitativa de grupos vulnerables (j\u00f3venes, adolescentes, adultos mayores, personas con discapacidad y comunidades ind\u00edgenas) a programas sociales focalizados, presupuestos etiquetados y mecanismos de supervisi\u00f3n y evaluaci\u00f3n permanente que aseguren transparencia, eficacia y respeto a sus derechos humanos. Fue turnada a la Comisi\u00f3n de Desarrollo y Bienestar Social.<\/p>\n<p>La diputada \u00c9rika Lorena L\u00fchrs Cort\u00e9s (MC) present\u00f3 una iniciativa por la que se adiciona el art\u00edculo 51 Bis a la Ley Org\u00e1nica del Municipio Libre de Guerrero, para establecer de manera expresa la obligaci\u00f3n de los Ayuntamientos de transmitir en tiempo real y de forma \u00edntegra las sesiones de Cabildo, utilizando los medios de comunicaci\u00f3n y plataformas digitales que cada gobierno municipal considere de acuerdo con sus posibilidades t\u00e9cnicas y presupuestales. Fue turnada a la Comisi\u00f3n de Asuntos Pol\u00edticos y Gobernaci\u00f3n.<\/p>\n<p><em>)<a href=\"http:\/\/fb.me\/steparious\" target=\"_blank\" rel=\"noopener\"> fb.me\/steparious<\/a> ) <a href=\"http:\/\/fb.me\/acapulcopress\" target=\"_blank\" rel=\"noopener\">fb.me\/acapulcopress<\/a><\/em><\/p>\n","protected":false},"excerpt":{"rendered":"<p>CHILPANCINGO * 7 de octubre 2025 ) LXVI Legislatura | Guerrero La diputada Leticia Mosso Hern\u00e1ndez propuso reformas y adiciones a la Ley para la Protecci\u00f3n de los Derechos de las Ni\u00f1as, Ni\u00f1os y Adolescentes del Estado para incluir definiciones sobre redes sociales y medios de comunicaci\u00f3n, con el fin de que se promuevan campa\u00f1as&#8230;<\/p>\n","protected":false},"author":1,"featured_media":1260676,"comment_status":"closed","ping_status":"open","sticky":false,"template":"","format":"standard","meta":{"footnotes":""},"categories":[2037,61],"tags":[11793,18372],"class_list":["post-1260675","post","type-post","status-publish","format-standard","has-post-thumbnail","hentry","category-congreso-de-guerrero","category-legislacion","tag-leticia-mosso-hernandez","tag-lxvi-legislatura-guerrero"],"_links":{"self":[{"href":"https:\/\/www.acapulcopress.com\/index.php\/wp-json\/wp\/v2\/posts\/1260675","targetHints":{"allow":["GET"]}}],"collection":[{"href":"https:\/\/www.acapulcopress.com\/index.php\/wp-json\/wp\/v2\/posts"}],"about":[{"href":"https:\/\/www.acapulcopress.com\/index.php\/wp-json\/wp\/v2\/types\/post"}],"author":[{"embeddable":true,"href":"https:\/\/www.acapulcopress.com\/index.php\/wp-json\/wp\/v2\/users\/1"}],"replies":[{"embeddable":true,"href":"https:\/\/www.acapulcopress.com\/index.php\/wp-json\/wp\/v2\/comments?post=1260675"}],"version-history":[{"count":2,"href":"https:\/\/www.acapulcopress.com\/index.php\/wp-json\/wp\/v2\/posts\/1260675\/revisions"}],"predecessor-version":[{"id":1260678,"href":"https:\/\/www.acapulcopress.com\/index.php\/wp-json\/wp\/v2\/posts\/1260675\/revisions\/1260678"}],"wp:featuredmedia":[{"embeddable":true,"href":"https:\/\/www.acapulcopress.com\/index.php\/wp-json\/wp\/v2\/media\/1260676"}],"wp:attachment":[{"href":"https:\/\/www.acapulcopress.com\/index.php\/wp-json\/wp\/v2\/media?parent=1260675"}],"wp:term":[{"taxonomy":"category","embeddable":true,"href":"https:\/\/www.acapulcopress.com\/index.php\/wp-json\/wp\/v2\/categories?post=1260675"},{"taxonomy":"post_tag","embeddable":true,"href":"https:\/\/www.acapulcopress.com\/index.php\/wp-json\/wp\/v2\/tags?post=1260675"}],"curies":[{"name":"wp","href":"https:\/\/api.w.org\/{rel}","templated":true}]}}