{"id":1260679,"date":"2025-10-07T18:39:18","date_gmt":"2025-10-08T00:39:18","guid":{"rendered":"https:\/\/www.acapulcopress.com\/?p=1260679"},"modified":"2025-10-07T18:41:09","modified_gmt":"2025-10-08T00:41:09","slug":"guerrero-entre-estados-con-mas-detenciones-por-extorsion","status":"publish","type":"post","link":"https:\/\/www.acapulcopress.com\/index.php\/2025\/10\/07\/guerrero-entre-estados-con-mas-detenciones-por-extorsion\/","title":{"rendered":"Guerrero, entre estados con m\u00e1s detenciones por extorsi\u00f3n"},"content":{"rendered":"<p>CHILPANCINGO * 7 de octubre 2025<br \/>\n<em>) Seguridad Guerrero<br \/>\n<\/em>En coordinaci\u00f3n con el Gabinete de Seguridad del Gobierno de M\u00e9xico, las instituciones que integran la <em>Mesa de Coordinaci\u00f3n para la Construcci\u00f3n de la Paz en Guerrero<\/em> han logrado la detenci\u00f3n de 386 personas vinculadas con el delito de extorsi\u00f3n, ubicando al estado entre las entidades con mayor n\u00famero de detenciones por este il\u00edcito.<\/p>\n<p>El resultado es producto del trabajo conjunto entre la <em>Secretar\u00eda de la Defensa Nacional<\/em>, la <em>Secretar\u00eda de Marina,<\/em> la<em> Guardia Nacional,<\/em> la<em> Fiscal\u00eda General de la Rep\u00fablica<\/em>, la <em>Fiscal\u00eda General del Estado <\/em>y la<em> Polic\u00eda Estatal,<\/em> que mantienen operativos e investigaciones permanentes para prevenir, desarticular y sancionar este delito, fortaleciendo la seguridad y la confianza ciudadana en todo el territorio guerrerense.<\/p>\n<p><em>) <a href=\"http:\/\/fb.me\/steparious\" target=\"_blank\" rel=\"noopener\">fb.me\/steparious<\/a> ) <a href=\"http:\/\/fb.me\/acapulcopress\" target=\"_blank\" rel=\"noopener\">fb.me\/acapulcopress<\/a><\/em><\/p>\n","protected":false},"excerpt":{"rendered":"<p>En coordinaci\u00f3n con el Gabinete de Seguridad del Gobierno de M\u00e9xico, las instituciones que integran la Mesa de Coordinaci\u00f3n<\/p>\n","protected":false},"author":1,"featured_media":1260680,"comment_status":"closed","ping_status":"open","sticky":false,"template":"","format":"standard","meta":{"footnotes":""},"categories":[2005],"tags":[12966,16385],"class_list":["post-1260679","post","type-post","status-publish","format-standard","has-post-thumbnail","hentry","category-seguridad-y-justicia","tag-mesa-de-coordinacion-para-la-construccion-de-la-paz-en-guerrero","tag-seguridad-guerrero"],"_links":{"self":[{"href":"https:\/\/www.acapulcopress.com\/index.php\/wp-json\/wp\/v2\/posts\/1260679","targetHints":{"allow":["GET"]}}],"collection":[{"href":"https:\/\/www.acapulcopress.com\/index.php\/wp-json\/wp\/v2\/posts"}],"about":[{"href":"https:\/\/www.acapulcopress.com\/index.php\/wp-json\/wp\/v2\/types\/post"}],"author":[{"embeddable":true,"href":"https:\/\/www.acapulcopress.com\/index.php\/wp-json\/wp\/v2\/users\/1"}],"replies":[{"embeddable":true,"href":"https:\/\/www.acapulcopress.com\/index.php\/wp-json\/wp\/v2\/comments?post=1260679"}],"version-history":[{"count":4,"href":"https:\/\/www.acapulcopress.com\/index.php\/wp-json\/wp\/v2\/posts\/1260679\/revisions"}],"predecessor-version":[{"id":1260684,"href":"https:\/\/www.acapulcopress.com\/index.php\/wp-json\/wp\/v2\/posts\/1260679\/revisions\/1260684"}],"wp:featuredmedia":[{"embeddable":true,"href":"https:\/\/www.acapulcopress.com\/index.php\/wp-json\/wp\/v2\/media\/1260680"}],"wp:attachment":[{"href":"https:\/\/www.acapulcopress.com\/index.php\/wp-json\/wp\/v2\/media?parent=1260679"}],"wp:term":[{"taxonomy":"category","embeddable":true,"href":"https:\/\/www.acapulcopress.com\/index.php\/wp-json\/wp\/v2\/categories?post=1260679"},{"taxonomy":"post_tag","embeddable":true,"href":"https:\/\/www.acapulcopress.com\/index.php\/wp-json\/wp\/v2\/tags?post=1260679"}],"curies":[{"name":"wp","href":"https:\/\/api.w.org\/{rel}","templated":true}]}}