{"id":1260702,"date":"2025-10-08T06:36:44","date_gmt":"2025-10-08T12:36:44","guid":{"rendered":"https:\/\/www.acapulcopress.com\/?p=1260702"},"modified":"2025-10-08T06:36:44","modified_gmt":"2025-10-08T12:36:44","slug":"el-magnicidio-de-alejandro-arcos-rumbo-a-la-impunidad","status":"publish","type":"post","link":"https:\/\/www.acapulcopress.com\/index.php\/2025\/10\/08\/el-magnicidio-de-alejandro-arcos-rumbo-a-la-impunidad\/","title":{"rendered":"El magnicidio de Alejandro Arcos, rumbo a la impunidad"},"content":{"rendered":"<p>Marem\u00e1gnum<br \/>\n\u00bb <a href=\"https:\/\/www.facebook.com\/ricardocastill01\" target=\"_blank\" rel=\"noopener\"><strong>RICARDO<\/strong> | <strong>CASTILLO BARRIENTOS<\/strong><\/a><br \/>\n<em>) Acapulco Press<\/em><\/p>\n<p>El lunes 6 de octubre se cumpli\u00f3 el primer a\u00f1o del abominable crimen del joven pol\u00edtico chilpancingue\u00f1o<strong> Alejandro Arcos Catal\u00e1n<\/strong>, a menos de una semana de haber asumido como presidente municipal constitucional de la capital del estado, con el ferviente deseo de pacificar la ciudad, inmersa en una vor\u00e1gine de violencia incontrolable por las fuerzas de seguridad p\u00fablica.<\/p>\n<p>Al paso de un a\u00f1o, solo se encuentra un detenido, el ex secretario de Seguridad P\u00fablica Municipal, teniente en retiro, Germ\u00e1n Reyes, hasta la fecha no se han fortalecido las investigaciones, quedando el caso empantanado e impune como la mayor\u00eda de los cr\u00edmenes pol\u00edticos.<\/p>\n<p>El deceso de Arcos Catal\u00e1n conmocion\u00f3 no solo a la poblaci\u00f3n del Centro del estado, sino a nivel nacional, por la forma despiadada que fue sacrificado el joven pol\u00edtico, que se hab\u00eda pronunciado por la construcci\u00f3n de la paz y el tejido social, como planteamientos medulares de su programa de trabajo.<\/p>\n<p>La exigencia de justicia ha estado presente en todo momento, sin que se haya logrado avances sustanciales en las investigaciones y el esclarecimiento del nefando crimen, solo se conocen especulaciones por haber ocurrido en el territorio del grupo criminal conocido como \u201cLos Ardillos\u201d, a quien presuntamente se le atribuye el vil asesinato sin demostrarse su responsabilidad.<\/p>\n<p>A un a\u00f1o de distancia se han realizado diversos homenajes por parte de la familia y el gobierno municipal, a cargo del presidente suplente panista, doctor Gustavo Herrera Alarc\u00f3n, qui\u00e9n por cierto, desplaz\u00f3 de sus puestos a todos los funcionarios designados por el extinto presidente municipal constitucional, generando malestar en la direcci\u00f3n estatal del PRD, partido pol\u00edtico que le hab\u00eda otorgado la candidatura por segunda ocasi\u00f3n, en alianza con el PRI y PAN, recarg\u00e1ndose en la actualidad en el partido tricolor.<\/p>\n<p>El municipio de Chilpancingo vive en un ciclo permanente de inestabilidad y violencia que se manifiesta en cr\u00edmenes cotidianos de transportistas, comerciantes y ciudadanos de bien, as\u00ed como, la frecuente paralizaci\u00f3n del servicio p\u00fablico del transporte urbano y los constantes bloqueos de calles y avenidas por organizaciones sociales, cuyas demandan rebasan el \u00e1mbito municipal.<\/p>\n<p>A pesar del reforzamiento de la seguridad p\u00fablica por las fuerzas armadas federales y estatal, el clima de violencia permanece latente y con ello, el temor de la sociedad capitalina de que en cualquier momento se desaten actos de violencia de mayores consecuencias, por el largo enfrentamiento entre \u201cLos Ardillos\u201d y \u201cLos Tlacos\u201d que se disputan la plaza.<\/p>\n<p><strong>Marea Baja.-<\/strong> Tambi\u00e9n de vez en cuando hay buenas noticias, como la construcci\u00f3n de seis edificios de tres pisos, con 10 departamentos cada uno, construidos por el INFONAVIT y a punto de entregarse a los inquilinos beneficiarios.<\/p>\n<p>A causa de los fuertes sismos ocurridos en a\u00f1os pasados, varios edificios de la unidad habitacional INFONAVIT \u201cFidel Vel\u00e1zquez\u201d, quedaron colapsados y los inquilinos se vieron en la necesidad de abandonarlos y rentar casas y departamentos en otras colonias de la ciudad capital, cuyos gastos fueron sufragados por la instituci\u00f3n de vivienda urbana federal. Enhorabuena a los habitantes de ese importante n\u00facleo poblacional.<\/p>\n<p><strong>Marea Alta.-<\/strong> En MORENA\u00a0 no deja de alargarse la lista de aspirantes a la candidatura por la gubernatura del estado, a m\u00e1s de un a\u00f1o para conocer a la ganadora o ganador que representar\u00e1 a este instituto pol\u00edtico en las elecciones constitucionales de 2027, habiendo hasta ahora una decena de aspirantes.<\/p>\n<p>La \u00faltima en lanzarse al ruedo fue la diputada local, Guadalupe Eguiluz Bautista, esposa del l\u00edder pol\u00edtico de izquierda, Mart\u00edn Mora Aguirre, quienes han tomado como feudo al municipio de Tlalchapa, all\u00e1 en Tierra Caliente.<\/p>\n<p>La familia Mora-Eguiluz han tomado como basti\u00f3n ese municipio calentano donde han gobernado y gobiernan, esposo, esposa e hijas, bajo el manto protector morenista y con antelaci\u00f3n el PRD.<\/p>\n<p>Con el salto a la palestra de la diputada Eguiluz Bautista, le garantiza a la prol\u00edfica familia continuar detentando cargos de elecci\u00f3n popular a \u00a0a nivel local y federal, a pesar que el nepotismo qued\u00f3 prohibido en los estatutos del partido guinda.<\/p>\n<p><strong>Maremoto.-<\/strong> Los esc\u00e1ndalos del senador Ad\u00e1n Augusto Hern\u00e1ndez, no se contienen a pesar de las aclaraciones que hace un d\u00eda s\u00ed y otro tambi\u00e9n, generando desconfianza y rechazo de la opini\u00f3n p\u00fablica nacional.<\/p>\n<p>El ex candidato presidencial viene causando un grave da\u00f1o moral a la imagen de MORENA, quien es visto por sus propios correligionarios como un elemento nocivo que debe ser desterrado, lo cual resulta imposible por el decidido apoyo del jerarca de Palenque, Andr\u00e9s Manuel L\u00f3pez Obrador, quien al parecer nunca lo dejar\u00e1 abandonado \u00a0a su suerte, a pesar de los pesares por la hermandad que existe entre ambos pol\u00edticos tabasque\u00f1os que data desde la antig\u00fcedad.<br \/>\n<em>) <a href=\"http:\/\/fb.me\/steparious\" target=\"_blank\" rel=\"noopener\">fb.me\/steparious<\/a> ) <a href=\"http:\/\/fb.me\/acapulcopress\" target=\"_blank\" rel=\"noopener\">fb.me\/acapulcopress<\/a><\/em><\/p>\n","protected":false},"excerpt":{"rendered":"<p>El lunes 6 de octubre se cumpli\u00f3 el primer a\u00f1o del abominable crimen del joven pol\u00edtico chilpancingue\u00f1o Alejandro Arcos Catal\u00e1n,<\/p>\n","protected":false},"author":1,"featured_media":1260703,"comment_status":"closed","ping_status":"open","sticky":false,"template":"","format":"standard","meta":{"footnotes":""},"categories":[2071,1991],"tags":[3520,12503,15575],"class_list":["post-1260702","post","type-post","status-publish","format-standard","has-post-thumbnail","hentry","category-opinion-analisis-columnas","category-libertad-de-expresion","tag-alejandro-arcos-catalan","tag-maremagnum","tag-ricardo-castillo-barrientos"],"_links":{"self":[{"href":"https:\/\/www.acapulcopress.com\/index.php\/wp-json\/wp\/v2\/posts\/1260702","targetHints":{"allow":["GET"]}}],"collection":[{"href":"https:\/\/www.acapulcopress.com\/index.php\/wp-json\/wp\/v2\/posts"}],"about":[{"href":"https:\/\/www.acapulcopress.com\/index.php\/wp-json\/wp\/v2\/types\/post"}],"author":[{"embeddable":true,"href":"https:\/\/www.acapulcopress.com\/index.php\/wp-json\/wp\/v2\/users\/1"}],"replies":[{"embeddable":true,"href":"https:\/\/www.acapulcopress.com\/index.php\/wp-json\/wp\/v2\/comments?post=1260702"}],"version-history":[{"count":1,"href":"https:\/\/www.acapulcopress.com\/index.php\/wp-json\/wp\/v2\/posts\/1260702\/revisions"}],"predecessor-version":[{"id":1260704,"href":"https:\/\/www.acapulcopress.com\/index.php\/wp-json\/wp\/v2\/posts\/1260702\/revisions\/1260704"}],"wp:featuredmedia":[{"embeddable":true,"href":"https:\/\/www.acapulcopress.com\/index.php\/wp-json\/wp\/v2\/media\/1260703"}],"wp:attachment":[{"href":"https:\/\/www.acapulcopress.com\/index.php\/wp-json\/wp\/v2\/media?parent=1260702"}],"wp:term":[{"taxonomy":"category","embeddable":true,"href":"https:\/\/www.acapulcopress.com\/index.php\/wp-json\/wp\/v2\/categories?post=1260702"},{"taxonomy":"post_tag","embeddable":true,"href":"https:\/\/www.acapulcopress.com\/index.php\/wp-json\/wp\/v2\/tags?post=1260702"}],"curies":[{"name":"wp","href":"https:\/\/api.w.org\/{rel}","templated":true}]}}