{"id":1260719,"date":"2025-10-13T20:05:12","date_gmt":"2025-10-14T02:05:12","guid":{"rendered":"https:\/\/www.acapulcopress.com\/?p=1260719"},"modified":"2025-10-13T20:08:32","modified_gmt":"2025-10-14T02:08:32","slug":"usa-retira-visa-al-exgobernador-hector-astudillo-y-a-alejandro-bravo","status":"publish","type":"post","link":"https:\/\/www.acapulcopress.com\/index.php\/2025\/10\/13\/usa-retira-visa-al-exgobernador-hector-astudillo-y-a-alejandro-bravo\/","title":{"rendered":"USA retira visa al exgobernador H\u00e9ctor Astudillo y a Alejandro Bravo"},"content":{"rendered":"<p>Tercera V\u00eda<br \/>\n\u00bb <a href=\"https:\/\/www.facebook.com\/profile.php?id=100029214670744\" target=\"_blank\" rel=\"noopener\"><strong>ERNESTO<\/strong> | <strong>RIVERA RODR\u00cdGUEZ<\/strong><\/a><\/p>\n<p><em>* La mazorca pol\u00edtica comienza a <\/em><em>desgranarse en Guerrero<\/em><\/p>\n<p>El gobierno de Estados Unidos cancel\u00f3 la visa al ex gobernador de Guerrero, el expriista <strong>H\u00e9ctor Astudillo Flores<\/strong>, y actual due\u00f1o de la franquicia de<em> Partido Movimiento Ciudadano<\/em>, quien este domingo 12, pretend\u00eda participar en el cl\u00e1sico marat\u00f3n de la ciudad de Chicago, Illinois, y al presidente estatal del PRI y actual diputado local de la LXIV Legislatura local, <strong>Alejandro Bravo Abarca<\/strong>.<\/p>\n<p>Fuentes federales fidefignas, informaron que incluso su hijo, <strong>Ricardo Astudillo Calvo<\/strong>, y ex diputado local priista actualmente se encuentra en Chicago junto a su familia con un grupo de amigos y excolaboradores de su padre, realizando entrenamientos en c\u00e9ntricas avenidas de la ciudad de los vientos, y exhibiendo videos y fotos en redes sociales previo a la justa deportiva.<\/p>\n<p>Fuentes federales informaron que las autoridades estadounidenses en coordinaci\u00f3n con el gobierno de M\u00e9xico abrieron sendas carpetas de investigaci\u00f3n contra el ex mandatario guerrerense por presuntos delitos, como Alejandro Bravo de \u00abdelincuencia organizada, lavado de dinero y enriquecimiento il\u00edcito\u00bb, datos que a\u00fan no han sido confirmados oficialmente.<\/p>\n<p>Esto habr\u00eda sido el motivo por el cual el gobierno estadounidense cancel\u00f3 la visa al ex gobernador guerrerense, quien actualmente radica en la ciudad de M\u00e9xico y se resguarda en inmuebles ubicsdos en zonas de alta plusval\u00eda como San Jer\u00f3nimo, Lomas de Chapultepec y Santa Fe, indicaron los informantes federales.<\/p>\n<p>El sexenio de H\u00e9ctor Astudillo Flores (2015-2021), se caracteriz\u00f3 por sus altos niveles de corrupci\u00f3n y violencia extrema qu\u00e9 dejaron una ola de asesinatos y desaparecidos sin precedentes en la historia negra de esa entidad soriana.<\/p>\n<p>Durante ese periodo de terror, se empodero a organizaciones criminales de la Sierra y la Zona Norte vinculadas al tr\u00e1fico de drogas con la ciudad de Chicago, y donde operan empresas mineras enfocadas en la explotaci\u00f3n de oro.<\/p>\n<p>Actualmente Astudillo sigue influyendo en la pol\u00edtica del estado de Guerrero a trav\u00e9s del partido Movimiento Ciudadano, MC, del cu\u00e1l es due\u00f1o de la franquicia, y se le considera el principal impulsor de la imagen del pol\u00e9mico empresario #Pedro Segura Balladares con miras a la sucesi\u00f3n gubernamental 2027.<\/p>\n<p>Washington no a oficializado el retiro de la visa, adem\u00e1s s\u00f3lo se\u00f1ala a los involucrado, (s\u00f3lo para quemarlos?), pero con ello los Estados Unidos muestra que a los pol\u00edticos guerrerenses y todo aquel que investigue por estar presuntamente involucrado en los delitos que le imputa en este caso al ex gobernador y diputado lo har\u00e1.<\/p>\n<p>Cu\u00e1ntos m\u00e1s tendr\u00e1n en sus listas. Ha cu\u00e1ntos aqu\u00ed le sudar\u00e1n las manos y les ha quitado el sue\u00f1o?<br \/>\nLo \u00fanico real y verdadero es qu\u00e9 la mazorca se comenz\u00f3 a desgranar.<\/p>\n<p><em>) <a href=\"http:\/\/fb.me\/steparious\" target=\"_blank\" rel=\"noopener\">fb.me\/steparious<\/a> ) <a href=\"http:\/\/fb.me\/acapulcopress\" target=\"_blank\" rel=\"noopener\">fb.me\/acapulcopress<\/a><\/em><\/p>\n","protected":false},"excerpt":{"rendered":"<p>El gobierno de Estados Unidos cancel\u00f3 la visa al ex gobernador de Guerrero, el expriista H\u00e9ctor Astudillo Flores<\/p>\n","protected":false},"author":1,"featured_media":1260720,"comment_status":"closed","ping_status":"open","sticky":false,"template":"","format":"standard","meta":{"footnotes":""},"categories":[2071,1991],"tags":[3523,8065,9705,14298,15571,17071],"class_list":["post-1260719","post","type-post","status-publish","format-standard","has-post-thumbnail","hentry","category-opinion-analisis-columnas","category-libertad-de-expresion","tag-alejandro-bravo-abarca","tag-ernesto-rodriguez-rivera","tag-hector-astudillo-flores","tag-partido-movimiento-ciudadano","tag-ricardo-astudillo-calvo","tag-tercera-via"],"_links":{"self":[{"href":"https:\/\/www.acapulcopress.com\/index.php\/wp-json\/wp\/v2\/posts\/1260719","targetHints":{"allow":["GET"]}}],"collection":[{"href":"https:\/\/www.acapulcopress.com\/index.php\/wp-json\/wp\/v2\/posts"}],"about":[{"href":"https:\/\/www.acapulcopress.com\/index.php\/wp-json\/wp\/v2\/types\/post"}],"author":[{"embeddable":true,"href":"https:\/\/www.acapulcopress.com\/index.php\/wp-json\/wp\/v2\/users\/1"}],"replies":[{"embeddable":true,"href":"https:\/\/www.acapulcopress.com\/index.php\/wp-json\/wp\/v2\/comments?post=1260719"}],"version-history":[{"count":1,"href":"https:\/\/www.acapulcopress.com\/index.php\/wp-json\/wp\/v2\/posts\/1260719\/revisions"}],"predecessor-version":[{"id":1260721,"href":"https:\/\/www.acapulcopress.com\/index.php\/wp-json\/wp\/v2\/posts\/1260719\/revisions\/1260721"}],"wp:featuredmedia":[{"embeddable":true,"href":"https:\/\/www.acapulcopress.com\/index.php\/wp-json\/wp\/v2\/media\/1260720"}],"wp:attachment":[{"href":"https:\/\/www.acapulcopress.com\/index.php\/wp-json\/wp\/v2\/media?parent=1260719"}],"wp:term":[{"taxonomy":"category","embeddable":true,"href":"https:\/\/www.acapulcopress.com\/index.php\/wp-json\/wp\/v2\/categories?post=1260719"},{"taxonomy":"post_tag","embeddable":true,"href":"https:\/\/www.acapulcopress.com\/index.php\/wp-json\/wp\/v2\/tags?post=1260719"}],"curies":[{"name":"wp","href":"https:\/\/api.w.org\/{rel}","templated":true}]}}