{"id":1260722,"date":"2025-10-13T20:20:52","date_gmt":"2025-10-14T02:20:52","guid":{"rendered":"https:\/\/www.acapulcopress.com\/?p=1260722"},"modified":"2025-10-13T20:21:34","modified_gmt":"2025-10-14T02:21:34","slug":"comite-promotor-de-inversiones-vanguardia-para-el-desarrollo","status":"publish","type":"post","link":"https:\/\/www.acapulcopress.com\/index.php\/2025\/10\/13\/comite-promotor-de-inversiones-vanguardia-para-el-desarrollo\/","title":{"rendered":"Comit\u00e9 Promotor de Inversiones, vanguardia para el desarrollo"},"content":{"rendered":"<p>\u00bb <a href=\"https:\/\/www.facebook.com\/ricardocastill01\" target=\"_blank\" rel=\"noopener\"><strong>RICARDO<\/strong> | <strong>CASTILLO BARRIENTOS<\/strong><\/a><\/p>\n<p>El desarrollo econ\u00f3mico de Guerrero ha mantenido un retraimiento por profundas causas estructurales y la falta de visi\u00f3n gubernamental, excepto la industria del turismo y la miner\u00eda, principales bastiones productivos y fuentes de empleo, motores din\u00e1micos de la econom\u00eda regional.<\/p>\n<p>A finales de la d\u00e9cada de los a\u00f1os 60s, exist\u00edan un mayor n\u00famero de entidades federativas con marcados rezagos econ\u00f3micos y sociales, figurando los estados de las zonas sur-sureste, en los cuales se encontraban <strong>Oaxaca, Guerrero, Chiapas, Tabasco, Veracruz e<\/strong> <strong>Hidalgo<\/strong>. Las tres \u00faltimas entidades lograron superar el ancestral subdesarrollo, debido a procesos de industrializaci\u00f3n que les permiti\u00f3 fortalecer sus econom\u00edas regionales, dejando atr\u00e1s a las entidades del grupo con el m\u00e1s bajo nivel de desarrollo.<\/p>\n<p><strong>Chiapas y Oaxaca<\/strong> han logrado avances sustanciales por la diversificaci\u00f3n de sus econom\u00edas; mientras <strong>Guerrero<\/strong> permanece inamovible en el impulso a otros sectores productivos.<\/p>\n<p>Llama la atenci\u00f3n la determinaci\u00f3n de la gobernadora Evelyn Salgado Pineda, haber instalado el <strong>Comit\u00e9 Promotor de Inversiones<\/strong>, dentro del marco de la estrategia del \u201c<strong>Plan M\u00e9xico<\/strong>\u201d, impulsada por la presidenta Claudia Sheinbaum, tendiente a consolidar a largo plazo el desarrollo regional del pa\u00eds.<\/p>\n<p>El \u201c<strong>Plan M\u00e9xico<\/strong>\u201d, es un ambicioso programa econ\u00f3mico del gobierno federal, con el objetivo de incrementar las inversiones nacionales y extranjeras, que contribuir\u00e1n a m\u00e1s y mejores empleos, incremento de la productividad y mayor bienestar para las familias mexicanas.<\/p>\n<p>En coadyuvancia a este prop\u00f3sito, el Gobierno del Estado, se ha fijado la meta de fomentar las inversiones en las <strong>ocho regiones<\/strong>, considerando las potenciales vocaciones productivas, aun no desarrolladas que permanecen en espera de oportunidades de inversi\u00f3n para su desarrollo.<\/p>\n<p>En naciente <strong>Comit\u00e9 Promotor de Inversiones<\/strong> guerrerense, tiene a cuestas la enorme responsabilidad de atraer financiamientos no solo en los sectores del turismo y la miner\u00eda, adem\u00e1s, detonar el desarrollo en los sectores de la agricultura, ganader\u00eda, pesca, forestal, industria manufacturera, construcci\u00f3n, etc.<\/p>\n<p>A mediano plazo habr\u00e1 de constituirse el <strong>Polo del Bienestar de la Cuenca<\/strong> <strong>de<\/strong>l <strong>Balsas,<\/strong> en la zona lim\u00edtrofe con el puerto L\u00e1zaro C\u00e1rdenas, Mich., que ha llegado a la saturaci\u00f3n de contenedores, ubicando al municipio de <strong>La Uni\u00f3n<\/strong>, como pol\u00edgono de extensi\u00f3n territorial de nuevas operaciones portuarias, dotado de infraestructura de vanguardia para el desarrollo industrial, a trav\u00e9s de inversiones globales y nacionales, en sectores estrat\u00e9gicos en log\u00edstica, manufacturas diversas, turismo, pesca y econom\u00eda circular, establecido en el \u201c<strong>Plan M\u00e9xico<\/strong>\u201d 2025-2030.<\/p>\n<p>El <strong>Polo del Bienestar de la Cuenca del Balsas<\/strong>, est\u00e1 considerado en el segundo paquete de entidades federativas. En pr\u00f3ximos meses ser\u00e1 anunciado por la presidenta Claudia Sheinbaum, con la firma de un convenio con la gobernadora Evelyn Salgado, para el despegue del desarrollo industrial de la entidad.<br \/>\n<em>)<a href=\"http:\/\/fb.me\/steparious\" target=\"_blank\" rel=\"noopener\"> fb.me\/steparious<\/a> ) <a href=\"http:\/\/fb.me\/acapulcopress\" target=\"_blank\" rel=\"noopener\">fb.me\/acapulcopress<\/a><\/em><\/p>\n","protected":false},"excerpt":{"rendered":"<p>El desarrollo econ\u00f3mico de Guerrero ha mantenido un retraimiento por profundas causas estructurales y la falta de visi\u00f3n gubernamental<\/p>\n","protected":false},"author":1,"featured_media":1260723,"comment_status":"closed","ping_status":"open","sticky":false,"template":"","format":"standard","meta":{"footnotes":""},"categories":[2071,1991],"tags":[15575],"class_list":["post-1260722","post","type-post","status-publish","format-standard","has-post-thumbnail","hentry","category-opinion-analisis-columnas","category-libertad-de-expresion","tag-ricardo-castillo-barrientos"],"_links":{"self":[{"href":"https:\/\/www.acapulcopress.com\/index.php\/wp-json\/wp\/v2\/posts\/1260722","targetHints":{"allow":["GET"]}}],"collection":[{"href":"https:\/\/www.acapulcopress.com\/index.php\/wp-json\/wp\/v2\/posts"}],"about":[{"href":"https:\/\/www.acapulcopress.com\/index.php\/wp-json\/wp\/v2\/types\/post"}],"author":[{"embeddable":true,"href":"https:\/\/www.acapulcopress.com\/index.php\/wp-json\/wp\/v2\/users\/1"}],"replies":[{"embeddable":true,"href":"https:\/\/www.acapulcopress.com\/index.php\/wp-json\/wp\/v2\/comments?post=1260722"}],"version-history":[{"count":1,"href":"https:\/\/www.acapulcopress.com\/index.php\/wp-json\/wp\/v2\/posts\/1260722\/revisions"}],"predecessor-version":[{"id":1260724,"href":"https:\/\/www.acapulcopress.com\/index.php\/wp-json\/wp\/v2\/posts\/1260722\/revisions\/1260724"}],"wp:featuredmedia":[{"embeddable":true,"href":"https:\/\/www.acapulcopress.com\/index.php\/wp-json\/wp\/v2\/media\/1260723"}],"wp:attachment":[{"href":"https:\/\/www.acapulcopress.com\/index.php\/wp-json\/wp\/v2\/media?parent=1260722"}],"wp:term":[{"taxonomy":"category","embeddable":true,"href":"https:\/\/www.acapulcopress.com\/index.php\/wp-json\/wp\/v2\/categories?post=1260722"},{"taxonomy":"post_tag","embeddable":true,"href":"https:\/\/www.acapulcopress.com\/index.php\/wp-json\/wp\/v2\/tags?post=1260722"}],"curies":[{"name":"wp","href":"https:\/\/api.w.org\/{rel}","templated":true}]}}