{"id":1260737,"date":"2025-10-14T20:05:31","date_gmt":"2025-10-15T02:05:31","guid":{"rendered":"https:\/\/www.acapulcopress.com\/?p=1260737"},"modified":"2025-10-14T20:09:01","modified_gmt":"2025-10-15T02:09:01","slug":"agrupacion-peruana-usa-chalecos-antibalas-en-conciertos","status":"publish","type":"post","link":"https:\/\/www.acapulcopress.com\/index.php\/2025\/10\/14\/agrupacion-peruana-usa-chalecos-antibalas-en-conciertos\/","title":{"rendered":"Grupo peruano usa chalecos antibalas en conciertos"},"content":{"rendered":"<p>LIMA * 14 de octubre 2025<br \/>\n<em>) <a href=\"https:\/\/latinus.us\/latam\/2025\/10\/13\/banda-de-cumbia-peruana-utiliza-chalecos-antibalas-en-concierto-tras-asesinato-de-su-vocalista-154239.html\">Efe<\/a><\/em><br \/>\nLa famosa agrupaci\u00f3n de cumbia peruana <em>Armon\u00eda 10<\/em>, cuyo cantante fue asesinado en marzo en un ataque de hombres armados al autob\u00fas de la banda, apareci\u00f3 en su \u00faltimo concierto con chalecos antibalas sobre el escenario, tras el reciente ataque sufrido la pasada semana por el grupo Agua Marina durante otro concierto en un recinto similar, en el que cuatro de sus miembros quedaron heridos por impactos de bala.<\/p>\n<p>Las im\u00e1genes de la presentaci\u00f3n ofrecida el s\u00e1bado en el distrito de Lurigancho-Chosica, situado en este de la capital, Lima, trascendieron en <a href=\"https:\/\/www.acapulcopress.com\/wp-content\/uploads\/2025\/10\/ARMONIA-10-PERU.webp\"><img loading=\"lazy\" decoding=\"async\" class=\"alignleft wp-image-1260738 size-cmsmasters-square-thumb\" src=\"https:\/\/www.acapulcopress.com\/wp-content\/uploads\/2025\/10\/ARMONIA-10-PERU-360x360.webp\" alt=\"\" width=\"360\" height=\"360\" srcset=\"https:\/\/www.acapulcopress.com\/wp-content\/uploads\/2025\/10\/ARMONIA-10-PERU-360x360.webp 360w, https:\/\/www.acapulcopress.com\/wp-content\/uploads\/2025\/10\/ARMONIA-10-PERU-150x150.webp 150w, https:\/\/www.acapulcopress.com\/wp-content\/uploads\/2025\/10\/ARMONIA-10-PERU-70x70.webp 70w\" sizes=\"auto, (max-width: 360px) 100vw, 360px\" \/><\/a>redes sociales este fin de semana; adem\u00e1s, uno de sus cantantes,<strong> Irvin Saavedra<\/strong>, se despidi\u00f3 de la banda para centrarse en su \u00abbienestar y el de su familia\u00bb.<\/p>\n<p>Los integrantes de <em>Armon\u00eda 10<\/em> subieron al escenario con los chalecos bajo casacas corporativas y ofrecieron un espect\u00e1culo de una hora en el estadio Sol\u00eds Garc\u00eda, todav\u00eda con el ataque perpetrado contra <em>Agua Marina<\/em> reciente en la memoria.<\/p>\n<p>El atentado contra <em>Agua Marina<\/em> ocurri\u00f3 en la noche del pasado mi\u00e9rcoles, cuando dos hombres abrieron fuego desde la parte trasera del escenario contra los m\u00fasicos, que estaban en pleno concierto en el C\u00edrculo Militar del distrito lime\u00f1o de Chorrillos.<\/p>\n<p>Las balas hirieron a cuatro integrantes de la banda, as\u00ed como a un vendedor ambulante que se encontraba en la zona, seg\u00fan informaron fuentes sanitarias y de la fiscal\u00eda.<\/p>\n<p>El ataque gener\u00f3 consternaci\u00f3n ciudadana y una inmediata ola de cr\u00edticas y pronunciamientos contra las autoridades, lo que fue utilizado por las fuerzas pol\u00edticas que sosten\u00edan a la presidenta Dina Boluarte en el poder para impulsar su destituci\u00f3n, lo que ocurri\u00f3 apenas unas horas despu\u00e9s.<\/p>\n<p>El conjunto Armon\u00eda 10 ya hab\u00eda sufrido un ataque el 16 de marzo de este a\u00f1o, donde <strong>Paul<\/strong> \u00abEl Ruso\u00bb <strong>Flores<\/strong>, cantante del grupo, fue asesinado durante un tiroteo por parte de hombres armados al autob\u00fas de la banda cuando esta se trasladaba por la capital peruana.<\/p>\n<p>Mientras, en Madrid, durante un concierto por el d\u00eda de la hispanidad, la agrupaci\u00f3n \u2014tambi\u00e9n de cumbia\u2014 Bareto denunci\u00f3 igualmente la situaci\u00f3n de inseguridad que afecta no s\u00f3lo al sector musical de Per\u00fa, sino a la poblaci\u00f3n en general.<\/p>\n<p>\u00abAntes de empezar la tremenda fiesta, queremos dedicar este &#8216;show&#8217; a todas las v\u00edctimas de la violencia en nuestro pa\u00eds. Violencia que viene de organizaciones criminales que est\u00e1n desde el gobierno hasta las calles. Estamos hartos, carajo. \u00a1Viva el Per\u00fa!\u00bb, dijo el l\u00edder del grupo, Rolo Gallardo.<\/p>\n<p>El aumento de las extorsiones y asesinatos por parte de bandas del crimen organizado tambi\u00e9n ha afectado profundamente a las empresas de autobuses urbanos que el pasado lunes paralizaron la capital peruana al protagonizar una huelga que bloque\u00f3 algunas de las principales arterias viales de la ciudad.<\/p>\n<p>En respuesta a las nuevas medidas de seguridad tomadas por la agrupaci\u00f3n de cumbia, el p\u00fablico explot\u00f3 en redes sociales, denunciando la situaci\u00f3n generalizada de extorsiones que afecta desde viviendas, a comercios y ahora tambi\u00e9n grupos musicales.<\/p>\n<p><em>)<a href=\"http:\/\/fb.me\/steparious\"> fb.me\/steparious<\/a> ) <a href=\"http:\/\/fb.me\/acapulcopress\" target=\"_blank\" rel=\"noopener\">fb.me\/acapulcopress<\/a><\/em><\/p>\n","protected":false},"excerpt":{"rendered":"<p>La famosa agrupaci\u00f3n de cumbia peruana Armon\u00eda 10, cuyo cantante fue asesinado en marzo en un ataque de hombres armados al autob\u00fas de la banda, apareci\u00f3 en su \u00faltimo concierto<\/p>\n","protected":false},"author":1,"featured_media":1260739,"comment_status":"closed","ping_status":"open","sticky":false,"template":"","format":"standard","meta":{"footnotes":""},"categories":[2054,1988],"tags":[18840,18839,18841],"class_list":["post-1260737","post","type-post","status-publish","format-standard","has-post-thumbnail","hentry","category-entertainment","category-lifestyles","tag-agua-marina","tag-armonia-10","tag-irvin-saavedra"],"_links":{"self":[{"href":"https:\/\/www.acapulcopress.com\/index.php\/wp-json\/wp\/v2\/posts\/1260737","targetHints":{"allow":["GET"]}}],"collection":[{"href":"https:\/\/www.acapulcopress.com\/index.php\/wp-json\/wp\/v2\/posts"}],"about":[{"href":"https:\/\/www.acapulcopress.com\/index.php\/wp-json\/wp\/v2\/types\/post"}],"author":[{"embeddable":true,"href":"https:\/\/www.acapulcopress.com\/index.php\/wp-json\/wp\/v2\/users\/1"}],"replies":[{"embeddable":true,"href":"https:\/\/www.acapulcopress.com\/index.php\/wp-json\/wp\/v2\/comments?post=1260737"}],"version-history":[{"count":5,"href":"https:\/\/www.acapulcopress.com\/index.php\/wp-json\/wp\/v2\/posts\/1260737\/revisions"}],"predecessor-version":[{"id":1260744,"href":"https:\/\/www.acapulcopress.com\/index.php\/wp-json\/wp\/v2\/posts\/1260737\/revisions\/1260744"}],"wp:featuredmedia":[{"embeddable":true,"href":"https:\/\/www.acapulcopress.com\/index.php\/wp-json\/wp\/v2\/media\/1260739"}],"wp:attachment":[{"href":"https:\/\/www.acapulcopress.com\/index.php\/wp-json\/wp\/v2\/media?parent=1260737"}],"wp:term":[{"taxonomy":"category","embeddable":true,"href":"https:\/\/www.acapulcopress.com\/index.php\/wp-json\/wp\/v2\/categories?post=1260737"},{"taxonomy":"post_tag","embeddable":true,"href":"https:\/\/www.acapulcopress.com\/index.php\/wp-json\/wp\/v2\/tags?post=1260737"}],"curies":[{"name":"wp","href":"https:\/\/api.w.org\/{rel}","templated":true}]}}