{"id":1260745,"date":"2025-10-14T20:25:01","date_gmt":"2025-10-15T02:25:01","guid":{"rendered":"https:\/\/www.acapulcopress.com\/?p=1260745"},"modified":"2025-10-14T20:35:40","modified_gmt":"2025-10-15T02:35:40","slug":"detiene-fge-a-menor-implicado-en-asesinato-del-parroco-bertoldo","status":"publish","type":"post","link":"https:\/\/www.acapulcopress.com\/index.php\/2025\/10\/14\/detiene-fge-a-menor-implicado-en-asesinato-del-parroco-bertoldo\/","title":{"rendered":"Detuvo FGE a menor implicado en asesinato del p\u00e1rroco Bertoldo"},"content":{"rendered":"<p>CHILPANCINGO * 14 de octubre 2025<br \/>\n<em>) FGE Guerrero<br \/>\n<\/em>La <em>Fiscal\u00eda General del Estado de Guerrero<\/em> inform\u00f3 que detuvo a un adolescente por su probable responsabilidad como coautor por el delito de homicidio calificado, cometido el pasado 4 de octubre en agravio de Bertoldo \u00abN\u00bb (sacerdote <strong>Bertoldo Pantal\u00e9on Estrada<\/strong>), en el municipio de Eduardo Neri.<\/p>\n<p>De acuerdo con los actos de investigaci\u00f3n ministerial, el adolescente habr\u00eda participado en los hechos junto con un adulto, detenido el pasado 10 de octubre de 2025, en los que la v\u00edctima fue privada de la vida mediante disparos de arma de fuego.<\/p>\n<p>Una vez realizados los tr\u00e1mites legales correspondientes, el adolescente fue puesto a disposici\u00f3n de la Jueza de Control para la continuaci\u00f3n del proceso conforme a derecho.<\/p>\n<p>Con esta acci\u00f3n, suman dos las personas detenidas por los mismos hechos, como resultado de los trabajos coordinados de inteligencia e investigaci\u00f3n desarrollados por esta instituci\u00f3n en colaboraci\u00f3n con la <em>Secretar\u00eda de la Defensa Nacional (Defensa), Guardia Nacional (GN), Secretar\u00eda de Seguridad y Protecci\u00f3n Ciudadana (SSPC) <\/em>y <em>Polic\u00eda Estatal (SSPGro).<\/em><\/p>\n<p><em>) <a href=\"http:\/\/fb.me\/steparious\" target=\"_blank\" rel=\"noopener\">fb.me\/steparious<\/a> ) <a href=\"http:\/\/fb.me\/acapulcopress\" target=\"_blank\" rel=\"noopener\">fb.me\/acapulcopress<\/a><\/em><\/p>\n","protected":false},"excerpt":{"rendered":"<p>CHILPANCINGO * 14 de octubre 2025 ) FGE Guerrero La Fiscal\u00eda General del Estado de Guerrero inform\u00f3 que detuvo a un adolescente por su probable responsabilidad como coautor por el delito de homicidio calificado, cometido el pasado 4 de octubre en agravio de Bertoldo \u00abN\u00bb (sacerdote Bertoldo Pantal\u00e9on Estrada), en el municipio de Eduardo Neri&#8230;.<\/p>\n","protected":false},"author":1,"featured_media":1260746,"comment_status":"closed","ping_status":"open","sticky":false,"template":"","format":"standard","meta":{"footnotes":""},"categories":[1997],"tags":[18814,8700,9533,18842,16206,16284],"class_list":["post-1260745","post","type-post","status-publish","format-standard","has-post-thumbnail","hentry","category-noticias-destacadas","tag-bertoldo-pantaleon-estrada","tag-fiscalia-general-del-estado-de-guerrero","tag-guardia-nacional-gn","tag-policia-estatal-sspgro","tag-secretaria-de-la-defensa-nacional-defensa","tag-secretaria-de-seguridad-y-proteccion-ciudadana-sspc"],"_links":{"self":[{"href":"https:\/\/www.acapulcopress.com\/index.php\/wp-json\/wp\/v2\/posts\/1260745","targetHints":{"allow":["GET"]}}],"collection":[{"href":"https:\/\/www.acapulcopress.com\/index.php\/wp-json\/wp\/v2\/posts"}],"about":[{"href":"https:\/\/www.acapulcopress.com\/index.php\/wp-json\/wp\/v2\/types\/post"}],"author":[{"embeddable":true,"href":"https:\/\/www.acapulcopress.com\/index.php\/wp-json\/wp\/v2\/users\/1"}],"replies":[{"embeddable":true,"href":"https:\/\/www.acapulcopress.com\/index.php\/wp-json\/wp\/v2\/comments?post=1260745"}],"version-history":[{"count":3,"href":"https:\/\/www.acapulcopress.com\/index.php\/wp-json\/wp\/v2\/posts\/1260745\/revisions"}],"predecessor-version":[{"id":1260749,"href":"https:\/\/www.acapulcopress.com\/index.php\/wp-json\/wp\/v2\/posts\/1260745\/revisions\/1260749"}],"wp:featuredmedia":[{"embeddable":true,"href":"https:\/\/www.acapulcopress.com\/index.php\/wp-json\/wp\/v2\/media\/1260746"}],"wp:attachment":[{"href":"https:\/\/www.acapulcopress.com\/index.php\/wp-json\/wp\/v2\/media?parent=1260745"}],"wp:term":[{"taxonomy":"category","embeddable":true,"href":"https:\/\/www.acapulcopress.com\/index.php\/wp-json\/wp\/v2\/categories?post=1260745"},{"taxonomy":"post_tag","embeddable":true,"href":"https:\/\/www.acapulcopress.com\/index.php\/wp-json\/wp\/v2\/tags?post=1260745"}],"curies":[{"name":"wp","href":"https:\/\/api.w.org\/{rel}","templated":true}]}}