{"id":1260750,"date":"2025-10-14T20:59:13","date_gmt":"2025-10-15T02:59:13","guid":{"rendered":"https:\/\/www.acapulcopress.com\/?p=1260750"},"modified":"2025-10-14T21:01:45","modified_gmt":"2025-10-15T03:01:45","slug":"pidio-sheinbaum-ocultar-municipios-afectados","status":"publish","type":"post","link":"https:\/\/www.acapulcopress.com\/index.php\/2025\/10\/14\/pidio-sheinbaum-ocultar-municipios-afectados\/","title":{"rendered":"Pidi\u00f3 Sheinbaum ocultar municipios afectados"},"content":{"rendered":"<p>PALACIO NACIONAL * 14 de octubre 2025<br \/>\n<em>) <a href=\"https:\/\/tribunademexico.com\/claudia-sheinbaum-municipios-afectados\/\" target=\"_blank\" rel=\"noopener\">Tribuna de M\u00e9xico<\/a><\/em><br \/>\nUna frase pronunciada en voz baja por la presidenta<strong> Claudia Sheinbaum Pardo<\/strong> durante su conferencia matutina de este martes, \u201cNo digas municipios afectados\u201d, provoc\u00f3 una ola de reacciones en redes sociales y medios de comunicaci\u00f3n, al ser interpretada como un intento de limitar la informaci\u00f3n sobre las zonas da\u00f1adas por las recientes lluvias.<\/p>\n<p>El comentario fue captado por los micr\u00f3fonos de la llamada \u201cMa\u00f1anera del Pueblo\u201d justo antes de que el secretario de Salud, <strong>David Kershenobich Stalnikowitz<\/strong>, presentara su informe sobre las acciones sanitarias en las regiones impactadas. Aunque la instrucci\u00f3n fue dicha en voz baja, el audio fue transmitido en vivo, generando cuestionamientos sobre la transparencia gubernamental.<\/p>\n<p>Seg\u00fan lo observado, Kershenobich se acerc\u00f3 a la mandataria y alcanz\u00f3 a escuchar la orden. \u201c\u00bfMande?\u201d, pregunt\u00f3 \u00e9l, a lo que Claudia Sheinbaum respondi\u00f3 con un tono m\u00e1s bajo, sin que el p\u00fablico pudiera captar con claridad toda la conversaci\u00f3n. Sin embargo, la frase \u201cNo digas municipios afectados\u201d se distingui\u00f3 con nitidez, convirti\u00e9ndose en tendencia nacional.<\/p>\n<p>Durante su intervenci\u00f3n, el secretario evit\u00f3 mencionar cifras o ubicaciones espec\u00edficas. En lugar de detallar los municipios, utiliz\u00f3 expresiones como \u201czonas prioritarias\u201d o \u201c\u00e1reas de atenci\u00f3n\u201d, lo que reforz\u00f3 las sospechas de que la instrucci\u00f3n presidencial tuvo efectos directos en el discurso oficial.<\/p>\n<p>La pol\u00e9mica creci\u00f3 en redes sociales, donde analistas y opositores interpretaron el gesto como un acto de opacidad. En la plataforma X (antes Twitter), usuarios recordaron las declaraciones previas de Sheinbaum en las que promet\u00eda \u201cno ocultar nada\u201d, contrast\u00e1ndolas con la reciente frase que parec\u00eda restringir informaci\u00f3n sensible.<\/p>\n<p>Diversos comentarios acusaron al Gobierno Federal de minimizar la magnitud de los da\u00f1os provocados por las intensas lluvias registradas entre el 6 y el 9 de octubre, que dejaron 64 personas fallecidas y 65 desaparecidas en estados como Veracruz, Puebla, Hidalgo, Quer\u00e9taro y San Luis Potos\u00ed.<\/p>\n<p>Pese a la controversia, Claudia Sheinbaum reiter\u00f3 durante la conferencia el compromiso de su administraci\u00f3n con el avance del censo de damnificados y la entrega de apoyos. Tambi\u00e9n anunci\u00f3 la habilitaci\u00f3n del n\u00famero 079 para reportar personas desaparecidas en las zonas afectadas.<\/p>\n<div style=\"width: 1160px;\" class=\"wp-video\"><video class=\"wp-video-shortcode\" id=\"video-1260750-1\" width=\"1160\" height=\"653\" preload=\"metadata\" controls=\"controls\"><source type=\"video\/mp4\" src=\"https:\/\/www.acapulcopress.com\/wp-content\/uploads\/2025\/10\/Sheinbaum-No-digas-municipios-afectados.mp4?_=1\" \/><a href=\"https:\/\/www.acapulcopress.com\/wp-content\/uploads\/2025\/10\/Sheinbaum-No-digas-municipios-afectados.mp4\">https:\/\/www.acapulcopress.com\/wp-content\/uploads\/2025\/10\/Sheinbaum-No-digas-municipios-afectados.mp4<\/a><\/video><\/div>\n<p><em>) <a href=\"http:\/\/fb.me\/steparious\" target=\"_blank\" rel=\"noopener\">fb.me\/steparious<\/a> ) <a href=\"http:\/\/fb.me\/acapulcopress\" target=\"_blank\" rel=\"noopener\">fb.me\/acapulcopress<\/a><\/em><\/p>\n","protected":false},"excerpt":{"rendered":"<p>Una frase pronunciada en voz baja por la presidenta Claudia Sheinbaum Pardo durante su conferencia matutina de este martes, \u201cNo digas municipios afectados\u201d, provoc\u00f3 una ola de reacciones en redes sociales y medios de comunicaci\u00f3n<\/p>\n","protected":false},"author":1,"featured_media":1260751,"comment_status":"closed","ping_status":"open","sticky":false,"template":"","format":"standard","meta":{"footnotes":""},"categories":[1972],"tags":[18843,5853,6976],"class_list":["post-1260750","post","type-post","status-publish","format-standard","has-post-thumbnail","hentry","category-special","tag-no-digas-municipios-afectados","tag-claudia-sheinbaum-pardo","tag-david-kershenobich-stalnikowitz"],"_links":{"self":[{"href":"https:\/\/www.acapulcopress.com\/index.php\/wp-json\/wp\/v2\/posts\/1260750","targetHints":{"allow":["GET"]}}],"collection":[{"href":"https:\/\/www.acapulcopress.com\/index.php\/wp-json\/wp\/v2\/posts"}],"about":[{"href":"https:\/\/www.acapulcopress.com\/index.php\/wp-json\/wp\/v2\/types\/post"}],"author":[{"embeddable":true,"href":"https:\/\/www.acapulcopress.com\/index.php\/wp-json\/wp\/v2\/users\/1"}],"replies":[{"embeddable":true,"href":"https:\/\/www.acapulcopress.com\/index.php\/wp-json\/wp\/v2\/comments?post=1260750"}],"version-history":[{"count":4,"href":"https:\/\/www.acapulcopress.com\/index.php\/wp-json\/wp\/v2\/posts\/1260750\/revisions"}],"predecessor-version":[{"id":1260756,"href":"https:\/\/www.acapulcopress.com\/index.php\/wp-json\/wp\/v2\/posts\/1260750\/revisions\/1260756"}],"wp:featuredmedia":[{"embeddable":true,"href":"https:\/\/www.acapulcopress.com\/index.php\/wp-json\/wp\/v2\/media\/1260751"}],"wp:attachment":[{"href":"https:\/\/www.acapulcopress.com\/index.php\/wp-json\/wp\/v2\/media?parent=1260750"}],"wp:term":[{"taxonomy":"category","embeddable":true,"href":"https:\/\/www.acapulcopress.com\/index.php\/wp-json\/wp\/v2\/categories?post=1260750"},{"taxonomy":"post_tag","embeddable":true,"href":"https:\/\/www.acapulcopress.com\/index.php\/wp-json\/wp\/v2\/tags?post=1260750"}],"curies":[{"name":"wp","href":"https:\/\/api.w.org\/{rel}","templated":true}]}}