{"id":1260757,"date":"2025-10-15T18:50:32","date_gmt":"2025-10-16T00:50:32","guid":{"rendered":"https:\/\/www.acapulcopress.com\/?p=1260757"},"modified":"2025-10-15T18:55:23","modified_gmt":"2025-10-16T00:55:23","slug":"la-laguna-negra-de-puerto-marques-en-el-olvido-ayer-y-hoy","status":"publish","type":"post","link":"https:\/\/www.acapulcopress.com\/index.php\/2025\/10\/15\/la-laguna-negra-de-puerto-marques-en-el-olvido-ayer-y-hoy\/","title":{"rendered":"La Laguna Negra de Puerto Marqu\u00e9s, en el olvido ayer y hoy"},"content":{"rendered":"<p>Marem\u00e1gnum<br \/>\n\u00bb <a href=\"https:\/\/www.facebook.com\/ricardocastill01\" target=\"_blank\" rel=\"noopener\"><strong>RICARDO<\/strong> |<strong> CASTILLO BARRIENTOS<\/strong><\/a><\/p>\n<p>A ra\u00edz de las publicaciones sobre la \u201c<strong>Laguna Negra<\/strong>\u201d de Puerto Marqu\u00e9s, uno de mis tetra lectores favoritos, el C.P.<strong> El\u00edas Cuauht\u00e9moc Tav\u00e1rez Ju\u00e1rez<\/strong>, abund\u00f3 en informaci\u00f3n privilegiada sobre el seguimiento del <strong>Acuerdo Federal<\/strong> que destina al Gobierno del Estado ese hist\u00f3rico cuerpo de agua, el 9 de febrero de 1988, siendo secretario de Desarrollo Urbano y Ecolog\u00eda, Manuel Camacho Sol\u00eds y gobernador Jos\u00e9 Francisco Ruiz Massieu.<\/p>\n<p>Recuerda el amigo Tav\u00e1rez, -en esa \u00e9poca presidente del Comit\u00e9 Municipal del PRI- que el ingeniero Francisco Le\u00f3n de la Barra, fung\u00eda de director general del Fideicomiso Acapulco (<strong>FIDACA<\/strong>), qui\u00e9n trat\u00f3 de ejecutar el <strong>Acuerdo Presidencial<\/strong>, a in de llegar a un convenio con los ejidatarios de Puerto Marqu\u00e9s de construirles casas y obras de drenaje, a cambio de la regeneraci\u00f3n de la \u201c<strong>Laguna Negra<\/strong>\u201d, incumpli\u00e9ndose por no coadyuvar en la limpieza lagunar, permaneciendo en condiciones insalubres, y mala imagen a los turistas que disfrutaban el recorrido por la enigm\u00e1tica laguna en ese popular balneario tur\u00edstico.<\/p>\n<p>El pol\u00edtico acapulque\u00f1o de amplia trayectoria p\u00fablica, rememora que una d\u00e9cada antes, en la \u00e9poca de gobierno del ingeniero Rub\u00e9n Figueroa Figueroa, en 1977, se celebr\u00f3 un contrato con empresarios japoneses para que la \u201c<strong>Laguna Negra<\/strong>\u201d fuese transformada con fines tur\u00edsticos e inversiones millonarias en d\u00f3lares.<\/p>\n<p>El contrato no logr\u00f3 consolidarse, a pesar que el director del mega proyecto, fue el tabasque\u00f1o Leandro Rovirosa Wade, secretario de Recursos Hidr\u00e1ulicos, reconocido profesional en la materia.<\/p>\n<p>Tav\u00e1rez Ju\u00e1rez tambi\u00e9n hace remembranza sobre los da\u00f1os colaterales que sufren los marquesanos con las frecuentes inundaciones, ocasionadas por los fen\u00f3menos meteorol\u00f3gicos, <em>Pauline<\/em>, <em>Ingrid y Manuel, Otis y John<\/em>, adem\u00e1s de tormentas tropicales.<\/p>\n<p>Remata: \u201cNo debemos olvidar el m\u00e1s preciado proyecto inmobiliario del gobernador Jos\u00e9 Francisco Ru\u00edz Massieu, fue \u201c<strong>Punta Diamante<\/strong>\u201d, donde no fueron concluidas las obras de drenaje del bulevar de Las Naciones, ni tampoco la prolongaci\u00f3n de la v\u00eda r\u00e1pida del Macrot\u00fanel al aeropuerto internacional, habiendo quedado escombros que influy\u00f3 en las inundaciones en la zona de Llano Largo-Cayaco, afectando a colonias populares, Colosio, La Poza y otras de reciente creaci\u00f3n\u201d.<\/p>\n<p>Poco han servido las obras inconclusas de mitigaci\u00f3n a cargo de la <strong>CONAGUA, CAPASEG Y CAPAMA<\/strong>, porque el problema se mantiene latente debido a implicaciones t\u00e9cnicas y escases de inversi\u00f3n p\u00fablica, mientras tanto, las afectaciones contin\u00faan causando grandes p\u00e9rdidas al menaje de los hogares, sin obtenerse soluciones definitivas que impidan el anegamiento en las extensas zonas de fraccionamientos y colonias populares.<\/p>\n<p><strong>Marea Baja.-<\/strong> Triste y lamentable el fallecimiento del atleta guerrerense, El\u00edas Hern\u00e1ndez Nava, a causa de un derrame cerebral, el mi\u00e9rcoles 8 del actual, en el Hospital de Especialidades del ISSSTE, en Cuernavaca, Morelos.<\/p>\n<p>Hern\u00e1ndez Nava fue un destacado maratonista nacional e instructor de nuevas generaciones de corredores de velocidad y fondo; en las pistas de atletismo del CREA y el Polideportivo de la ciudad capital.<\/p>\n<p>Diversos clubes de deportivas han lanzado la propuesta para que alguna de las dos instalaciones deportivas o pistas de atletismo se le imponga su nombre, en reconocimiento a su extraordinaria labor y en homenaje p\u00f3stumo a su entrega y dedicaci\u00f3n como promotor deportivo.<\/p>\n<p><strong>Marea Alta.-<\/strong> <em>Pian pianito<\/em> se vienen integrando nuevos liderazgos al Movimiento Ciudadano (<strong>MC<\/strong>), desde que tom\u00f3 la batuta de este instituto pol\u00edtico, el ex gobernador H\u00e9ctor Astudillo Flores, Enlace Nacional y Gabriela Bernal Res\u00e9ndiz, Coordinador Estatal, cargo que asumi\u00f3 en noviembre del a\u00f1o pasado.<\/p>\n<p>Entre las nuevas incorporaciones al partido naranja destacan, el l\u00edder de la Secci\u00f3n 20 de la CTM, Rey Rafael S\u00e1nchez, cuya adhesi\u00f3n habr\u00eda que abon\u00e1rsele al regidor Armando A\u00f1orve R\u00edos. La semana anterior, se sum\u00f3 el ex comisionado del Sindicato del IMSS, David Hern\u00e1ndez Gorj\u00f3n.<\/p>\n<p>Con anterioridad se hab\u00edan originado algunas deserciones irrelevantes, sin que afectara la membres\u00eda de <strong>MC<\/strong>, qu\u00e9 en la elecci\u00f3n de 2024, logr\u00f3 ubicarse en la segunda posici\u00f3n despu\u00e9s de <strong>MORENA<\/strong>,<\/p>\n<p><strong>Maremoto.-<\/strong> El programa federal \u201c<strong>Sembradores de Paz<\/strong>\u201d, impulsado por la maestra <strong>Esthela Dami\u00e1n Peralta<\/strong>, subsecretaria de Prevenci\u00f3n de las Violencias de la Secretar\u00eda de Seguridad y Protecci\u00f3n Ciudadana (<strong>SSPC<\/strong>), desarrollado exitosamente en Tijuana, Tabasco, Estado de M\u00e9xico y Oaxaca, con el rescate de 5 mil j\u00f3venes, dentro de la <strong>Estrategia Nacional de Construcci\u00f3n de Paz<\/strong>.<\/p>\n<p>El programa busca prevenir la violencia y promover la paz, fortalecer la convivencia social, e involucrar a la juventud como agente de cambio para construir una cultura de paz.<\/p>\n<p>La alta funcionaria guerrerense anunci\u00f3 en el programa radiof\u00f3nico \u201cAl Tanto\u201d, bajo la conducci\u00f3n del periodista Misael Habana, la implementaci\u00f3n del programa en la entidad, en apoyo a la juventud guerrerense, en condiciones de vulnerabilidad y evitar resulten v\u00edctimas de adicciones, como es el prop\u00f3sito de la presidenta Claudia Sheinbaum.<br \/>\n<em>) <a href=\"http:\/\/) fb.me\/steparious ) fb.me\/acapulcopress\" target=\"_blank\" rel=\"noopener\">fb.me\/steparious<\/a> )<a href=\"http:\/\/) fb.me\/steparious ) fb.me\/acapulcopress\" target=\"_blank\" rel=\"noopener\"> fb.me\/acapulcopress<\/a><\/em><\/p>\n","protected":false},"excerpt":{"rendered":"<p>A ra\u00edz de las publicaciones sobre la \u201cLaguna Negra\u201d de Puerto Marqu\u00e9s, uno de mis tetra lectores favoritos<\/p>\n","protected":false},"author":1,"featured_media":1260758,"comment_status":"closed","ping_status":"open","sticky":false,"template":"","format":"standard","meta":{"footnotes":""},"categories":[2071,1991],"tags":[18844,11670,12503,15575],"class_list":["post-1260757","post","type-post","status-publish","format-standard","has-post-thumbnail","hentry","category-opinion-analisis-columnas","category-libertad-de-expresion","tag-elias-cuauhtemoc-tavarez-juarez","tag-laguna-negra-de-puerto-marques","tag-maremagnum","tag-ricardo-castillo-barrientos"],"_links":{"self":[{"href":"https:\/\/www.acapulcopress.com\/index.php\/wp-json\/wp\/v2\/posts\/1260757","targetHints":{"allow":["GET"]}}],"collection":[{"href":"https:\/\/www.acapulcopress.com\/index.php\/wp-json\/wp\/v2\/posts"}],"about":[{"href":"https:\/\/www.acapulcopress.com\/index.php\/wp-json\/wp\/v2\/types\/post"}],"author":[{"embeddable":true,"href":"https:\/\/www.acapulcopress.com\/index.php\/wp-json\/wp\/v2\/users\/1"}],"replies":[{"embeddable":true,"href":"https:\/\/www.acapulcopress.com\/index.php\/wp-json\/wp\/v2\/comments?post=1260757"}],"version-history":[{"count":3,"href":"https:\/\/www.acapulcopress.com\/index.php\/wp-json\/wp\/v2\/posts\/1260757\/revisions"}],"predecessor-version":[{"id":1260761,"href":"https:\/\/www.acapulcopress.com\/index.php\/wp-json\/wp\/v2\/posts\/1260757\/revisions\/1260761"}],"wp:featuredmedia":[{"embeddable":true,"href":"https:\/\/www.acapulcopress.com\/index.php\/wp-json\/wp\/v2\/media\/1260758"}],"wp:attachment":[{"href":"https:\/\/www.acapulcopress.com\/index.php\/wp-json\/wp\/v2\/media?parent=1260757"}],"wp:term":[{"taxonomy":"category","embeddable":true,"href":"https:\/\/www.acapulcopress.com\/index.php\/wp-json\/wp\/v2\/categories?post=1260757"},{"taxonomy":"post_tag","embeddable":true,"href":"https:\/\/www.acapulcopress.com\/index.php\/wp-json\/wp\/v2\/tags?post=1260757"}],"curies":[{"name":"wp","href":"https:\/\/api.w.org\/{rel}","templated":true}]}}