{"id":1260773,"date":"2025-10-15T20:06:18","date_gmt":"2025-10-16T02:06:18","guid":{"rendered":"https:\/\/www.acapulcopress.com\/?p=1260773"},"modified":"2025-10-15T20:19:28","modified_gmt":"2025-10-16T02:19:28","slug":"reconoce-anorve-labor-de-gustavo-alarcon-en-su-primer-ano-de-gobierno","status":"publish","type":"post","link":"https:\/\/www.acapulcopress.com\/index.php\/2025\/10\/15\/reconoce-anorve-labor-de-gustavo-alarcon-en-su-primer-ano-de-gobierno\/","title":{"rendered":"Reconoce A\u00f1orve labor de Gustavo Alarc\u00f3n en su primer a\u00f1o de Gobierno"},"content":{"rendered":"<p>CHILPANCINGO * 15 de octubre 2025<br \/>\n<em>) Especial<\/em><br \/>\nEl coordinador del<em> Grupo Parlamentario del PRI<\/em> en el Senado de la Rep\u00fablica, <strong>Manuel A\u00f1orve Ba\u00f1os<\/strong>, asisti\u00f3 al <em>Primer Informe de Gobierno<\/em> de su amigo, el alcalde de Chilpancingo, <strong>Gustavo Alarc\u00f3n Herrera<\/strong>, a quien le hizo un especial reconocimiento por su gran trabajo cercano a la gente de la capital, adem\u00e1s de resaltar las acciones que han realizado, las cuales permiten la generaci\u00f3n de mejores condiciones de vida.<\/p>\n<p>Al ser abordado por medios de comunicaci\u00f3n, A\u00f1orve Ba\u00f1os expres\u00f3 que hoy Chilpancingo cuenta con mejores servicios p\u00fablicos municipales, adem\u00e1s de precisar lo que el alcalde ha realizado en obras de infraestructura, la pavimentaci\u00f3n de calles y la introducci\u00f3n de drenaje, as\u00ed como los avances en materia de seguridad p\u00fablica, capacitando a los elementos de la SSP, dot\u00e1ndolos de las herramientas necesarias para la prevenci\u00f3n.<\/p>\n<p>El senador A\u00f1orve, puntualiz\u00f3 que su amigo, el alcalde de la capital cuenta con un aliado en el Senado de la Rep\u00fablica, que le ayudar\u00e1 a seguir tocando puertas a nivel nacional, legislando en bien de este municipio y buscando m\u00e1s y mejores oportunidades.<\/p>\n<p>Adem\u00e1s resalt\u00f3 el acompa\u00f1amiento que legislando hicieron al presidente municipal, los diputados del PRI,<strong> Alejandro Bravo Abarca<\/strong>, <strong>Pilar Vadillo Rui<\/strong>z, <strong>V\u00edctor Hugo Vega<\/strong> y <strong>Jes\u00fas Parra<\/strong>, as\u00ed como el ex gobernador, <strong>Rub\u00e9n Figueroa Alcocer<\/strong>, y el ex senador <strong>H\u00e9ctor Vicario Castrej\u00f3n<\/strong>, entre otros.<\/p>\n<p><a href=\"https:\/\/www.acapulcopress.com\/wp-content\/uploads\/2025\/10\/ANORVE-CHILPO2.jpg\"><img loading=\"lazy\" decoding=\"async\" class=\"alignnone wp-image-1260775 size-full\" src=\"https:\/\/www.acapulcopress.com\/wp-content\/uploads\/2025\/10\/ANORVE-CHILPO2.jpg\" alt=\"\" width=\"1280\" height=\"655\" srcset=\"https:\/\/www.acapulcopress.com\/wp-content\/uploads\/2025\/10\/ANORVE-CHILPO2.jpg 1280w, https:\/\/www.acapulcopress.com\/wp-content\/uploads\/2025\/10\/ANORVE-CHILPO2-300x154.jpg 300w, https:\/\/www.acapulcopress.com\/wp-content\/uploads\/2025\/10\/ANORVE-CHILPO2-1024x524.jpg 1024w, https:\/\/www.acapulcopress.com\/wp-content\/uploads\/2025\/10\/ANORVE-CHILPO2-768x393.jpg 768w, https:\/\/www.acapulcopress.com\/wp-content\/uploads\/2025\/10\/ANORVE-CHILPO2-580x297.jpg 580w, https:\/\/www.acapulcopress.com\/wp-content\/uploads\/2025\/10\/ANORVE-CHILPO2-860x440.jpg 860w, https:\/\/www.acapulcopress.com\/wp-content\/uploads\/2025\/10\/ANORVE-CHILPO2-1160x594.jpg 1160w\" sizes=\"auto, (max-width: 1280px) 100vw, 1280px\" \/><\/a><br \/>\n<em>)<a href=\"http:\/\/fb.me\/steparious\" target=\"_blank\" rel=\"noopener\"> fb.me\/steparious<\/a> )<a href=\"http:\/\/fb.me\/acapulcopress\" target=\"_blank\" rel=\"noopener\"> fb.me\/acapulcopress<\/a><\/em><\/p>\n","protected":false},"excerpt":{"rendered":"<p>CHILPANCINGO * 15 de octubre 2025 ) Especial El coordinador del Grupo Parlamentario del PRI en el Senado de la Rep\u00fablica, Manuel A\u00f1orve Ba\u00f1os, asisti\u00f3 al Primer Informe de Gobierno de su amigo, el alcalde de Chilpancingo, Gustavo Alarc\u00f3n Herrera, a quien le hizo un especial reconocimiento por su gran trabajo cercano a la gente&#8230;<\/p>\n","protected":false},"author":1,"featured_media":1260774,"comment_status":"closed","ping_status":"open","sticky":false,"template":"","format":"standard","meta":{"footnotes":""},"categories":[2080],"tags":[9599,12366],"class_list":["post-1260773","post","type-post","status-publish","format-standard","has-post-thumbnail","hentry","category-regiones-de-guerrero","tag-gustavo-alarcon-herrera","tag-manuel-anorve-banos"],"_links":{"self":[{"href":"https:\/\/www.acapulcopress.com\/index.php\/wp-json\/wp\/v2\/posts\/1260773","targetHints":{"allow":["GET"]}}],"collection":[{"href":"https:\/\/www.acapulcopress.com\/index.php\/wp-json\/wp\/v2\/posts"}],"about":[{"href":"https:\/\/www.acapulcopress.com\/index.php\/wp-json\/wp\/v2\/types\/post"}],"author":[{"embeddable":true,"href":"https:\/\/www.acapulcopress.com\/index.php\/wp-json\/wp\/v2\/users\/1"}],"replies":[{"embeddable":true,"href":"https:\/\/www.acapulcopress.com\/index.php\/wp-json\/wp\/v2\/comments?post=1260773"}],"version-history":[{"count":3,"href":"https:\/\/www.acapulcopress.com\/index.php\/wp-json\/wp\/v2\/posts\/1260773\/revisions"}],"predecessor-version":[{"id":1260778,"href":"https:\/\/www.acapulcopress.com\/index.php\/wp-json\/wp\/v2\/posts\/1260773\/revisions\/1260778"}],"wp:featuredmedia":[{"embeddable":true,"href":"https:\/\/www.acapulcopress.com\/index.php\/wp-json\/wp\/v2\/media\/1260774"}],"wp:attachment":[{"href":"https:\/\/www.acapulcopress.com\/index.php\/wp-json\/wp\/v2\/media?parent=1260773"}],"wp:term":[{"taxonomy":"category","embeddable":true,"href":"https:\/\/www.acapulcopress.com\/index.php\/wp-json\/wp\/v2\/categories?post=1260773"},{"taxonomy":"post_tag","embeddable":true,"href":"https:\/\/www.acapulcopress.com\/index.php\/wp-json\/wp\/v2\/tags?post=1260773"}],"curies":[{"name":"wp","href":"https:\/\/api.w.org\/{rel}","templated":true}]}}