{"id":1260795,"date":"2025-10-16T19:58:30","date_gmt":"2025-10-17T01:58:30","guid":{"rendered":"https:\/\/www.acapulcopress.com\/?p=1260795"},"modified":"2025-10-16T19:58:30","modified_gmt":"2025-10-17T01:58:30","slug":"encabezo-evelyn-salgado-apertura-del-centro-estatal-de-servicios-edificio-inteligente","status":"publish","type":"post","link":"https:\/\/www.acapulcopress.com\/index.php\/2025\/10\/16\/encabezo-evelyn-salgado-apertura-del-centro-estatal-de-servicios-edificio-inteligente\/","title":{"rendered":"Encabez\u00f3 Evelyn Salgado apertura del Centro Estatal de Servicios (Edificio Inteligente)"},"content":{"rendered":"<p>ACAPULCO * 16 de octubre 2025<br \/>\n<em>) Gobierno de Guerrero<\/em><br \/>\n\u201cHoy estamos demostrando que la infraestructura p\u00fablica se convierte en bienestar cuando hay visi\u00f3n, cuando hay voluntad\u201d, afirm\u00f3 la <a href=\"https:\/\/www.acapulcopress.com\/wp-content\/uploads\/2025\/10\/EVELYN.TURISMO5.jpg\"><img loading=\"lazy\" decoding=\"async\" class=\"alignleft wp-image-1260800 size-cmsmasters-square-thumb\" src=\"https:\/\/www.acapulcopress.com\/wp-content\/uploads\/2025\/10\/EVELYN.TURISMO5-360x360.jpg\" alt=\"\" width=\"360\" height=\"360\" srcset=\"https:\/\/www.acapulcopress.com\/wp-content\/uploads\/2025\/10\/EVELYN.TURISMO5-360x360.jpg 360w, https:\/\/www.acapulcopress.com\/wp-content\/uploads\/2025\/10\/EVELYN.TURISMO5-150x150.jpg 150w, https:\/\/www.acapulcopress.com\/wp-content\/uploads\/2025\/10\/EVELYN.TURISMO5-70x70.jpg 70w\" sizes=\"auto, (max-width: 360px) 100vw, 360px\" \/><\/a>gobernadora <strong>Evelyn Salgado Pineda<\/strong> durante la apertura del Centro Estatal de Servicios, en donde se concentran diversas dependencias estatales, para acercar los servicios, brindar atenci\u00f3n a la poblaci\u00f3n y facilitar el acceso a los distintos tr\u00e1mites.<\/p>\n<p>Ante\u00a0 servidores p\u00fablicos de las diversas dependencias, la jefa del Ejecutivo estatal, refrend\u00f3 su compromiso para ofrecer a la poblaci\u00f3n un gobierno cercano a la gente, con sentido social y moderno, priorizando la atenci\u00f3n eficaz y con calidez, mediante la integraci\u00f3n de los servicios de dependencias como la <em>Secretar\u00eda de Finanzas y Administraci\u00f3n, Acab\u00fas, Secretar\u00eda de la Mujer, Secretar\u00eda de Turismo, C-5, Registro P\u00fablico de la Propiedad<\/em>, por mencionar algunas.<\/p>\n<p>La mandataria estatal destac\u00f3 que la administraci\u00f3n que encabeza, tom\u00f3 la decisi\u00f3n de rehabilitar y adecuar el llamado edificio inteligente, para devolverle su prop\u00f3sito original y convertirlo en una verdadera Casa del Pueblo, funcional, de puertas abiertas y digno, para toda la ciudadan\u00eda.<\/p>\n<p>\u201cYa no queremos que las familias tengan que dar vueltas de un lugar y otro, queremos que encuentren aqu\u00ed un gobierno eficiente, cercano y con sentido social. Yo estoy segura que esta apertura y esta nueva din\u00e1mica de tener varias dependencias en este lugar, va a favorecer mucho, sobre todo, a las y los acapulque\u00f1os\u201d, explic\u00f3.<\/p>\n<p><a href=\"https:\/\/www.acapulcopress.com\/wp-content\/uploads\/2025\/10\/EVELYN.TURISMO18.jpg\"><img loading=\"lazy\" decoding=\"async\" class=\"alignleft wp-image-1260813 size-cmsmasters-square-thumb\" src=\"https:\/\/www.acapulcopress.com\/wp-content\/uploads\/2025\/10\/EVELYN.TURISMO18-360x360.jpg\" alt=\"\" width=\"360\" height=\"360\" srcset=\"https:\/\/www.acapulcopress.com\/wp-content\/uploads\/2025\/10\/EVELYN.TURISMO18-360x360.jpg 360w, https:\/\/www.acapulcopress.com\/wp-content\/uploads\/2025\/10\/EVELYN.TURISMO18-150x150.jpg 150w, https:\/\/www.acapulcopress.com\/wp-content\/uploads\/2025\/10\/EVELYN.TURISMO18-70x70.jpg 70w\" sizes=\"auto, (max-width: 360px) 100vw, 360px\" \/><\/a>Salgado Pineda detall\u00f3 que actualmente este edificio concentra a poco m\u00e1s de mil 320 trabajadores, tanto de dependencias estatales como federales y explic\u00f3 que adem\u00e1s de los beneficios para la poblaci\u00f3n, se genera un ahorro directo en gastos por renta de inmuebles, enfocando esos recursos a la generaci\u00f3n de m\u00e1s y mejor infraestructura y acciones a favor de la poblaci\u00f3n.<\/p>\n<p>\u201cEste edificio aqu\u00ed estaba, pero si no hubiera habido la voluntad de darle un buen uso, y sobre todo, con la sensibilidad tambi\u00e9n, porque se le pudo dar uno, dos, tres usos diferentes, pero nosotros pensamos en la poblaci\u00f3n acapulque\u00f1a, que muchas veces ten\u00eda que pagar uno, dos, tres, cuatro pasajes, para poder realizar sus gestiones. Hoy, en un mismo lugar pueden realizar varias gestiones al mismo tiempo y se van a ahorrar tambi\u00e9n el transporte, se van a ahorrar tiempo\u201d, explic\u00f3.<\/p>\n<p>Durante su participaci\u00f3n, el Oficial Mayor de la Secretar\u00eda de Finanzas y Administraci\u00f3n, <strong>Ricardo Salinas M\u00e9ndez<\/strong>,\u00a0 destac\u00f3 los esfuerzos realizados para lograr la rehabilitaci\u00f3n de este edificio, lo que se traduce en el uso eficaz de los recursos p\u00fablicos. Explic\u00f3 que, gracias a esta reorganizaci\u00f3n, se logr\u00f3 un ahorro en rentas y servicios generales, por m\u00e1s de 12 millones de pesos anuales.<\/p>\n<p>\u201cHoy por instrucciones de nuestra gobernadora, lo recuperamos y actualizamos para ponerlo verdaderamente al servicio de la gente, porque <a href=\"https:\/\/www.acapulcopress.com\/wp-content\/uploads\/2025\/10\/EVELYN.TURISMO17.jpg\"><img loading=\"lazy\" decoding=\"async\" class=\"alignleft wp-image-1260812 size-cmsmasters-square-thumb\" src=\"https:\/\/www.acapulcopress.com\/wp-content\/uploads\/2025\/10\/EVELYN.TURISMO17-360x360.jpg\" alt=\"\" width=\"360\" height=\"360\" srcset=\"https:\/\/www.acapulcopress.com\/wp-content\/uploads\/2025\/10\/EVELYN.TURISMO17-360x360.jpg 360w, https:\/\/www.acapulcopress.com\/wp-content\/uploads\/2025\/10\/EVELYN.TURISMO17-150x150.jpg 150w, https:\/\/www.acapulcopress.com\/wp-content\/uploads\/2025\/10\/EVELYN.TURISMO17-70x70.jpg 70w\" sizes=\"auto, (max-width: 360px) 100vw, 360px\" \/><\/a>somos de la idea que hay que darle uso a las cosas que ya le costaron al pueblo y este edificio representa eso, el aprovechamiento responsable de los recursos p\u00fablicos y la transformaci\u00f3n con hechos\u201d, dijo.<\/p>\n<p>A nombre de las y los servidores p\u00fablicos, <strong>Laura Ver\u00f3nica Cervantes Hern\u00e1ndez<\/strong>, directora del<em> Centro de Atenci\u00f3n Integral a V\u00edctimas de Violencia<\/em> de la<em> Secretar\u00eda de la Mujer<\/em>, agradeci\u00f3 el trabajo realizado, que se refleja en la puesta en funcionamiento de este edificio, dotando de m\u00e1s y mejores condiciones para los integrantes de las diferentes dependencias y sobre todo, un espacio digno para la poblaci\u00f3n.<\/p>\n<p>\u201cAdmiramos profundamente su incansable trabajo, su visi\u00f3n y liderazgo, que sin lugar a dudas, contin\u00faan impulsando con firmeza y ah\u00ednco la transformaci\u00f3n de nuestro estado de Guerrero, mostrando con ello un gran paso para el desarrollo y el bienestar de las y los guerrerenses\u201d, sostuvo.<\/p>\n<p>Enseguida, la gobernadora llev\u00f3 a cabo el corte de list\u00f3n inaugural y realiz\u00f3 un recorrido por todas las oficinas.<\/p>\n<p>Acompa\u00f1aron a la gobernadora, el secretario de Turismo, <strong>Sim\u00f3n Qui\u00f1ones Orozco<\/strong>; el director del <em>C-5,<\/em> <strong>Sergio Saga\u00f3n Aguilar<\/strong>, as\u00ed como representantes de diversas dependencias.<\/p>\n<p><a href=\"https:\/\/www.acapulcopress.com\/wp-content\/uploads\/2025\/10\/EVELYN.TURISMO7.jpg\"><img loading=\"lazy\" decoding=\"async\" class=\"alignnone wp-image-1260802 size-full\" src=\"https:\/\/www.acapulcopress.com\/wp-content\/uploads\/2025\/10\/EVELYN.TURISMO7.jpg\" alt=\"\" width=\"1280\" height=\"853\" srcset=\"https:\/\/www.acapulcopress.com\/wp-content\/uploads\/2025\/10\/EVELYN.TURISMO7.jpg 1280w, https:\/\/www.acapulcopress.com\/wp-content\/uploads\/2025\/10\/EVELYN.TURISMO7-300x200.jpg 300w, https:\/\/www.acapulcopress.com\/wp-content\/uploads\/2025\/10\/EVELYN.TURISMO7-1024x682.jpg 1024w, https:\/\/www.acapulcopress.com\/wp-content\/uploads\/2025\/10\/EVELYN.TURISMO7-768x512.jpg 768w, https:\/\/www.acapulcopress.com\/wp-content\/uploads\/2025\/10\/EVELYN.TURISMO7-580x387.jpg 580w, https:\/\/www.acapulcopress.com\/wp-content\/uploads\/2025\/10\/EVELYN.TURISMO7-860x573.jpg 860w, https:\/\/www.acapulcopress.com\/wp-content\/uploads\/2025\/10\/EVELYN.TURISMO7-1160x773.jpg 1160w\" sizes=\"auto, (max-width: 1280px) 100vw, 1280px\" \/><\/a> <a href=\"https:\/\/www.acapulcopress.com\/wp-content\/uploads\/2025\/10\/EVELYN.TURISMO6.jpg\"><img loading=\"lazy\" decoding=\"async\" class=\"alignnone wp-image-1260801 size-full\" src=\"https:\/\/www.acapulcopress.com\/wp-content\/uploads\/2025\/10\/EVELYN.TURISMO6.jpg\" alt=\"\" width=\"1280\" height=\"853\" srcset=\"https:\/\/www.acapulcopress.com\/wp-content\/uploads\/2025\/10\/EVELYN.TURISMO6.jpg 1280w, https:\/\/www.acapulcopress.com\/wp-content\/uploads\/2025\/10\/EVELYN.TURISMO6-300x200.jpg 300w, https:\/\/www.acapulcopress.com\/wp-content\/uploads\/2025\/10\/EVELYN.TURISMO6-1024x682.jpg 1024w, https:\/\/www.acapulcopress.com\/wp-content\/uploads\/2025\/10\/EVELYN.TURISMO6-768x512.jpg 768w, https:\/\/www.acapulcopress.com\/wp-content\/uploads\/2025\/10\/EVELYN.TURISMO6-580x387.jpg 580w, https:\/\/www.acapulcopress.com\/wp-content\/uploads\/2025\/10\/EVELYN.TURISMO6-860x573.jpg 860w, https:\/\/www.acapulcopress.com\/wp-content\/uploads\/2025\/10\/EVELYN.TURISMO6-1160x773.jpg 1160w\" sizes=\"auto, (max-width: 1280px) 100vw, 1280px\" \/><\/a> <a href=\"https:\/\/www.acapulcopress.com\/wp-content\/uploads\/2025\/10\/EVELYN.TURISMO3.jpg\"><img loading=\"lazy\" decoding=\"async\" class=\"alignnone wp-image-1260798 size-full\" src=\"https:\/\/www.acapulcopress.com\/wp-content\/uploads\/2025\/10\/EVELYN.TURISMO3.jpg\" alt=\"\" width=\"1280\" height=\"853\" srcset=\"https:\/\/www.acapulcopress.com\/wp-content\/uploads\/2025\/10\/EVELYN.TURISMO3.jpg 1280w, https:\/\/www.acapulcopress.com\/wp-content\/uploads\/2025\/10\/EVELYN.TURISMO3-300x200.jpg 300w, https:\/\/www.acapulcopress.com\/wp-content\/uploads\/2025\/10\/EVELYN.TURISMO3-1024x682.jpg 1024w, https:\/\/www.acapulcopress.com\/wp-content\/uploads\/2025\/10\/EVELYN.TURISMO3-768x512.jpg 768w, https:\/\/www.acapulcopress.com\/wp-content\/uploads\/2025\/10\/EVELYN.TURISMO3-580x387.jpg 580w, https:\/\/www.acapulcopress.com\/wp-content\/uploads\/2025\/10\/EVELYN.TURISMO3-860x573.jpg 860w, https:\/\/www.acapulcopress.com\/wp-content\/uploads\/2025\/10\/EVELYN.TURISMO3-1160x773.jpg 1160w\" sizes=\"auto, (max-width: 1280px) 100vw, 1280px\" \/><\/a><\/p>\n<p><em>) <a href=\"http:\/\/fb.me\/steparious\" target=\"_blank\" rel=\"noopener\">fb.me\/steparious<\/a> ) <a href=\"http:\/\/fb.me\/acapulcopress\" target=\"_blank\" rel=\"noopener\">fb.me\/acapulcopress<\/a><\/em><\/p>\n","protected":false},"excerpt":{"rendered":"<p>ACAPULCO * 16 de octubre 2025 ) Gobierno de Guerrero \u201cHoy estamos demostrando que la infraestructura p\u00fablica se convierte en bienestar cuando hay visi\u00f3n, cuando hay voluntad\u201d, afirm\u00f3 la gobernadora Evelyn Salgado Pineda durante la apertura del Centro Estatal de Servicios, en donde se concentran diversas dependencias estatales, para acercar los servicios, brindar atenci\u00f3n a&#8230;<\/p>\n","protected":false},"author":1,"featured_media":1260798,"comment_status":"closed","ping_status":"open","sticky":false,"template":"","format":"standard","meta":{"footnotes":""},"categories":[1980,1983],"tags":[18845,8251,15598,18846,16634],"class_list":["post-1260795","post","type-post","status-publish","format-standard","has-post-thumbnail","hentry","category-goverment-2","category-guerrerogob","tag-c-5","tag-evelyn-salgado-pineda","tag-ricardo-salinas-mendez","tag-sergio-sagaon-aguilar","tag-simon-quinones-orozco"],"_links":{"self":[{"href":"https:\/\/www.acapulcopress.com\/index.php\/wp-json\/wp\/v2\/posts\/1260795","targetHints":{"allow":["GET"]}}],"collection":[{"href":"https:\/\/www.acapulcopress.com\/index.php\/wp-json\/wp\/v2\/posts"}],"about":[{"href":"https:\/\/www.acapulcopress.com\/index.php\/wp-json\/wp\/v2\/types\/post"}],"author":[{"embeddable":true,"href":"https:\/\/www.acapulcopress.com\/index.php\/wp-json\/wp\/v2\/users\/1"}],"replies":[{"embeddable":true,"href":"https:\/\/www.acapulcopress.com\/index.php\/wp-json\/wp\/v2\/comments?post=1260795"}],"version-history":[{"count":1,"href":"https:\/\/www.acapulcopress.com\/index.php\/wp-json\/wp\/v2\/posts\/1260795\/revisions"}],"predecessor-version":[{"id":1260816,"href":"https:\/\/www.acapulcopress.com\/index.php\/wp-json\/wp\/v2\/posts\/1260795\/revisions\/1260816"}],"wp:featuredmedia":[{"embeddable":true,"href":"https:\/\/www.acapulcopress.com\/index.php\/wp-json\/wp\/v2\/media\/1260798"}],"wp:attachment":[{"href":"https:\/\/www.acapulcopress.com\/index.php\/wp-json\/wp\/v2\/media?parent=1260795"}],"wp:term":[{"taxonomy":"category","embeddable":true,"href":"https:\/\/www.acapulcopress.com\/index.php\/wp-json\/wp\/v2\/categories?post=1260795"},{"taxonomy":"post_tag","embeddable":true,"href":"https:\/\/www.acapulcopress.com\/index.php\/wp-json\/wp\/v2\/tags?post=1260795"}],"curies":[{"name":"wp","href":"https:\/\/api.w.org\/{rel}","templated":true}]}}