{"id":1260818,"date":"2025-10-17T18:16:08","date_gmt":"2025-10-18T00:16:08","guid":{"rendered":"https:\/\/www.acapulcopress.com\/?p=1260818"},"modified":"2025-10-17T21:03:46","modified_gmt":"2025-10-18T03:03:46","slug":"snrp-fap-fuerte-y-claro","status":"publish","type":"post","link":"https:\/\/www.acapulcopress.com\/index.php\/2025\/10\/17\/snrp-fap-fuerte-y-claro\/","title":{"rendered":"SNRP\/FAP | Fuerte y claro"},"content":{"rendered":"<p>Sin da\u00f1os a terceros<br \/>\n\u00bb<a href=\"https:\/\/www.facebook.com\/Steparious\" target=\"_blank\" rel=\"noopener\"> <strong>\u00c1NGEL<\/strong> | <strong>BLANCO<\/strong><\/a><br \/>\n<em>) Acapulco Press<\/em><\/p>\n<p><strong>\u201cLas alianzas no son un fin; las alianzas son un medio de conseguir el fin que se apetece\u201d<\/strong><br \/>\n<em>) Juan Donoso Cort\u00e9s, estadista espa\u00f1ol parlamentario (1809-1853)<\/em><\/p>\n<p><em><strong>La \u00ablealtad moral\u00bb se basa en la congruencia entre valores y acciones personales, comprometiendo a un individuo a actuar con honor, transparencia y fidelidad a sus principios y promesas. En contraste, la \u00ablealtad institucional\u00bb es un principio que rige las relaciones dentro de una organizaci\u00f3n o sistema p\u00fablico, exigiendo respeto a las normas, favoreciendo el bien colectivo sobre el personal y defendiendo la reputaci\u00f3n de la instituci\u00f3n, describe la Inteligencia Artificial (IA) de<\/strong> Google.<\/em><\/p>\n<p>En ambas, con cabal humildad y plena calidad moral, puedo asegurar que he cumplido cabalmente. En ocasiones, no ha habido reciprocidad del lado opuesto, pero de este lado, a\u00fan no hay dedos flam\u00edgeros que se\u00f1alen lo contrario.<\/p>\n<p><strong>\u00bfPOR QU\u00c9 TANRO &#8216;ROLLO&#8217; ENTRE UNA COSA Y LA OTRA&#8217;?<\/strong><\/p>\n<p>El pasado 16 de octubre rend\u00ed protesta como Representante de la Delegaci\u00f3n XXV del<em> Sindicato Nacional de Redactores de la Prensa (<span class=\"xv78j7m\" spellcheck=\"false\">SNRP<\/span>)<\/em> ante el <em>Fondo de Apoyo a Periodistas de Guerrero (FAP),<\/em> a solicitud de amigos que le plantearon al actual secretario general de dicha agrupaci\u00f3n, <span class=\"xv78j7m\" spellcheck=\"false\">Alfredo Barrera R\u00edos<\/span>, mi propuesta y no tuvo reparo en aceptarme como tal, acci\u00f3n que valoro y agradezco.<\/p>\n<p>Siempre quise estar dentro de las entra\u00f1as del FAP para tratar de conseguir que la \u00abLey del Bienestar Integral para los Periodistas de Guerrero\u00bb, propulsada por el exgobernador <strong>Jos\u00e9 Francisco Ruiz Massie<\/strong>u el 5 de junio de 1992, y las \u00abReglas para la Operatividad\u00bb del programa denominado \u00abFondo de Apoyo a Periodistas de Guerrero\u00bb, emanadas de esta ley, se cumplan tal cual a favor de los periodistas que re\u00fanan los requisitos para ser beneficiarios de este fondo integral. Nunca me lo permitieron, nunca pude conseguirlo, hasta que se present\u00f3 esta invitaci\u00f3n que no dud\u00e9 en aceptar bajo una modalidad que bautic\u00e9 como \u00abCaballo de Troya\u00bb&#8230; pues fue la \u00fanica forma de que se concretizara ese anhelo de poner mi &#8216;granito de arena&#8217; a favor de aquellos que de una u otra forma se sienten inc\u00f3modos con \u00abalgunas acciones\u00bb que no terninan de convencer en el FAP, por estar un tanto alejadas de los contextos de la Ley que rige las reglas de este programa, seg\u00fan quejas a\u00f1ejas y vigentes.<\/p>\n<p>Me veo OBLIGADO a escribir estas l\u00edneas porque &#8216;parece&#8217; &#8211;parece&#8211; que mi nominaci\u00f3n cre\u00f3 algunas controversias tanto en el seno de la Delegaci\u00f3n XXV del SNRP como en los recovecos del mismo programa en cuesti\u00f3n.<\/p>\n<p><strong>Ser\u00e9 breve, pero concienzudo:<\/strong><\/p>\n<p><strong>1.-<\/strong> En mi mensaje p\u00fablico, dej\u00e9 claro que respetar\u00e9 la vida sindical de la agrupaci\u00f3n que me invit\u00f3 a ser su representante ante el FAP. Ese ser\u00e1 mi \u00ab\u00fanico objetivo\u00bb como miembro de la Delegaci\u00f3n XXV del SNRP. Fuera de ello, jam\u00e1s me entrometer\u00e9 en las decisiones, acuerdos o proyectos directos o internos de la Delegaci\u00f3n. Para quienes a\u00fan no quede claro el punto, detallo que ser\u00e9 ajeno a las decisiones internas de la Delegaci\u00f3n 25 en torno a sus normas administrativas y sus objetivos gremiales. No ser\u00e9 parte de ninguna movilizaci\u00f3n, protesta o acciones emprendidas por el Comit\u00e9 en turno, sean o no legales o leg\u00edtimas. Asistir\u00e9 a asambleas estatutarias y convenciones donde se requiera exponer temas relacionados con la representatividad que se me otorg\u00f3 ante el FAP. Agradezco profundamente al secretario general, <span class=\"xv78j7m\" spellcheck=\"false\">Alfredo Barrera<\/span>, y a su comit\u00e9, su confianza, y que hayan respetado mi postura. Por mi cuenta, siempre tendr\u00e1n mi respeto y apoyo a todas aquellas acciones que sean para velar por los derechos de los agremiados del SNRP, principalmente ante el FAP. Nada m\u00e1s.<\/p>\n<p><strong>2.-<\/strong> Para que nadie especule, anticipo: Si el Comit\u00e9 T\u00e9cnico del FAP avalara mi representatividad, una vez acreditado el respaldo estatutario del SNRP 25 y el Comit\u00e9 FAP para tal efecto, se\u00f1al\u00e9 claramente en mi toma de protesta que mi objetivo no ser\u00e1 confrontarme con nadie por temas y cuestiones insulsas o ins\u00edpidas; ni con el Lic. Sergio Ulises Ferrer Mart\u00ednez, director de Atenci\u00f3n a Periodistas, ni con el secretario del Bienestar, Pablo Andr\u00e9 Gordillo Oliveros, dependencia que administra el FAP&#8230; mucho menos con ningun representante de organizaciones afines. Mi actuaci\u00f3n se limitar\u00e1 a tratar de que se respete la Ley y los Reglamentos del FAP, los cuales entre sus estatutos detallan qui\u00e9nes tienen el derecho de pertener al mismo y las obligaciones y beneficios que corresponden a quienes integran el padron del mismo. A nombre del SNRP har\u00e9 valer mi voz y voto en aquellos temas que est\u00e9n apegados a la ley, a los lineamientos&#8230; todo lo dem\u00e1s, siempre ser\u00e1n rebatiblen, pero con la ley en la mano y sobre la mesa, mesura, cautela y respeto. Nada en lo oscurito ni a espaldas de quienes me depositaron su confianza. Cada tema abordado y duscutido ser\u00e1 trasmitido sin ediciones a los miembros del SNRP 25, quienes, de entrada, ser\u00e1n dotados de una copia de la Ley y las Reglas de Operatividad vigentes para que nadie los enga\u00f1e ni sorprenda. Ni yo.<\/p>\n<p>Si mis decisiones &#8211;apegadas a Ley y Reglas de Operatividad, siempre&#8211; causan molestias a quienes me hayan conferido esta honrosa mision, sin dudarlo sabr\u00e9 qu\u00e9 camino tomar, sin dar marcha atr\u00e1s. En el peor de los casos, cuando deje de ser \u00faltil, ser\u00e9 honesto conmigo mismo y tomar\u00e9 mi \u00abCaballo de Troya\u00bb y regresar\u00e9 al lugar de donde sal\u00ed, pero libre de actos o acciones que generen se\u00f1alamientos calumnionos o perniciosos. Jam\u00e1s he tenido deseo enfermiso por el poder ni la perpetuidad de los cargos.<\/p>\n<p>Aceptar\u00e9 sugerencias, cr\u00edticas, opiniones de cada uno de los integrantes del SNRP 25 y buscaremos los causes o mecanismos legales para tomar acuerdos y soluciones en decisiones afines al tema que me compete. Pero tambi\u00e9n sabr\u00e9 responder, como es mi caracter\u00edstica, a quienes critiquen por mero prejuicio y sin fundamentos cada una de mis acciones alusivas a la representatividad conferida por la Delegaci\u00f3n XXV del SNRP.<\/p>\n<p>Fui claro p\u00fablicamente: No favorecer\u00e9 a quien no cumpla los requisitos y ser\u00e9 claro en los fundamentos, ni ser\u00e9 comparsa de acciones, coacciones o simulaciones fuera del contexto legal, pero s\u00ed trataremos, con mi suplente, <span class=\"xv78j7m\" spellcheck=\"false\">Pedro Patricio Antolino<\/span>, que quien merezca estar en el FAP sea admitido sin reproches o argumentos legaloides.<\/p>\n<p>No vamos a enga\u00f1ar a nadie: \u00abNo prometemos depurar el padr\u00f3n del FAP porque &#8216;Sans\u00f3n&#8217; es muy fuerte y tiene muchos aliados, pero pondremos el dedo en la llaga que corresponda, siempre con la Ley y el Reglamento como escudos hasta conseguir dejar, al menos, un antecedente en ese tema.<\/p>\n<p>Lo que la Ley y el Reglamento digan se tiene que respetar y cumplir.<\/p>\n<p>A\u00fan con sus modificaciones, el 90% del contenido de la Reglas del FAP 2025 favorecen a los periodistas que, como dice la Ley, tengan como principal fuente de ingresos el periodismo y cumplan con los requisitos para ser miembros.<\/p>\n<p><strong>No hay m\u00e1s que decir.<\/strong><\/p>\n<p>Gracias<em> Alfredo, Willy, Estrella, Domingo, Fulgencio, Fernando, Lalo, Pedro, Antolino, Memo, Ang\u00e9lica, Alan, \u00abChina\u00bb, Luis Enrique, Lic. Apreza<\/em>&#8230; y todos aquellos que no identifico por nombre pero levantaron, sin vacilar, su mano, cuando escucharon la proposici\u00f3n para que se me designara representante del SNRP 25 ante el FAP.<\/p>\n<p>Soy un mortal como ustedes, no vacilen en hacerme llegar sus opiniones, cr\u00edticas, obervaciones o sugerencias. Sabr\u00e9 aceptarlas con la humildad que corresponde.<\/p>\n<p><em>Gracias, gracias, gracias.<br \/>\n<\/em><br \/>\n) <a class=\"x1fey0fg xmper1u x1edh9d7\" href=\"https:\/\/fb.me\/steparious\">fb.me\/steparious<\/a> ) <a class=\"x1fey0fg xmper1u x1edh9d7\" href=\"https:\/\/fb.me\/acapulcopress\">fb.me\/acapulcopress<\/a><\/p>\n","protected":false},"excerpt":{"rendered":"<p>\u00c1ngel Blanco | Me veo OBLIGADO a escribir estas l\u00edneas porque &#8216;parece&#8217; &#8211;parece&#8211; que mi nominaci\u00f3n cre\u00f3 algunas controversias<\/p>\n","protected":false},"author":1,"featured_media":1260819,"comment_status":"closed","ping_status":"open","sticky":false,"template":"","format":"standard","meta":{"footnotes":""},"categories":[1991,2008],"tags":[3174,3944,8761,18847,12791,16638,16658,16871],"class_list":["post-1260818","post","type-post","status-publish","format-standard","has-post-thumbnail","hentry","category-libertad-de-expresion","category-editorial","tag-acapulco-press","tag-angel-steparious","tag-fondo-de-apoyo-a-periodistas-de-guerrero-fap","tag-jose-francisco-ruiz-massie","tag-massiosare","tag-sin-danos-a-terceros","tag-sindicato-nacional-de-redactores-de-la-prensa-snrp","tag-steparious"],"_links":{"self":[{"href":"https:\/\/www.acapulcopress.com\/index.php\/wp-json\/wp\/v2\/posts\/1260818","targetHints":{"allow":["GET"]}}],"collection":[{"href":"https:\/\/www.acapulcopress.com\/index.php\/wp-json\/wp\/v2\/posts"}],"about":[{"href":"https:\/\/www.acapulcopress.com\/index.php\/wp-json\/wp\/v2\/types\/post"}],"author":[{"embeddable":true,"href":"https:\/\/www.acapulcopress.com\/index.php\/wp-json\/wp\/v2\/users\/1"}],"replies":[{"embeddable":true,"href":"https:\/\/www.acapulcopress.com\/index.php\/wp-json\/wp\/v2\/comments?post=1260818"}],"version-history":[{"count":5,"href":"https:\/\/www.acapulcopress.com\/index.php\/wp-json\/wp\/v2\/posts\/1260818\/revisions"}],"predecessor-version":[{"id":1260868,"href":"https:\/\/www.acapulcopress.com\/index.php\/wp-json\/wp\/v2\/posts\/1260818\/revisions\/1260868"}],"wp:featuredmedia":[{"embeddable":true,"href":"https:\/\/www.acapulcopress.com\/index.php\/wp-json\/wp\/v2\/media\/1260819"}],"wp:attachment":[{"href":"https:\/\/www.acapulcopress.com\/index.php\/wp-json\/wp\/v2\/media?parent=1260818"}],"wp:term":[{"taxonomy":"category","embeddable":true,"href":"https:\/\/www.acapulcopress.com\/index.php\/wp-json\/wp\/v2\/categories?post=1260818"},{"taxonomy":"post_tag","embeddable":true,"href":"https:\/\/www.acapulcopress.com\/index.php\/wp-json\/wp\/v2\/tags?post=1260818"}],"curies":[{"name":"wp","href":"https:\/\/api.w.org\/{rel}","templated":true}]}}