{"id":1260853,"date":"2025-10-17T20:47:24","date_gmt":"2025-10-18T02:47:24","guid":{"rendered":"https:\/\/www.acapulcopress.com\/?p=1260853"},"modified":"2025-10-17T20:56:02","modified_gmt":"2025-10-18T02:56:02","slug":"guerrero-refuerza-acciones-de-prevencion-y-combate-del-sarampion","status":"publish","type":"post","link":"https:\/\/www.acapulcopress.com\/index.php\/2025\/10\/17\/guerrero-refuerza-acciones-de-prevencion-y-combate-del-sarampion\/","title":{"rendered":"Guerrero refuerza prevenci\u00f3n y combate del sarampi\u00f3n"},"content":{"rendered":"<p>ACAPULCO * 17 de octubre 2025<br \/>\n<em>) Salud Guerrero<\/em><br \/>\nAnte los casos de sarampi\u00f3n en la Rep\u00fablica Mexicana, el gobierno de Guerrero a trav\u00e9s de la Secretar\u00eda de Salud, reforz\u00f3 las estrategias y <a href=\"https:\/\/www.acapulcopress.com\/wp-content\/uploads\/2025\/10\/sarampion-gro8.jpg\"><img loading=\"lazy\" decoding=\"async\" class=\"alignleft wp-image-1260861 size-cmsmasters-square-thumb\" src=\"https:\/\/www.acapulcopress.com\/wp-content\/uploads\/2025\/10\/sarampion-gro8-360x360.jpg\" alt=\"\" width=\"360\" height=\"360\" srcset=\"https:\/\/www.acapulcopress.com\/wp-content\/uploads\/2025\/10\/sarampion-gro8-360x360.jpg 360w, https:\/\/www.acapulcopress.com\/wp-content\/uploads\/2025\/10\/sarampion-gro8-150x150.jpg 150w, https:\/\/www.acapulcopress.com\/wp-content\/uploads\/2025\/10\/sarampion-gro8-70x70.jpg 70w\" sizes=\"auto, (max-width: 360px) 100vw, 360px\" \/><\/a>acciones para combatir el virus en las ocho regiones del estado.<\/p>\n<p>La titular de la dependencia, <strong>Alondra Garc\u00eda Carbajal<\/strong>, se\u00f1al\u00f3 que en el territorio mexicano existen 4 mil 959 casos confirmados, de los cuales 73 se encuentran en Guerrero, principalmente en las regiones de la Monta\u00f1a en los municipios de Cochoapa el Grande y Metlat\u00f3noc, donde 66 casos activos se registraron debido a que el flujo migratorio es m\u00e1s alto por personas jornaleras que laboran en el norte del pa\u00eds, y no cuentan con esquemas de vacunaci\u00f3n completos.<\/p>\n<p>\u201cNosotros hemos hecho los cercos epidemiol\u00f3gicos y los bloqueos vacunales, se ha acudido a municipios de La Monta\u00f1a\u201d, indic\u00f3 Garc\u00eda Carbajal, quien hizo el llamado a la poblaci\u00f3n para acercarse a los m\u00f3dulos de vacunaci\u00f3n que se han colocado en los centros de salud y algunas estaciones de autobuses de los municipios, en particular de la regi\u00f3n de la Monta\u00f1a.<\/p>\n<p>La responsable de salud en la entidad, explic\u00f3 que la transmisi\u00f3n del virus del sarampi\u00f3n es a trav\u00e9s de gotas de aire de la nariz, boca o garganta de una persona infectada, generando s\u00edntomas como fiebre alta, escurrimiento nasal, ojos llorosos y rojos, adem\u00e1s de peque\u00f1as manchas blancas que se presentan en la cara interna de las mejillas y erupciones en todo el cuerpo; este virus presenta un periodo de incubaci\u00f3n de 7 a 21 d\u00edas, con <a href=\"https:\/\/www.acapulcopress.com\/wp-content\/uploads\/2025\/10\/sarampion-gro7.jpg\"><img loading=\"lazy\" decoding=\"async\" class=\"alignleft wp-image-1260860 size-cmsmasters-square-thumb\" src=\"https:\/\/www.acapulcopress.com\/wp-content\/uploads\/2025\/10\/sarampion-gro7-360x360.jpg\" alt=\"\" width=\"360\" height=\"360\" srcset=\"https:\/\/www.acapulcopress.com\/wp-content\/uploads\/2025\/10\/sarampion-gro7-360x360.jpg 360w, https:\/\/www.acapulcopress.com\/wp-content\/uploads\/2025\/10\/sarampion-gro7-150x150.jpg 150w, https:\/\/www.acapulcopress.com\/wp-content\/uploads\/2025\/10\/sarampion-gro7-70x70.jpg 70w\" sizes=\"auto, (max-width: 360px) 100vw, 360px\" \/><\/a>transmisibilidad durante 4 d\u00edas antes y 4 despu\u00e9s del inicio de s\u00edntomas.<\/p>\n<p>La funcionaria estatal reiter\u00f3 el llamado a la poblaci\u00f3n en general a acudir a los m\u00f3dulos de aplicaci\u00f3n de vacunas, las cuales son totalmente gratuitas con el objetivo de alcanzar el cien por ciento de inmunizaci\u00f3n en la poblaci\u00f3n objetivo, especialmente en ni\u00f1as, ni\u00f1os y personas con riesgos de inmunodeficiencia o sin esquema completo de vacunaci\u00f3n.<\/p>\n<p>En caso de presentar alg\u00fan s\u00edntoma, Garc\u00eda Carbajal pide acercarse a las cl\u00ednicas o centros de salud para realizar las pruebas pertinentes a fin de detectar el virus; e hizo \u00e9nfasis en que las brigadas de salud recorren las comunidades a fin de identificar y atender de manera oportuna los casos sospechosos y\/o activos.<\/p>\n<p>Por \u00faltimo, reiter\u00f3 que el compromiso de la gobernadora Evelyn Salgado Pineda es proteger la salud de las familias guerrerenses, por lo que el abasto de vacunas est\u00e1 garantizado en todas las regiones del estado, as\u00ed como el reforzamiento de los filtros sanitarios en escuelas y unidades m\u00e9dicas, en donde las campa\u00f1as informativas sobre la importancia de vacunaci\u00f3n y detecci\u00f3n temprana de s\u00edntomas permanecer\u00e1n activas.<\/p>\n<p><a href=\"https:\/\/www.acapulcopress.com\/wp-content\/uploads\/2025\/10\/sarampion-gro7.jpg\"><img loading=\"lazy\" decoding=\"async\" class=\"alignnone wp-image-1260860 size-full\" src=\"https:\/\/www.acapulcopress.com\/wp-content\/uploads\/2025\/10\/sarampion-gro7.jpg\" alt=\"\" width=\"1448\" height=\"652\" srcset=\"https:\/\/www.acapulcopress.com\/wp-content\/uploads\/2025\/10\/sarampion-gro7.jpg 1448w, https:\/\/www.acapulcopress.com\/wp-content\/uploads\/2025\/10\/sarampion-gro7-300x135.jpg 300w, https:\/\/www.acapulcopress.com\/wp-content\/uploads\/2025\/10\/sarampion-gro7-1024x461.jpg 1024w, https:\/\/www.acapulcopress.com\/wp-content\/uploads\/2025\/10\/sarampion-gro7-768x346.jpg 768w, https:\/\/www.acapulcopress.com\/wp-content\/uploads\/2025\/10\/sarampion-gro7-580x261.jpg 580w, https:\/\/www.acapulcopress.com\/wp-content\/uploads\/2025\/10\/sarampion-gro7-860x387.jpg 860w, https:\/\/www.acapulcopress.com\/wp-content\/uploads\/2025\/10\/sarampion-gro7-1160x522.jpg 1160w, https:\/\/www.acapulcopress.com\/wp-content\/uploads\/2025\/10\/sarampion-gro7-1320x594.jpg 1320w\" sizes=\"auto, (max-width: 1448px) 100vw, 1448px\" \/><\/a> <a href=\"https:\/\/www.acapulcopress.com\/wp-content\/uploads\/2025\/10\/sarampion-gro6.jpg\"><img loading=\"lazy\" decoding=\"async\" class=\"alignnone wp-image-1260859 size-full\" src=\"https:\/\/www.acapulcopress.com\/wp-content\/uploads\/2025\/10\/sarampion-gro6.jpg\" alt=\"\" width=\"1448\" height=\"652\" srcset=\"https:\/\/www.acapulcopress.com\/wp-content\/uploads\/2025\/10\/sarampion-gro6.jpg 1448w, https:\/\/www.acapulcopress.com\/wp-content\/uploads\/2025\/10\/sarampion-gro6-300x135.jpg 300w, https:\/\/www.acapulcopress.com\/wp-content\/uploads\/2025\/10\/sarampion-gro6-1024x461.jpg 1024w, https:\/\/www.acapulcopress.com\/wp-content\/uploads\/2025\/10\/sarampion-gro6-768x346.jpg 768w, https:\/\/www.acapulcopress.com\/wp-content\/uploads\/2025\/10\/sarampion-gro6-580x261.jpg 580w, https:\/\/www.acapulcopress.com\/wp-content\/uploads\/2025\/10\/sarampion-gro6-860x387.jpg 860w, https:\/\/www.acapulcopress.com\/wp-content\/uploads\/2025\/10\/sarampion-gro6-1160x522.jpg 1160w, https:\/\/www.acapulcopress.com\/wp-content\/uploads\/2025\/10\/sarampion-gro6-1320x594.jpg 1320w\" sizes=\"auto, (max-width: 1448px) 100vw, 1448px\" \/><\/a> <a href=\"https:\/\/www.acapulcopress.com\/wp-content\/uploads\/2025\/10\/sarampion-gro5.jpg\"><img loading=\"lazy\" decoding=\"async\" class=\"alignnone wp-image-1260858 size-full\" src=\"https:\/\/www.acapulcopress.com\/wp-content\/uploads\/2025\/10\/sarampion-gro5.jpg\" alt=\"\" width=\"1280\" height=\"960\" srcset=\"https:\/\/www.acapulcopress.com\/wp-content\/uploads\/2025\/10\/sarampion-gro5.jpg 1280w, https:\/\/www.acapulcopress.com\/wp-content\/uploads\/2025\/10\/sarampion-gro5-300x225.jpg 300w, https:\/\/www.acapulcopress.com\/wp-content\/uploads\/2025\/10\/sarampion-gro5-1024x768.jpg 1024w, https:\/\/www.acapulcopress.com\/wp-content\/uploads\/2025\/10\/sarampion-gro5-768x576.jpg 768w, https:\/\/www.acapulcopress.com\/wp-content\/uploads\/2025\/10\/sarampion-gro5-580x435.jpg 580w, https:\/\/www.acapulcopress.com\/wp-content\/uploads\/2025\/10\/sarampion-gro5-860x645.jpg 860w, https:\/\/www.acapulcopress.com\/wp-content\/uploads\/2025\/10\/sarampion-gro5-1160x870.jpg 1160w\" sizes=\"auto, (max-width: 1280px) 100vw, 1280px\" \/><\/a> <a href=\"https:\/\/www.acapulcopress.com\/wp-content\/uploads\/2025\/10\/sarampion-gro4.jpg\"><img loading=\"lazy\" decoding=\"async\" class=\"alignnone wp-image-1260857 \" src=\"https:\/\/www.acapulcopress.com\/wp-content\/uploads\/2025\/10\/sarampion-gro4-720x880.jpg\" alt=\"\" width=\"994\" height=\"1215\" \/><\/a> <a href=\"https:\/\/www.acapulcopress.com\/wp-content\/uploads\/2025\/10\/sarampion-gro3.jpg\"><img loading=\"lazy\" decoding=\"async\" class=\"alignleft size-full wp-image-1260856\" src=\"https:\/\/www.acapulcopress.com\/wp-content\/uploads\/2025\/10\/sarampion-gro3.jpg\" alt=\"\" width=\"1448\" height=\"652\" srcset=\"https:\/\/www.acapulcopress.com\/wp-content\/uploads\/2025\/10\/sarampion-gro3.jpg 1448w, https:\/\/www.acapulcopress.com\/wp-content\/uploads\/2025\/10\/sarampion-gro3-300x135.jpg 300w, https:\/\/www.acapulcopress.com\/wp-content\/uploads\/2025\/10\/sarampion-gro3-1024x461.jpg 1024w, https:\/\/www.acapulcopress.com\/wp-content\/uploads\/2025\/10\/sarampion-gro3-768x346.jpg 768w, https:\/\/www.acapulcopress.com\/wp-content\/uploads\/2025\/10\/sarampion-gro3-580x261.jpg 580w, https:\/\/www.acapulcopress.com\/wp-content\/uploads\/2025\/10\/sarampion-gro3-860x387.jpg 860w, https:\/\/www.acapulcopress.com\/wp-content\/uploads\/2025\/10\/sarampion-gro3-1160x522.jpg 1160w, https:\/\/www.acapulcopress.com\/wp-content\/uploads\/2025\/10\/sarampion-gro3-1320x594.jpg 1320w\" sizes=\"auto, (max-width: 1448px) 100vw, 1448px\" \/><\/a><\/p>\n<p><em>) <a href=\"http:\/\/fb.me\/steparious\" target=\"_blank\" rel=\"noopener\">fb.me\/steparious<\/a> ) <a href=\"http:\/\/fb.me\/acapulcopress\" target=\"_blank\" rel=\"noopener\">fb.me\/acapulcopress<\/a><\/em><\/p>\n","protected":false},"excerpt":{"rendered":"<p>ACAPULCO * 17 de octubre 2025 ) Salud Guerrero Ante los casos de sarampi\u00f3n en la Rep\u00fablica Mexicana, el gobierno de Guerrero a trav\u00e9s de la Secretar\u00eda de Salud, reforz\u00f3 las estrategias y acciones para combatir el virus en las ocho regiones del estado. La titular de la dependencia, Alondra Garc\u00eda Carbajal, se\u00f1al\u00f3 que en&#8230;<\/p>\n","protected":false},"author":1,"featured_media":1260862,"comment_status":"closed","ping_status":"open","sticky":false,"template":"","format":"standard","meta":{"footnotes":""},"categories":[1997],"tags":[3718,16064],"class_list":["post-1260853","post","type-post","status-publish","format-standard","has-post-thumbnail","hentry","category-noticias-destacadas","tag-alondra-garcia-carbajal","tag-sarampion"],"_links":{"self":[{"href":"https:\/\/www.acapulcopress.com\/index.php\/wp-json\/wp\/v2\/posts\/1260853","targetHints":{"allow":["GET"]}}],"collection":[{"href":"https:\/\/www.acapulcopress.com\/index.php\/wp-json\/wp\/v2\/posts"}],"about":[{"href":"https:\/\/www.acapulcopress.com\/index.php\/wp-json\/wp\/v2\/types\/post"}],"author":[{"embeddable":true,"href":"https:\/\/www.acapulcopress.com\/index.php\/wp-json\/wp\/v2\/users\/1"}],"replies":[{"embeddable":true,"href":"https:\/\/www.acapulcopress.com\/index.php\/wp-json\/wp\/v2\/comments?post=1260853"}],"version-history":[{"count":4,"href":"https:\/\/www.acapulcopress.com\/index.php\/wp-json\/wp\/v2\/posts\/1260853\/revisions"}],"predecessor-version":[{"id":1260866,"href":"https:\/\/www.acapulcopress.com\/index.php\/wp-json\/wp\/v2\/posts\/1260853\/revisions\/1260866"}],"wp:featuredmedia":[{"embeddable":true,"href":"https:\/\/www.acapulcopress.com\/index.php\/wp-json\/wp\/v2\/media\/1260862"}],"wp:attachment":[{"href":"https:\/\/www.acapulcopress.com\/index.php\/wp-json\/wp\/v2\/media?parent=1260853"}],"wp:term":[{"taxonomy":"category","embeddable":true,"href":"https:\/\/www.acapulcopress.com\/index.php\/wp-json\/wp\/v2\/categories?post=1260853"},{"taxonomy":"post_tag","embeddable":true,"href":"https:\/\/www.acapulcopress.com\/index.php\/wp-json\/wp\/v2\/tags?post=1260853"}],"curies":[{"name":"wp","href":"https:\/\/api.w.org\/{rel}","templated":true}]}}