{"id":1260870,"date":"2025-10-20T18:10:13","date_gmt":"2025-10-21T00:10:13","guid":{"rendered":"https:\/\/www.acapulcopress.com\/?p=1260870"},"modified":"2025-10-20T19:29:34","modified_gmt":"2025-10-21T01:29:34","slug":"presentan-37-denuncias-ante-la-fgr-contra-adan-augusto-por-corrupcion","status":"publish","type":"post","link":"https:\/\/www.acapulcopress.com\/index.php\/2025\/10\/20\/presentan-37-denuncias-ante-la-fgr-contra-adan-augusto-por-corrupcion\/","title":{"rendered":"Presentan 37 denuncias ante FGR contra Ad\u00e1n Augusto por corrupci\u00f3n"},"content":{"rendered":"<p>CIUDAD DE M\u00c9XICO * 20 de octubre 2025<br \/>\n<em>) <a href=\"https:\/\/latinus.us\/mexico\/2025\/10\/20\/presentan-37-denuncias-ante-la-fgr-contra-adan-augusto-lopez-por-corrupcion-154823.html\" target=\"_blank\" rel=\"noopener\">LatinUs<\/a><\/em><br \/>\nLa diputada suplente del <em>Partido Acci\u00f3n Nacional (PAN)<\/em>, <strong>Mar\u00eda Elena P\u00e9rez-Ja\u00e9n<\/strong>, acudi\u00f3 este lunes 20 de octubre 2025, ante la Fiscal\u00eda General de la Rep\u00fablica (FGR) para presentar 37 denuncias penales en contra de <strong>Ad\u00e1n Augusto L\u00f3pez Hern\u00e1ndez<\/strong>.<\/p>\n<p>Entre las acusaciones en contra del l\u00edder de la bancada morenista en el Senado de la Rep\u00fablica, se encuentra un da\u00f1o al erario por 800 millones de pesos, quebranto que habr\u00eda causado durante su gesti\u00f3n como gobernador de Tabasco durante el periodo 2019-2021.<\/p>\n<p>\u201cEl senador dijo que no hab\u00eda denuncias que lo involucraran en corrupci\u00f3n, pues bueno, es contra \u00e9l y contra quienes resulten responsables, ya est\u00e1n 37 denuncias penales aqu\u00ed en la Fiscal\u00eda en Materia de Combate a la Corrupci\u00f3n. Yo s\u00ed espero que en eta ocasi\u00f3n le d\u00e9 seguimiento la doctora Mar\u00eda de la Luz Mijangos, que pues parece que est\u00e1 abierta la se\u00f1ora de ornato\u201d, se\u00f1al\u00f3 P\u00e9rez-Jaen.<\/p>\n<p>Las denuncias fueron sustentadas por las presuntas irregularidades que detect\u00f3 en ese periodo la<em> Auditor\u00eda Superior de la Federaci\u00f3n (ASF),<\/em> P\u00e9rez-Ja\u00e9n, tambi\u00e9n se\u00f1al\u00f3 que el auditor superior, <strong>David Colmenares<\/strong> protege al senador, Ad\u00e1n Augusto L\u00f3pez.<\/p>\n<p>\u201cGuardaron esas auditor\u00edas en el \u00e1rea de investigaci\u00f3n y ah\u00ed est\u00e1n durmiendo el sue\u00f1o de los justos, desde el 2021 este quebranto de 2019 de m\u00e1s de 700 millones de pesos y no ha pasado nada\u201d, reclam\u00f3 la panista ante los medios de comunicaci\u00f3n a su salida de las instalaciones de la FGR en la colonia Doctores.<\/p>\n<p><em>) <a href=\"http:\/\/fb.me\/steparious\" target=\"_blank\" rel=\"noopener\">fb.me\/steparious<\/a> ) <a href=\"http:\/\/fb.me\/acapulcopress\" target=\"_blank\" rel=\"noopener\">fb.me\/acapulcopress<\/a><\/em><\/p>\n","protected":false},"excerpt":{"rendered":"<p>CIUDAD DE M\u00c9XICO * 20 de octubre 2025 ) LatinUs La diputada suplente del Partido Acci\u00f3n Nacional (PAN), Mar\u00eda Elena P\u00e9rez-Ja\u00e9n, acudi\u00f3 este lunes 20 de octubre 2025, ante la Fiscal\u00eda General de la Rep\u00fablica (FGR) para presentar 37 denuncias penales en contra de Ad\u00e1n Augusto L\u00f3pez Hern\u00e1ndez. Entre las acusaciones en contra del l\u00edder&#8230;<\/p>\n","protected":false},"author":1,"featured_media":1260871,"comment_status":"closed","ping_status":"open","sticky":false,"template":"","format":"standard","meta":{"footnotes":""},"categories":[1997],"tags":[4397,18848,14269],"class_list":["post-1260870","post","type-post","status-publish","format-standard","has-post-thumbnail","hentry","category-noticias-destacadas","tag-auditoria-superior-de-la-federacion-asf","tag-maria-elena-perez-jaen","tag-partido-accion-nacional-pan"],"_links":{"self":[{"href":"https:\/\/www.acapulcopress.com\/index.php\/wp-json\/wp\/v2\/posts\/1260870","targetHints":{"allow":["GET"]}}],"collection":[{"href":"https:\/\/www.acapulcopress.com\/index.php\/wp-json\/wp\/v2\/posts"}],"about":[{"href":"https:\/\/www.acapulcopress.com\/index.php\/wp-json\/wp\/v2\/types\/post"}],"author":[{"embeddable":true,"href":"https:\/\/www.acapulcopress.com\/index.php\/wp-json\/wp\/v2\/users\/1"}],"replies":[{"embeddable":true,"href":"https:\/\/www.acapulcopress.com\/index.php\/wp-json\/wp\/v2\/comments?post=1260870"}],"version-history":[{"count":4,"href":"https:\/\/www.acapulcopress.com\/index.php\/wp-json\/wp\/v2\/posts\/1260870\/revisions"}],"predecessor-version":[{"id":1260883,"href":"https:\/\/www.acapulcopress.com\/index.php\/wp-json\/wp\/v2\/posts\/1260870\/revisions\/1260883"}],"wp:featuredmedia":[{"embeddable":true,"href":"https:\/\/www.acapulcopress.com\/index.php\/wp-json\/wp\/v2\/media\/1260871"}],"wp:attachment":[{"href":"https:\/\/www.acapulcopress.com\/index.php\/wp-json\/wp\/v2\/media?parent=1260870"}],"wp:term":[{"taxonomy":"category","embeddable":true,"href":"https:\/\/www.acapulcopress.com\/index.php\/wp-json\/wp\/v2\/categories?post=1260870"},{"taxonomy":"post_tag","embeddable":true,"href":"https:\/\/www.acapulcopress.com\/index.php\/wp-json\/wp\/v2\/tags?post=1260870"}],"curies":[{"name":"wp","href":"https:\/\/api.w.org\/{rel}","templated":true}]}}