{"id":1260875,"date":"2025-10-20T18:44:18","date_gmt":"2025-10-21T00:44:18","guid":{"rendered":"https:\/\/www.acapulcopress.com\/?p=1260875"},"modified":"2025-10-20T18:45:39","modified_gmt":"2025-10-21T00:45:39","slug":"tixtla-a-salvo-de-inundaciones-ciclicas","status":"publish","type":"post","link":"https:\/\/www.acapulcopress.com\/index.php\/2025\/10\/20\/tixtla-a-salvo-de-inundaciones-ciclicas\/","title":{"rendered":"Tixtla a salvo de inundaciones c\u00edclicas"},"content":{"rendered":"<p>\u00bb <a href=\"http:\/\/RICARDO | CASTILLO BARRIENTOS\" target=\"_blank\" rel=\"noopener\"><strong>RICARDO<\/strong> | <strong>CASTILLO BARRIENTOS<\/strong><\/a><br \/>\n<em>) Acapulco Press<\/em><br \/>\nLa hist\u00f3rica ciudad de Tixtla, la primera capital del estado de 1850-1870, y cuna de los insignes pr\u00f3ceres tixtlecos, <strong>Vicente Ram\u00f3n Guerrero Salda\u00f1a<\/strong> e <strong>Ignacio Manuel Altamirano Basilio<\/strong>, siempre ha contado con un esplendoroso espejo de agua, al paso del tiempo se transform\u00f3 en la \u201c<strong>Laguna Negra<\/strong>\u201d, por su oscuro lecho y la principal fuente de contaminaci\u00f3n: el desague del drenaje urbano, jam\u00e1s concluido por los tres \u00f3rdenes de gobierno.<\/p>\n<p>La poblaci\u00f3n tixtleca ha sufrido c\u00edclicamente grandes inundaciones, afectando a miles de hogares, hasta dos metros de altura han llegado las aguas pluviales y residuales, que han permanecido hasta tres meses como sucedi\u00f3 en 2013, con los huracanes <em>Ingrid y Manuel<\/em>, y en 2024, con <em>John<\/em>, bajando los niveles del cuerpo lagunar debido a la operaci\u00f3n de emergencia de plantas de bombeo m\u00f3viles de <strong>CONAGUA<\/strong> y la instalaci\u00f3n de l\u00edneas de conducci\u00f3n para el desfogue de agua hacia el Norte a dos kil\u00f3metros, rumbo a Apango y al Sur a 500 metros, hacia Mochitl\u00e1n.<\/p>\n<p>Para el aprovechamiento de esos excedentes de agua, deber\u00eda contemplarse alg\u00fan proyecto de represas para uso agr\u00edcola, muy susceptible por la generosidad de las tierras abundantes en siembras de hortalizas, legumbres y frutas.<\/p>\n<p>Un hecho sin precedente en la vida comunitaria de esta ciudad, ocurri\u00f3 el viernes 17, con la operaci\u00f3n del nuevo equipo de bombeo para regular los niveles de agua en temporadas de lluvias y huracanes, que evite en lo sucesivo las tremendas inundaciones que afectan a m\u00e1s del 60% de las familias, cuyas p\u00e9rdidas de su patrimonio son cuantiosas y deplorables.<\/p>\n<p>La gobernadora Evelyn Salgado Pineda y el equipo de la <strong>CAPASEG<\/strong>, visualizaron la soluci\u00f3n definitiva al eterno problema y pusieron manos a la obra, inyectando recursos por un monto de 7.6 millones de pesos, para el requipamiento del Sistema de <strong>C\u00e1rcamo de Bombeo Norte<\/strong> de la <strong>Laguna de Tixtla<\/strong>, que permitir\u00e1 regular los niveles de agua, mitigando el riesgo de inundaci\u00f3n ante fen\u00f3menos meteorol\u00f3gicos y lluvias torrenciales, y as\u00ed garantizar la seguridad de las familias y sus bienes.<\/p>\n<p>Para el a\u00f1o 2026, est\u00e1 considerada una inversi\u00f3n similar para el <strong>C\u00e1rcamo Sur<\/strong>, con esa obra, la poblaci\u00f3n de Tixtla quedar\u00eda a salvo por completo de nuevas inundaciones, como ha sido el anhelo de sus habitantes, dejando atr\u00e1s y para siempre las angustias y zozobras perturbadoras por el mal tiempo.<\/p>\n<p>La hist\u00f3rica Tixtla estar\u00e1 en condiciones de vestir sus mejores galas como \u201c<strong>Pueblo M\u00e1gico<\/strong>\u201d, con la ejecuci\u00f3n de un proyecto integral: tur\u00edstico, ambiental, hist\u00f3rico, gastron\u00f3mico y artesanal. Alrededor de la Laguna podr\u00eda realizarse una ciclopista para el deleite de la ni\u00f1ez, juventud y visitantes.<\/p>\n<p><strong>El Gobierno del Estado<\/strong> deber\u00eda transpolar el ejemplo de Tixtla para dar una soluci\u00f3n definitiva a las inundaciones de Punta Diamante, Cayaco, Llano Largo, Puerto Marqu\u00e9s y fraccionamientos populares.<\/p>\n<p><em>Ya se vio qu\u00e9 si se puede y Tixtla, el mejor ejemplo de erradicar las inundaciones c\u00edclicas. Avancemos y abreviemos el futuro. Vamos en el camino correcto en la materia.<br \/>\n) <a href=\"http:\/\/fb.me\/steparious\">fb.me\/steparious<\/a> ) <a href=\"http:\/\/fb.me\/acapulcopress\" target=\"_blank\" rel=\"noopener\">fb.me\/acapulcopress<\/a><\/em><\/p>\n","protected":false},"excerpt":{"rendered":"<p>Ricardo Castillo | La hist\u00f3rica ciudad de Tixtla, la primera capital del estado de 1850-1870, y cuna de los insignes pr\u00f3ceres tixtlecos,<\/p>\n","protected":false},"author":1,"featured_media":1260876,"comment_status":"closed","ping_status":"open","sticky":false,"template":"","format":"standard","meta":{"footnotes":""},"categories":[2071,1991],"tags":[18850,18849,12503,15575,17835],"class_list":["post-1260875","post","type-post","status-publish","format-standard","has-post-thumbnail","hentry","category-opinion-analisis-columnas","category-libertad-de-expresion","tag-laguna-negra","tag-ignacio-manuel-altamirano-basilio","tag-maremagnum","tag-ricardo-castillo-barrientos","tag-vicente-ramon-guerrero-saldana"],"_links":{"self":[{"href":"https:\/\/www.acapulcopress.com\/index.php\/wp-json\/wp\/v2\/posts\/1260875","targetHints":{"allow":["GET"]}}],"collection":[{"href":"https:\/\/www.acapulcopress.com\/index.php\/wp-json\/wp\/v2\/posts"}],"about":[{"href":"https:\/\/www.acapulcopress.com\/index.php\/wp-json\/wp\/v2\/types\/post"}],"author":[{"embeddable":true,"href":"https:\/\/www.acapulcopress.com\/index.php\/wp-json\/wp\/v2\/users\/1"}],"replies":[{"embeddable":true,"href":"https:\/\/www.acapulcopress.com\/index.php\/wp-json\/wp\/v2\/comments?post=1260875"}],"version-history":[{"count":2,"href":"https:\/\/www.acapulcopress.com\/index.php\/wp-json\/wp\/v2\/posts\/1260875\/revisions"}],"predecessor-version":[{"id":1260878,"href":"https:\/\/www.acapulcopress.com\/index.php\/wp-json\/wp\/v2\/posts\/1260875\/revisions\/1260878"}],"wp:featuredmedia":[{"embeddable":true,"href":"https:\/\/www.acapulcopress.com\/index.php\/wp-json\/wp\/v2\/media\/1260876"}],"wp:attachment":[{"href":"https:\/\/www.acapulcopress.com\/index.php\/wp-json\/wp\/v2\/media?parent=1260875"}],"wp:term":[{"taxonomy":"category","embeddable":true,"href":"https:\/\/www.acapulcopress.com\/index.php\/wp-json\/wp\/v2\/categories?post=1260875"},{"taxonomy":"post_tag","embeddable":true,"href":"https:\/\/www.acapulcopress.com\/index.php\/wp-json\/wp\/v2\/tags?post=1260875"}],"curies":[{"name":"wp","href":"https:\/\/api.w.org\/{rel}","templated":true}]}}