{"id":1260879,"date":"2025-10-19T20:01:55","date_gmt":"2025-10-20T02:01:55","guid":{"rendered":"https:\/\/www.acapulcopress.com\/?p=1260879"},"modified":"2025-10-20T19:02:37","modified_gmt":"2025-10-21T01:02:37","slug":"senador-anorve-invitado-especial-a-celebracion-del-senor-del-nicho-en-tlapa","status":"publish","type":"post","link":"https:\/\/www.acapulcopress.com\/index.php\/2025\/10\/19\/senador-anorve-invitado-especial-a-celebracion-del-senor-del-nicho-en-tlapa\/","title":{"rendered":"Senador A\u00f1orve, invitado especial a celebraci\u00f3n del Se\u00f1or del Nicho en Tlapa"},"content":{"rendered":"<p>CHILPANCINGO * 19 de octubre 2025<br \/>\n<em>) Especial<\/em><br \/>\nEl coordinador del Grupo Parlamentario del PRI en el Senado de la Rep\u00fablica,<strong> Manuel A\u00f1orve Ba\u00f1os<\/strong>, asisti\u00f3 este fin de semana, por invitaci\u00f3n del alcalde <strong>Gilberto Solano Arreaga<\/strong>, a los festejos del<em> Paseo del Se\u00f1or del Nicho<\/em>.<\/p>\n<p>En este importante evento religioso el senador A\u00f1orve hizo un especial reconocimiento a su amigo, el alcalde Gilberto Solano, por instaurar esta celebraci\u00f3n y resalt\u00f3 que dicho festejo cuenta con todo el apoyo del edil tlapaneco; al respecto, indic\u00f3 que es importante conservar y preservar las tradiciones en los pueblos y municipios de Guerrero.<\/p>\n<p>El coordinador parlamentario del PRI remarc\u00f3 la asistencia del Obispo Monse\u00f1or de Tlapa,<strong> Dagoberto Sosa Arriaga<\/strong>; la Maestra <strong>Brenda Alarc\u00f3n L\u00f3pez,<\/strong> notaria p\u00fablica No. 1; el regidor<strong> Epifanio Solano<\/strong>; el presidente del Comit\u00e9 Directivo Estatal del PRI, <strong>Alejandro Bravo Abarca<\/strong>; el exsenador <strong>H\u00e9ctor Vicario Castrej\u00f3n<\/strong>; el exalcalde de Olinal\u00e1, <strong>Eusebio Gonz\u00e1lez<\/strong>, y muchos amigos m\u00e1s.<\/p>\n<p>Manuel A\u00f1orve expres\u00f3 que este encuentro estuvo lleno de amistad y respeto y que es una de las celebraciones m\u00e1s importantes y queridas de la Monta\u00f1a de Guerrero.<br \/>\n<em>) <a href=\"http:\/\/fb.me\/steparious\">fb.me\/steparious<\/a> ) <a href=\"http:\/\/fb.me\/acapulcopress\" target=\"_blank\" rel=\"noopener\">fb.me\/acapulcopress<\/a><\/em><\/p>\n","protected":false},"excerpt":{"rendered":"<p>CHILPANCINGO * 19 de octubre 2025 ) Especial El coordinador del Grupo Parlamentario del PRI en el Senado de la Rep\u00fablica, Manuel A\u00f1orve Ba\u00f1os, asisti\u00f3 este fin de semana, por invitaci\u00f3n del alcalde Gilberto Solano Arreaga, a los festejos del Paseo del Se\u00f1or del Nicho. En este importante evento religioso el senador A\u00f1orve hizo un&#8230;<\/p>\n","protected":false},"author":1,"featured_media":1260880,"comment_status":"closed","ping_status":"open","sticky":false,"template":"","format":"standard","meta":{"footnotes":""},"categories":[2080],"tags":[18852,12366,18851,16471,16481],"class_list":["post-1260879","post","type-post","status-publish","format-standard","has-post-thumbnail","hentry","category-regiones-de-guerrero","tag-dagoberto-sosa-arriaga","tag-manuel-anorve-banos","tag-paseo-del-senor-del-nicho","tag-senado-de-la-republica","tag-senor-del-nicho"],"_links":{"self":[{"href":"https:\/\/www.acapulcopress.com\/index.php\/wp-json\/wp\/v2\/posts\/1260879","targetHints":{"allow":["GET"]}}],"collection":[{"href":"https:\/\/www.acapulcopress.com\/index.php\/wp-json\/wp\/v2\/posts"}],"about":[{"href":"https:\/\/www.acapulcopress.com\/index.php\/wp-json\/wp\/v2\/types\/post"}],"author":[{"embeddable":true,"href":"https:\/\/www.acapulcopress.com\/index.php\/wp-json\/wp\/v2\/users\/1"}],"replies":[{"embeddable":true,"href":"https:\/\/www.acapulcopress.com\/index.php\/wp-json\/wp\/v2\/comments?post=1260879"}],"version-history":[{"count":1,"href":"https:\/\/www.acapulcopress.com\/index.php\/wp-json\/wp\/v2\/posts\/1260879\/revisions"}],"predecessor-version":[{"id":1260881,"href":"https:\/\/www.acapulcopress.com\/index.php\/wp-json\/wp\/v2\/posts\/1260879\/revisions\/1260881"}],"wp:featuredmedia":[{"embeddable":true,"href":"https:\/\/www.acapulcopress.com\/index.php\/wp-json\/wp\/v2\/media\/1260880"}],"wp:attachment":[{"href":"https:\/\/www.acapulcopress.com\/index.php\/wp-json\/wp\/v2\/media?parent=1260879"}],"wp:term":[{"taxonomy":"category","embeddable":true,"href":"https:\/\/www.acapulcopress.com\/index.php\/wp-json\/wp\/v2\/categories?post=1260879"},{"taxonomy":"post_tag","embeddable":true,"href":"https:\/\/www.acapulcopress.com\/index.php\/wp-json\/wp\/v2\/tags?post=1260879"}],"curies":[{"name":"wp","href":"https:\/\/api.w.org\/{rel}","templated":true}]}}