{"id":1260886,"date":"2025-10-20T20:16:40","date_gmt":"2025-10-21T02:16:40","guid":{"rendered":"https:\/\/www.acapulcopress.com\/?p=1260886"},"modified":"2025-10-20T20:22:35","modified_gmt":"2025-10-21T02:22:35","slug":"evelyn-salgado-puso-en-marcha-jornada-contra-el-cancer-de-mama-en-guerrero","status":"publish","type":"post","link":"https:\/\/www.acapulcopress.com\/index.php\/2025\/10\/20\/evelyn-salgado-puso-en-marcha-jornada-contra-el-cancer-de-mama-en-guerrero\/","title":{"rendered":"Evelyn Salgado puso en marcha Jornada contra el C\u00e1ncer de Mam\u00e1 en Guerrero"},"content":{"rendered":"<p>CHILPANCINGO * 20 de octubre 2025<br \/>\n<em>) Gobierno de Guerrero<\/em><br \/>\n<a href=\"https:\/\/www.acapulcopress.com\/wp-content\/uploads\/2025\/10\/DIA-MUNDIAL-CANCER-DE-MAMA11.jpg\"><img loading=\"lazy\" decoding=\"async\" class=\"alignleft wp-image-1260897 size-cmsmasters-square-thumb\" src=\"https:\/\/www.acapulcopress.com\/wp-content\/uploads\/2025\/10\/DIA-MUNDIAL-CANCER-DE-MAMA11-360x360.jpg\" alt=\"\" width=\"360\" height=\"360\" srcset=\"https:\/\/www.acapulcopress.com\/wp-content\/uploads\/2025\/10\/DIA-MUNDIAL-CANCER-DE-MAMA11-360x360.jpg 360w, https:\/\/www.acapulcopress.com\/wp-content\/uploads\/2025\/10\/DIA-MUNDIAL-CANCER-DE-MAMA11-150x150.jpg 150w, https:\/\/www.acapulcopress.com\/wp-content\/uploads\/2025\/10\/DIA-MUNDIAL-CANCER-DE-MAMA11-70x70.jpg 70w\" sizes=\"auto, (max-width: 360px) 100vw, 360px\" \/><\/a>En el marco del <em>D\u00eda Internacional de la Lucha contra el C\u00e1ncer de Mama<\/em>, la gobernadora <strong>Evelyn Salgado Pineda<\/strong> puso en marcha la jornada \u201cSi t\u00fa est\u00e1s bien, todo est\u00e1 mejor\u201d, que recorrer\u00e1 todo el estado de Guerrero para brindar atenci\u00f3n integral y fortalecer la prevenci\u00f3n oportuna de esta enfermedad entre las mujeres.<\/p>\n<p>\u201cQueremos que ninguna mujer se quede sin la oportunidad de cuidarse. No est\u00e1n solas. Este gobierno y todo Guerrero estamos con ustedes. La lucha contra el c\u00e1ncer es tambi\u00e9n una lucha por el derecho a sentirse bien, a vivir con plenitud\u201d, expres\u00f3 Salgado Pineda.<\/p>\n<p>En la explanada del Z\u00f3calo de Chilpancingo, se instal\u00f3 una feria de servicios m\u00e9dicos y de salud integral, donde se ofrecieron diversas actividades y estudios m\u00e9dicos dirigidos a la salud de las mujeres.<\/p>\n<p>Evelyn Salgado destac\u00f3 que durante todo octubre, brigadas del gobierno del estado, a trav\u00e9s del IECAN y el DIF Guerrero, recorrer\u00e1n las regiones de la entidad, comenzando en San Nicol\u00e1s, Costa Chica, el pr\u00f3ximo 27 de octubre, con una meta de atenci\u00f3n de m\u00e1s de 600 personas por semana.<\/p>\n<p>En el marco de la Jornada \u00abSi t\u00fa est\u00e1s bien, todo est\u00e1 mejor\u00bb, se brindar\u00e1n servicios de papanicolau, ultrasonido mamario, p\u00e9lvico, <a href=\"https:\/\/www.acapulcopress.com\/wp-content\/uploads\/2025\/10\/DIA-MUNDIAL-CANCER-DE-MAMA10.jpg\"><img loading=\"lazy\" decoding=\"async\" class=\"alignleft wp-image-1260896 size-cmsmasters-square-thumb\" src=\"https:\/\/www.acapulcopress.com\/wp-content\/uploads\/2025\/10\/DIA-MUNDIAL-CANCER-DE-MAMA10-360x360.jpg\" alt=\"\" width=\"360\" height=\"360\" srcset=\"https:\/\/www.acapulcopress.com\/wp-content\/uploads\/2025\/10\/DIA-MUNDIAL-CANCER-DE-MAMA10-360x360.jpg 360w, https:\/\/www.acapulcopress.com\/wp-content\/uploads\/2025\/10\/DIA-MUNDIAL-CANCER-DE-MAMA10-150x150.jpg 150w, https:\/\/www.acapulcopress.com\/wp-content\/uploads\/2025\/10\/DIA-MUNDIAL-CANCER-DE-MAMA10-70x70.jpg 70w\" sizes=\"auto, (max-width: 360px) 100vw, 360px\" \/><\/a>abdominal, as\u00ed como pruebas de ant\u00edgeno prost\u00e1tico, virus de Papiloma Humano, entre otros estudios.<\/p>\n<p>\u201cLa prevenci\u00f3n salva vidas. El c\u00e1ncer no distingue edades ni condiciones, pero hay algo que s\u00ed puede hacer la diferencia: actuar a tiempo. Cuidarse es un acto de amor propio\u201d, enfatiz\u00f3 la gobernadora, quien invit\u00f3 a todas las mujeres a realizarse su mastograf\u00eda y fomentar la autoexploraci\u00f3n mamaria como una pr\u00e1ctica mensual.<\/p>\n<p>La mandataria reconoci\u00f3 el esfuerzo conjunto de instituciones como la Secretar\u00eda de Salud Guerrero, IMSS Bienestar, IMSS, ISSSTE, DEFENSA, el Instituto de Cancerolog\u00eda, la Comisi\u00f3n de Salud del Congreso del Estado y la Universidad Aut\u00f3noma de Guerrero, adem\u00e1s del personal m\u00e9dico, de enfermer\u00eda, psic\u00f3logas y asociaciones civiles que acompa\u00f1an esta causa.<\/p>\n<p>En el evento tambi\u00e9n se comparti\u00f3 el testimonio de Victoria Gatica, una mujer sobreviviente de c\u00e1ncer de mama, quien relat\u00f3 su historia como ejemplo de esperanza y fortaleza.<\/p>\n<p>Adem\u00e1s, la gobernadora llam\u00f3 tambi\u00e9n a los hombres a sumarse como aliados en esta gran campa\u00f1a de prevenci\u00f3n y solidaridad. \u201cEste mes el color rosa debe inundar Guerrero, no solo como s\u00edmbolo, sino como compromiso de uni\u00f3n, esperanza y trabajo conjunto\u201d, afirm\u00f3.<\/p>\n<p><a href=\"https:\/\/www.acapulcopress.com\/wp-content\/uploads\/2025\/10\/DIA-MUNDIAL-CANCER-DE-MAMA8.jpg\"><img loading=\"lazy\" decoding=\"async\" class=\"alignleft wp-image-1260894 size-cmsmasters-square-thumb\" src=\"https:\/\/www.acapulcopress.com\/wp-content\/uploads\/2025\/10\/DIA-MUNDIAL-CANCER-DE-MAMA8-360x360.jpg\" alt=\"\" width=\"360\" height=\"360\" srcset=\"https:\/\/www.acapulcopress.com\/wp-content\/uploads\/2025\/10\/DIA-MUNDIAL-CANCER-DE-MAMA8-360x360.jpg 360w, https:\/\/www.acapulcopress.com\/wp-content\/uploads\/2025\/10\/DIA-MUNDIAL-CANCER-DE-MAMA8-150x150.jpg 150w, https:\/\/www.acapulcopress.com\/wp-content\/uploads\/2025\/10\/DIA-MUNDIAL-CANCER-DE-MAMA8-70x70.jpg 70w\" sizes=\"auto, (max-width: 360px) 100vw, 360px\" \/><\/a>De acuerdo con estad\u00edsticas recientes, cada a\u00f1o se registran m\u00e1s de 200 nuevos casos de c\u00e1ncer de mama en Guerrero, y cerca de 150 mujeres pierden la vida por esta enfermedad. Sin embargo, cuando se detecta a tiempo, el c\u00e1ncer de mama tiene hasta un 95% de probabilidades de curarse.<\/p>\n<p>Al evento asisti\u00f3 la presidenta del Sistema DIF Guerrero, Liz Salgado Pineda; el alcalde de Chilpancingo, Gustavo Alarc\u00f3n Herrera; la secretaria de Salud, Alondra Garc\u00eda Carbajal; la diputada local Beatriz V\u00e9lez N\u00fa\u00f1ez y el coordinador de IMSS Bienestar en Guerrero, Jes\u00fas Ulises Adame Reyna.<br \/>\n<em>) <a href=\"http:\/\/fb.me\/steparious\" target=\"_blank\" rel=\"noopener\">fb.me\/steparious<\/a> ) <a href=\"http:\/\/fb.me\/acapulcopress\" target=\"_blank\" rel=\"noopener\">fb.me\/acapulcopress<\/a><\/em><\/p>\n","protected":false},"excerpt":{"rendered":"<p>CHILPANCINGO * 20 de octubre 2025 ) Gobierno de Guerrero En el marco del D\u00eda Internacional de la Lucha contra el C\u00e1ncer de Mama, la gobernadora Evelyn Salgado Pineda puso en marcha la jornada \u201cSi t\u00fa est\u00e1s bien, todo est\u00e1 mejor\u201d, que recorrer\u00e1 todo el estado de Guerrero para brindar atenci\u00f3n integral y fortalecer la&#8230;<\/p>\n","protected":false},"author":1,"featured_media":1260891,"comment_status":"closed","ping_status":"open","sticky":false,"template":"","format":"standard","meta":{"footnotes":""},"categories":[1980,1983],"tags":[18853,8251,9302],"class_list":["post-1260886","post","type-post","status-publish","format-standard","has-post-thumbnail","hentry","category-goverment-2","category-guerrerogob","tag-dia-internacional-de-la-lucha-contra-el-cancer-de-mama","tag-evelyn-salgado-pineda","tag-gobierno-de-guerrero"],"_links":{"self":[{"href":"https:\/\/www.acapulcopress.com\/index.php\/wp-json\/wp\/v2\/posts\/1260886","targetHints":{"allow":["GET"]}}],"collection":[{"href":"https:\/\/www.acapulcopress.com\/index.php\/wp-json\/wp\/v2\/posts"}],"about":[{"href":"https:\/\/www.acapulcopress.com\/index.php\/wp-json\/wp\/v2\/types\/post"}],"author":[{"embeddable":true,"href":"https:\/\/www.acapulcopress.com\/index.php\/wp-json\/wp\/v2\/users\/1"}],"replies":[{"embeddable":true,"href":"https:\/\/www.acapulcopress.com\/index.php\/wp-json\/wp\/v2\/comments?post=1260886"}],"version-history":[{"count":1,"href":"https:\/\/www.acapulcopress.com\/index.php\/wp-json\/wp\/v2\/posts\/1260886\/revisions"}],"predecessor-version":[{"id":1260898,"href":"https:\/\/www.acapulcopress.com\/index.php\/wp-json\/wp\/v2\/posts\/1260886\/revisions\/1260898"}],"wp:featuredmedia":[{"embeddable":true,"href":"https:\/\/www.acapulcopress.com\/index.php\/wp-json\/wp\/v2\/media\/1260891"}],"wp:attachment":[{"href":"https:\/\/www.acapulcopress.com\/index.php\/wp-json\/wp\/v2\/media?parent=1260886"}],"wp:term":[{"taxonomy":"category","embeddable":true,"href":"https:\/\/www.acapulcopress.com\/index.php\/wp-json\/wp\/v2\/categories?post=1260886"},{"taxonomy":"post_tag","embeddable":true,"href":"https:\/\/www.acapulcopress.com\/index.php\/wp-json\/wp\/v2\/tags?post=1260886"}],"curies":[{"name":"wp","href":"https:\/\/api.w.org\/{rel}","templated":true}]}}