{"id":1260899,"date":"2025-10-20T20:48:01","date_gmt":"2025-10-21T02:48:01","guid":{"rendered":"https:\/\/www.acapulcopress.com\/?p=1260899"},"modified":"2025-10-20T20:48:01","modified_gmt":"2025-10-21T02:48:01","slug":"proponen-atencion-medica-especializada-a-domicilio-a-ninos-con-discapacidad","status":"publish","type":"post","link":"https:\/\/www.acapulcopress.com\/index.php\/2025\/10\/20\/proponen-atencion-medica-especializada-a-domicilio-a-ninos-con-discapacidad\/","title":{"rendered":"Proponen atencion m\u00e9dica especializada a domicilio a ni\u00f1os con discapacidad"},"content":{"rendered":"<p>CHILPANCINGO * 20 de octubre 2025<br \/>\n<em>) LXVI Legislatura | Guerrero<\/em><br \/>\nEl diputado <strong>Jes\u00fas Parra Garc\u00eda<\/strong> present\u00f3 una iniciativa de adici\u00f3n al art\u00edculo 40 Bis de la <em>Ley de Salud del Estado de Guerrero<\/em> para garantizar atenci\u00f3n m\u00e9dica especializada y visitas domiciliarias permanentes del personal de las instituciones a ni\u00f1as y ni\u00f1os con discapacidad, asegurando su desarrollo integral y el respeto a sus derechos humanos bajo los principios de igualdad, inclusi\u00f3n y justicia social.<\/p>\n<p>En tribuna, el legislador manifest\u00f3 que esta iniciativa responde a una necesidad impostergable y un acto de justicia social y dignidad humana, al visibilizar la situaci\u00f3n que enfrentan miles de ni\u00f1as y ni\u00f1os guerrerenses con alguna discapacidad. Destac\u00f3 que, de acuerdo con cifras oficiales, el 6.6 por ciento de la poblaci\u00f3n infantil en Guerrero, m\u00e1s de 82 mil ni\u00f1as, ni\u00f1os y adolescentes, vive con alguna discapacidad, cifra que exige una respuesta institucional s\u00f3lida y permanente.<\/p>\n<p>Parra Garc\u00eda advirti\u00f3 que, adem\u00e1s de los retos m\u00e9dicos, este sector enfrenta barreras sociales, econ\u00f3micas y de infraestructura que limitan su acceso a la salud y a la educaci\u00f3n, por lo que es fundamental que el Estado garantice atenci\u00f3n continua, personalizada y con enfoque multidisciplinario.<\/p>\n<p>A\u00f1adi\u00f3 que la iniciativa contempla la creaci\u00f3n de un esquema de seguimiento cl\u00ednico sistem\u00e1tico y coordinado, que permita a las familias recibir visitas peri\u00f3dicas, asesor\u00eda m\u00e9dica y acompa\u00f1amiento psicol\u00f3gico, fortaleciendo as\u00ed la red de apoyo comunitario.<\/p>\n<p>El diputado resalt\u00f3 que no solo busca atender una problem\u00e1tica de salud, sino tambi\u00e9n fomentar una cultura de inclusi\u00f3n y respeto a los derechos humanos, promoviendo la participaci\u00f3n de la sociedad y las instituciones en la construcci\u00f3n de un entorno m\u00e1s accesible y equitativo para todas y todos.<\/p>\n<p>\u201cEsta iniciativa es una declaraci\u00f3n firme de compromiso con la equidad, la inclusi\u00f3n y la justicia social; una apuesta por la ni\u00f1ez que m\u00e1s nos necesita y que merece vivir con dignidad y oportunidades, por eso es importante respaldar esta reforma que dignificar\u00e1 la vida de las ni\u00f1as y ni\u00f1os con discapacidad y fortalecer\u00e1 la grandeza de Guerrero y de M\u00e9xico, al consolidar un sistema de salud m\u00e1s humano, cercano y solidario\u201d, afirm\u00f3 el diputado integrante del Grupo Parlamentario del PRI.<\/p>\n<p>La iniciativa de reforma fue turnada a la Comisi\u00f3n de Salud para su an\u00e1lisis y dictaminaci\u00f3n.<\/p>\n<p><em>) <a href=\"http:\/\/fb.me\/steparious\" target=\"_blank\" rel=\"noopener\">fb.me\/steparious<\/a> ) <a href=\"http:\/\/fb.me\/acapulcopress\" target=\"_blank\" rel=\"noopener\">fb.me\/acapulcopress<\/a><\/em><\/p>\n","protected":false},"excerpt":{"rendered":"<p>CHILPANCINGO * 20 de octubre 2025 ) LXVI Legislatura | Guerrero El diputado Jes\u00fas Parra Garc\u00eda present\u00f3 una iniciativa de adici\u00f3n al art\u00edculo 40 Bis de la Ley de Salud del Estado de Guerrero para garantizar atenci\u00f3n m\u00e9dica especializada y visitas domiciliarias permanentes del personal de las instituciones a ni\u00f1as y ni\u00f1os con discapacidad, asegurando&#8230;<\/p>\n","protected":false},"author":1,"featured_media":1260901,"comment_status":"closed","ping_status":"open","sticky":false,"template":"","format":"standard","meta":{"footnotes":""},"categories":[2037,61],"tags":[10743,11850,18372],"class_list":["post-1260899","post","type-post","status-publish","format-standard","has-post-thumbnail","hentry","category-congreso-de-guerrero","category-legislacion","tag-jesus-parra-garcia","tag-ley-de-salud-del-estado-de-guerrero","tag-lxvi-legislatura-guerrero"],"_links":{"self":[{"href":"https:\/\/www.acapulcopress.com\/index.php\/wp-json\/wp\/v2\/posts\/1260899","targetHints":{"allow":["GET"]}}],"collection":[{"href":"https:\/\/www.acapulcopress.com\/index.php\/wp-json\/wp\/v2\/posts"}],"about":[{"href":"https:\/\/www.acapulcopress.com\/index.php\/wp-json\/wp\/v2\/types\/post"}],"author":[{"embeddable":true,"href":"https:\/\/www.acapulcopress.com\/index.php\/wp-json\/wp\/v2\/users\/1"}],"replies":[{"embeddable":true,"href":"https:\/\/www.acapulcopress.com\/index.php\/wp-json\/wp\/v2\/comments?post=1260899"}],"version-history":[{"count":1,"href":"https:\/\/www.acapulcopress.com\/index.php\/wp-json\/wp\/v2\/posts\/1260899\/revisions"}],"predecessor-version":[{"id":1260902,"href":"https:\/\/www.acapulcopress.com\/index.php\/wp-json\/wp\/v2\/posts\/1260899\/revisions\/1260902"}],"wp:featuredmedia":[{"embeddable":true,"href":"https:\/\/www.acapulcopress.com\/index.php\/wp-json\/wp\/v2\/media\/1260901"}],"wp:attachment":[{"href":"https:\/\/www.acapulcopress.com\/index.php\/wp-json\/wp\/v2\/media?parent=1260899"}],"wp:term":[{"taxonomy":"category","embeddable":true,"href":"https:\/\/www.acapulcopress.com\/index.php\/wp-json\/wp\/v2\/categories?post=1260899"},{"taxonomy":"post_tag","embeddable":true,"href":"https:\/\/www.acapulcopress.com\/index.php\/wp-json\/wp\/v2\/tags?post=1260899"}],"curies":[{"name":"wp","href":"https:\/\/api.w.org\/{rel}","templated":true}]}}