{"id":1260907,"date":"2025-10-22T17:46:55","date_gmt":"2025-10-22T23:46:55","guid":{"rendered":"https:\/\/www.acapulcopress.com\/?p=1260907"},"modified":"2025-10-22T17:46:55","modified_gmt":"2025-10-22T23:46:55","slug":"empate-tecnico-entre-mujeres-de-morena-a-la-gubernatura","status":"publish","type":"post","link":"https:\/\/www.acapulcopress.com\/index.php\/2025\/10\/22\/empate-tecnico-entre-mujeres-de-morena-a-la-gubernatura\/","title":{"rendered":"Empate t\u00e9cnico entre mujeres de Morena a la gubernatura"},"content":{"rendered":"<p>Marem\u00e1gnum<br \/>\n\u00bb <a href=\"https:\/\/www.facebook.com\/ricardocastill01\" target=\"_blank\" rel=\"noopener\"><strong>RICARDO<\/strong> | <strong>CASTILLO BARRIENTOS<\/strong><\/a><br \/>\n<em>) Acapulco Press<\/em><\/p>\n<p>A un a\u00f1o de distancia de la aplicaci\u00f3n de encuestas al interior de <strong>Morena<\/strong>, entre mujeres aspirantes a la candidatura para gobernadora, comienza a definirse la lista, ante el posicionamiento de figuras centrales que encabezan los estudios demosc\u00f3picos.<\/p>\n<p>En los \u00faltimos meses se han difundido infinidad de encuestas \u201c<strong>patito<\/strong>\u201d, dise\u00f1adas para favorecer al aspirante que contrata el \u201cestudio de opini\u00f3n\u201d, con la condici\u00f3n de figurar en primer lugar y con amplio margen de ventaja sobre los dem\u00e1s, generando gran confusi\u00f3n ciudadana, prop\u00f3sito principal de los patrocinadores.<\/p>\n<p>La mayor\u00eda de empresas encuestadoras son calificadas como pocas serias o \u201c<strong>patito<\/strong>\u201d, por la proclividad de realizar \u201c<strong>encuestas por<\/strong> <strong>encargo<\/strong>\u201d, sin \u00e9tica profesional, con fines de lucro, sin importar en lo m\u00ednimo la opini\u00f3n p\u00fablica, ansiosa de obtener informaci\u00f3n veraz, confiable y apegada a la realidad social.<\/p>\n<p>Sin embargo, fuera de ese grupo destaca la empresa \u201c<strong>Demoscop\u00eda Digital<\/strong>\u201d, la cual fue contratada por el prestigiado peri\u00f3dico nacional <strong>\u201cLa Jornada\u201d,<\/strong> para levantar el reciente estudio de opini\u00f3n del 13 al 18 de octubre, con resultados cre\u00edbles sobre la preferencia electoral con la pregunta: \u00bfQui\u00e9n le gustar\u00eda que fuera la candidata de <strong>Morena <\/strong>para gobernadora del estado de Guerrero?<\/p>\n<p>Aparece en primer lugar, la senadora<strong> Beatriz Mojica Morga<\/strong>, con <strong>22.5%<\/strong>; en segundo lugar, la alcaldesa de Acapulco, <strong>Abelina L\u00f3pez Rodr\u00edguez<\/strong>, con <strong>19.4%<\/strong>; en tercer lugar, la subsecretaria de Prevenci\u00f3n de las Violencias de la <strong>SSPC<\/strong>, del gobierno federal, <strong>Esthela Dami\u00e1n Peralta<\/strong>, con <strong>18.6%<\/strong>; en cuarto lugar, la ex alcaldesa de Chilpancingo, <strong>Norma Otilia Hern\u00e1ndez Mart\u00ednez<\/strong>, con <strong>6.6%<\/strong>; y en quinto lugar, la alcaldesa de Zumpango de Neri, Sara Salinas Bravo, con <strong>3.8%<\/strong>; Otras, <strong>2.5%<\/strong>; No Sabe\/No Contest\u00f3, <strong>7.7%<\/strong>; A\u00fan No Decide, <strong>18.5%.<\/strong> Se levant\u00f3 una muestra de 1000 cuestionarios v\u00eda telef\u00f3nica.<\/p>\n<p>De acuerdo a los resultados arrojados, se considera <strong>empate t\u00e9cnico<\/strong> entre las tres primeras aspirantes, por el margen de error de <strong>4.5%<\/strong>, existiendo una diferencia de<strong> 3.9%<\/strong> entre el primer y tercer lugar.<\/p>\n<p>La senadora Beatriz Mojica y la alcaldesa Abelina L\u00f3pez, han alcanzado su techo de preferencia electoral, a pesar de estar publicit\u00e1ndose en las redes sociales y medios de comunicaci\u00f3n desde hace tiempo como aspirantes a la candidatura morenista, raz\u00f3n suficiente para encabezar las encuestas y por las responsabilidades p\u00fablicas que ejercen.<\/p>\n<p>Sin embargo, la chilpancingue\u00f1a<strong> Esthela Dami\u00e1n Peralta<\/strong>, qui\u00e9n todav\u00eda no figuraba en las encuestas hace tres meses, comenz\u00f3 desde <strong>Cero<\/strong> a remontar gradualmente su posici\u00f3n y dar alcance a las dem\u00e1s competidoras y lograr un efectivo <strong>empate t\u00e9cnico<\/strong>.<\/p>\n<p>De continuar con esa tendencia al alza, la subsecretaria Dami\u00e1n Peralta, podr\u00eda obtener una holgada ventaja superior a <strong>10 puntos<\/strong> porcentuales, posibilidad no remota que se reforzar\u00eda con su presencia en las ocho regiones, en el momento que le permita su estrategia y la ley electoral, para recorrer el estado y sumar mayores simpat\u00edas<\/p>\n<p><strong>Marea Baja.-<\/strong> Si las cosas le resultan bien al ex gobernador H\u00e9ctor Astudillo Flores, tendr\u00e1 que esperar <strong>cinco a\u00f1os<\/strong> para realizar el tr\u00e1mite de una nueva <strong>Visa<\/strong>, en la Embajada de los Estados Unidos de Am\u00e9rica, una vez que fue revocada por motivos desconocidos y reservados por el Departamento de Estado, a cargo del cubano-norteamericano, Marco Rubio, que tiene informaci\u00f3n privilegiada.<\/p>\n<p>El argumento que maneja el ex gobernador como posible causa de la revocaci\u00f3n de su ingreso a <strong>USA<\/strong>, -su oposici\u00f3n al incremento del arancel al jitomate- es solo una suposici\u00f3n del ex mandatario y le resultar\u00e1 dif\u00edcil que pueda conocer a ciencia cierta el fondo del asunto, ni el Gobierno de M\u00e9xico ha sido enterado de este y otros casos similares, existiendo ligeras sospechas de v\u00ednculos criminales.<\/p>\n<p><strong>Marea Alta.-<\/strong> El impresentable Sebasti\u00e1n de la Rosa Pel\u00e1ez, hace un llamado a la dirigencia de <strong>Morena<\/strong>, para que le entregue a Yoshio \u00c1vila Gonz\u00e1lez, la candidatura a la alcald\u00eda porte\u00f1a, porque considera que ser\u00eda el mejor candidato de ese partido pol\u00edtico para arrasar en las elecciones de <strong>2027<\/strong>. Ni caso le van hacer al Sebas, \u00bfO no, Jacinto?<\/p>\n<p>En contra partida, los deslavados amarillos del agonizante <strong>PRD<\/strong>, Celestino Ces\u00e1reo Guzm\u00e1n y el ex alcalde Evodio Vel\u00e1zquez Aguirre, le han lanzado un salvavidas al hiper activo Yoshio \u00c1vila, para que acepte la candidatura amarillenta y saque del pozo de la ignominia al moribundo partido del sol azteca.<\/p>\n<p>Yoshio \u00c1vila es un incansable joven pol\u00edtico, que despu\u00e9s de su segunda derrota como aspirante a la codiciada silla municipal, realiza recorridos palmo a palmo por barrios, colonias y comunidades, incrementado simpat\u00edas de la gente que anhelan verlo como presidente municipal.<\/p>\n<p>La realidad pol\u00edtica indica que dif\u00edcilmente lo van a dejar pasar en <strong>Morena<\/strong>, por haberse confrontado con ese partido en la elecci\u00f3n pasada; tampoco en <strong>MC<\/strong>, debido al distanciamiento que mantiene en los \u00faltimos meses, qued\u00e1ndole la oportuna opci\u00f3n del <strong>PRD<\/strong>; tambi\u00e9n a <strong>Mario Moreno Arcos<\/strong>, que anda dando tumbos por doquier y Sof\u00edo sigue sus pasos.<\/p>\n<p><strong>Maremoto.-<\/strong> A un par de d\u00edas que se cumplan dos a\u00f1os del devastador hurac\u00e1n <em>Otis<\/em>, se debe continuar con la tarea del fortalecimiento de la <strong>cultura de prevenci\u00f3n de desastres<\/strong>, a fin no permanecer desprotegidos frente a los destrozos materiales y humanos, causados por la fuerza descomunal de los vientos huracanados.<\/p>\n<p>Despu\u00e9s de frecuentes cat\u00e1strofes en los a\u00f1os recientes, el gobierno federal ha puesto en operaci\u00f3n la primera fase del <strong>Sistema de<\/strong> <strong>Pron\u00f3stico, Alertamiento y Riesgos<\/strong>, con el objetivo de asumir medidas preventivas desde el origen mismo y desarrollo de los fen\u00f3menos clim\u00e1ticos, alertando a la poblaci\u00f3n de los inminentes riesgos y as\u00ed proteger la integridad de las familias y sus bienes.<\/p>\n<p>Sirva el recuerdo de <em>Otis<\/em> para darnos fortaleza y resiliencia, nunca bajar la guardia y acrecentar la conciencia de una sociedad civilizada, que aspiramos a corto, mediano y largo plazos.<br \/>\n<em>) <a href=\"http:\/\/fb.me\/steparious\" target=\"_blank\" rel=\"noopener\">fb.me\/steparious<\/a> ) <a href=\"http:\/\/fb.me\/acapulcopress\" target=\"_blank\" rel=\"noopener\">fb.me\/acapulcopress<\/a><\/em><\/p>\n","protected":false},"excerpt":{"rendered":"<p>Ricardo Castillo | A un a\u00f1o de la aplicaci\u00f3n de encuestas al interior de Morena, entre mujeres aspirantes a la candidatura para gobernadora,<\/p>\n","protected":false},"author":1,"featured_media":1260908,"comment_status":"closed","ping_status":"open","sticky":false,"template":"","format":"standard","meta":{"footnotes":""},"categories":[2071,1991],"tags":[3077,4637,12503,15575],"class_list":["post-1260907","post","type-post","status-publish","format-standard","has-post-thumbnail","hentry","category-opinion-analisis-columnas","category-libertad-de-expresion","tag-abelina-lopez-rodriguez","tag-beatriz-mojica-morga","tag-maremagnum","tag-ricardo-castillo-barrientos"],"_links":{"self":[{"href":"https:\/\/www.acapulcopress.com\/index.php\/wp-json\/wp\/v2\/posts\/1260907","targetHints":{"allow":["GET"]}}],"collection":[{"href":"https:\/\/www.acapulcopress.com\/index.php\/wp-json\/wp\/v2\/posts"}],"about":[{"href":"https:\/\/www.acapulcopress.com\/index.php\/wp-json\/wp\/v2\/types\/post"}],"author":[{"embeddable":true,"href":"https:\/\/www.acapulcopress.com\/index.php\/wp-json\/wp\/v2\/users\/1"}],"replies":[{"embeddable":true,"href":"https:\/\/www.acapulcopress.com\/index.php\/wp-json\/wp\/v2\/comments?post=1260907"}],"version-history":[{"count":1,"href":"https:\/\/www.acapulcopress.com\/index.php\/wp-json\/wp\/v2\/posts\/1260907\/revisions"}],"predecessor-version":[{"id":1260909,"href":"https:\/\/www.acapulcopress.com\/index.php\/wp-json\/wp\/v2\/posts\/1260907\/revisions\/1260909"}],"wp:featuredmedia":[{"embeddable":true,"href":"https:\/\/www.acapulcopress.com\/index.php\/wp-json\/wp\/v2\/media\/1260908"}],"wp:attachment":[{"href":"https:\/\/www.acapulcopress.com\/index.php\/wp-json\/wp\/v2\/media?parent=1260907"}],"wp:term":[{"taxonomy":"category","embeddable":true,"href":"https:\/\/www.acapulcopress.com\/index.php\/wp-json\/wp\/v2\/categories?post=1260907"},{"taxonomy":"post_tag","embeddable":true,"href":"https:\/\/www.acapulcopress.com\/index.php\/wp-json\/wp\/v2\/tags?post=1260907"}],"curies":[{"name":"wp","href":"https:\/\/api.w.org\/{rel}","templated":true}]}}