{"id":1260910,"date":"2025-10-22T02:16:52","date_gmt":"2025-10-22T08:16:52","guid":{"rendered":"https:\/\/www.acapulcopress.com\/?p=1260910"},"modified":"2025-10-22T18:29:43","modified_gmt":"2025-10-23T00:29:43","slug":"jornada-contra-el-cancer-de-mama","status":"publish","type":"post","link":"https:\/\/www.acapulcopress.com\/index.php\/2025\/10\/22\/jornada-contra-el-cancer-de-mama\/","title":{"rendered":"Jornada contra el c\u00e1ncer de mam\u00e1"},"content":{"rendered":"<p>Tercera V\u00eda<br \/>\n\u00bb <a href=\"https:\/\/www.facebook.com\/profile.php?id=100029214670744\" target=\"_blank\" rel=\"noopener\"><strong>ERNESTO<\/strong> | <strong>RIVERA RODR\u00cdGUEZ<\/strong><\/a><\/p>\n<p><em>* \u00ab<strong>La prevenci\u00f3n es un acto de amor propio\u00bb<\/strong>: Evelyn Salgado<\/em><\/p>\n<p>La jornada de prevenci\u00f3n contra el c\u00e1ncer de mama recorrera todo el estado de Guerrero para brindar atenci\u00f3n integral y fortalecer la prevenci\u00f3n oportuna de esta enfermedad entre las mujeres.<\/p>\n<p>La tasa de mortalidad por c\u00e1ncer de mam\u00e1 en Guerrero, es de las m\u00e1s bajas en el pa\u00eds, con 12.7 por cada cien mil mujeres en el estado.Si bien no hay datos espec\u00edficos y actualizaciones sobre el n\u00famero de muertes en a\u00f1os recientes se sabe qu\u00e9 a nivel nacional es causa de muerte de mama por c\u00e1ncer entre las mujeres.<\/p>\n<p>Tasa de mortalidad baja: Guerrero presenta una de las tasas m\u00e1s bajas a nivel nacional, s\u00f3lo por encima de Tlaxcala. Y dentro del contexto nacional, a nivel M\u00e9xico, el c\u00e1ncer de mama es la primera causa de muerte por tumores malignos en las mujeres con 8, 451 fallecimirntos en 2024.<\/p>\n<p>El enfoque en el diagn\u00f3stico, la tasa baja en Guerrero puede deberse a factores como el diagn\u00f3stico temprano y el acceso a tratamientos. Sin embargo, es fundamental la implementacion de estrategias de detecci\u00f3n temprana en la entidad para seguir reduciendo la mortalidad.<\/p>\n<p>\u00abSi t\u00fa estas bien, todo est\u00e1 mejor\u00bb, expres\u00f3 la gobernadora Evelyn Cesia Salgado Pineda, en el marco Internacional de la lucha contra el c\u00e1ncer de mama, con el mensaje, de que en este mes se llevar\u00e1n a cabo servicios y actividades para la detecci\u00f3n oportuna, la prevenci\u00f3n y la promoci\u00f3n del articulado.<\/p>\n<p>La gobernadora tambi\u00e9n llam\u00f3 a los hombres a sumarse c\u00f3mo aliados en \u00e9sta gran campa\u00f1a de prevenci\u00f3n y solidaridad. Reconociendo el esfuerzo conjunto de todas las zonstituciones de Salud, la Defensa, la UAGro, adem\u00e1s del personal m\u00e9dico, de enfermer\u00eda, psic\u00f3logas y asociaciones civiles.<br \/>\n<em>) <a href=\"http:\/\/fb.me\/steparious\" target=\"_blank\" rel=\"noopener\">fb.me\/steparious<\/a> ) <a href=\"http:\/\/fb.me\/acapulcopress\" target=\"_blank\" rel=\"noopener\">fb.me\/acapulcopress<\/a><\/em><\/p>\n","protected":false},"excerpt":{"rendered":"<p>Ernesto Rivera | La jornada de prevenci\u00f3n contra el c\u00e1ncer de mama recorrera todo el estado de Guerrero<\/p>\n","protected":false},"author":1,"featured_media":1260911,"comment_status":"closed","ping_status":"open","sticky":false,"template":"","format":"standard","meta":{"footnotes":""},"categories":[2071,1991],"tags":[5084,8065,17071],"class_list":["post-1260910","post","type-post","status-publish","format-standard","has-post-thumbnail","hentry","category-opinion-analisis-columnas","category-libertad-de-expresion","tag-cancer-de-mama","tag-ernesto-rodriguez-rivera","tag-tercera-via"],"_links":{"self":[{"href":"https:\/\/www.acapulcopress.com\/index.php\/wp-json\/wp\/v2\/posts\/1260910","targetHints":{"allow":["GET"]}}],"collection":[{"href":"https:\/\/www.acapulcopress.com\/index.php\/wp-json\/wp\/v2\/posts"}],"about":[{"href":"https:\/\/www.acapulcopress.com\/index.php\/wp-json\/wp\/v2\/types\/post"}],"author":[{"embeddable":true,"href":"https:\/\/www.acapulcopress.com\/index.php\/wp-json\/wp\/v2\/users\/1"}],"replies":[{"embeddable":true,"href":"https:\/\/www.acapulcopress.com\/index.php\/wp-json\/wp\/v2\/comments?post=1260910"}],"version-history":[{"count":1,"href":"https:\/\/www.acapulcopress.com\/index.php\/wp-json\/wp\/v2\/posts\/1260910\/revisions"}],"predecessor-version":[{"id":1260912,"href":"https:\/\/www.acapulcopress.com\/index.php\/wp-json\/wp\/v2\/posts\/1260910\/revisions\/1260912"}],"wp:featuredmedia":[{"embeddable":true,"href":"https:\/\/www.acapulcopress.com\/index.php\/wp-json\/wp\/v2\/media\/1260911"}],"wp:attachment":[{"href":"https:\/\/www.acapulcopress.com\/index.php\/wp-json\/wp\/v2\/media?parent=1260910"}],"wp:term":[{"taxonomy":"category","embeddable":true,"href":"https:\/\/www.acapulcopress.com\/index.php\/wp-json\/wp\/v2\/categories?post=1260910"},{"taxonomy":"post_tag","embeddable":true,"href":"https:\/\/www.acapulcopress.com\/index.php\/wp-json\/wp\/v2\/tags?post=1260910"}],"curies":[{"name":"wp","href":"https:\/\/api.w.org\/{rel}","templated":true}]}}