{"id":1260916,"date":"2025-10-22T21:00:41","date_gmt":"2025-10-23T03:00:41","guid":{"rendered":"https:\/\/www.acapulcopress.com\/?p=1260916"},"modified":"2025-10-22T21:00:41","modified_gmt":"2025-10-23T03:00:41","slug":"gobernadora-impulsa-desarrollo-de-la-montana-con-mas-de-72-millones-de-pesos","status":"publish","type":"post","link":"https:\/\/www.acapulcopress.com\/index.php\/2025\/10\/22\/gobernadora-impulsa-desarrollo-de-la-montana-con-mas-de-72-millones-de-pesos\/","title":{"rendered":"Gobernadora impulsa desarrollo de La Monta\u00f1a con m\u00e1s de 72 millones de pesos"},"content":{"rendered":"<p>ATLIXTAC * 22 de octubre 2025<br \/>\n<em>) Gobiernio de Guerrero<br \/>\n<\/em>Desde el territorio en la Monta\u00f1a baja de Guerrero, la gobernadora <strong>Evelyn Salgado Pineda<\/strong> llev\u00f3 una Feria de Servicios Integrales al <a href=\"https:\/\/www.acapulcopress.com\/wp-content\/uploads\/2025\/10\/ESP.-ATLIXTAC12.jpg\"><img loading=\"lazy\" decoding=\"async\" class=\"alignleft wp-image-1260928 size-cmsmasters-square-thumb\" src=\"https:\/\/www.acapulcopress.com\/wp-content\/uploads\/2025\/10\/ESP.-ATLIXTAC12-360x360.jpg\" alt=\"\" width=\"360\" height=\"360\" srcset=\"https:\/\/www.acapulcopress.com\/wp-content\/uploads\/2025\/10\/ESP.-ATLIXTAC12-360x360.jpg 360w, https:\/\/www.acapulcopress.com\/wp-content\/uploads\/2025\/10\/ESP.-ATLIXTAC12-150x150.jpg 150w, https:\/\/www.acapulcopress.com\/wp-content\/uploads\/2025\/10\/ESP.-ATLIXTAC12-70x70.jpg 70w\" sizes=\"auto, (max-width: 360px) 100vw, 360px\" \/><\/a>municipio de Atlixtac, donde anunci\u00f3 una inversi\u00f3n hist\u00f3rica superior a los 72 millones de pesos destinada a obras de pavimentaci\u00f3n, electrificaci\u00f3n, agua potable, infraestructura educativa y obras p\u00fablicas, con el objetivo de impulsar el desarrollo y bienestar de las familias guerrerenses.<\/p>\n<p>Durante su mensaje, la mandataria estatal destac\u00f3 que estas acciones responden al compromiso de su gobierno con los pueblos ind\u00edgenas y comunidades de la regi\u00f3n. \u201cTenemos obras, trabajo y resultados. Este es un gobierno cercano a su pueblo, de puertas abiertas y sin colores partidistas, tenemos puesta la camiseta de Guerrero\u201d, expres\u00f3 Salgado Pineda ante cientos de habitantes reunidos en la plaza p\u00fablica.<\/p>\n<p>A trav\u00e9s de la Secretar\u00eda de Desarrollo Urbano, Obras P\u00fablicas y Ordenamiento Territorial, dijo que se destinan nueve acciones que incluyen la construcci\u00f3n del sistema de red de agua potable, entre otras obras sumando una inversi\u00f3n superior a 21.7 millones de pesos, as\u00ed como 18 proyectos de infraestructura educativa por m\u00e1s de 23 millones de pesos, correspondientes al periodo 2022\u20132025.<\/p>\n<p>El titular de la Comisi\u00f3n de Infraestructura Carretera y Aeroportuaria del Estado (CICAEG), Mart\u00edn Vega Gonz\u00e1lez, anunci\u00f3 la construcci\u00f3n de la segunda etapa de pavimentaci\u00f3n del entronque carretero Atlixtac\u2013Tlapa, con una inversi\u00f3n de 7 millones de pesos, y la construcci\u00f3n del <a href=\"https:\/\/www.acapulcopress.com\/wp-content\/uploads\/2025\/10\/ESP.-ATLIXTAC11.jpg\"><img loading=\"lazy\" decoding=\"async\" class=\"alignleft wp-image-1260927 size-cmsmasters-square-thumb\" src=\"https:\/\/www.acapulcopress.com\/wp-content\/uploads\/2025\/10\/ESP.-ATLIXTAC11-360x360.jpg\" alt=\"\" width=\"360\" height=\"360\" srcset=\"https:\/\/www.acapulcopress.com\/wp-content\/uploads\/2025\/10\/ESP.-ATLIXTAC11-360x360.jpg 360w, https:\/\/www.acapulcopress.com\/wp-content\/uploads\/2025\/10\/ESP.-ATLIXTAC11-150x150.jpg 150w, https:\/\/www.acapulcopress.com\/wp-content\/uploads\/2025\/10\/ESP.-ATLIXTAC11-70x70.jpg 70w\" sizes=\"auto, (max-width: 360px) 100vw, 360px\" \/><\/a>puente vehicular en San Lucas Teocuitlapa, una demanda hist\u00f3rica de la poblaci\u00f3n que mejorar\u00e1 la conectividad de la zona.<\/p>\n<p>Salgado Pineda subray\u00f3 que su administraci\u00f3n trabaja para construir caminos dignos y seguros, garantizar el suministro oportuno de bienes y servicios, y reducir el rezago en materia de educaci\u00f3n, salud y seguridad p\u00fablica.<\/p>\n<p>\u201cMi compromiso es cerrar esta administraci\u00f3n con m\u00e1s caminos artesanales para los pueblos que m\u00e1s lo necesiten\u201d, afirm\u00f3 al se\u00f1alar que seguir\u00e1 gestionando este programa federal para las zonas de mayor pobreza en el estado con el apoyo de la presidenta Claudia Sheinbaum Pardo.<\/p>\n<p>Por su parte, el subsecretario de Desarrollo Pol\u00edtico y Social, Francisco Rodr\u00edguez Cisneros, destac\u00f3 que a cuatro a\u00f1os del gobierno de Evelyn Salgado se ha privilegiado el di\u00e1logo y el consenso como herramientas fundamentales para la gobernabilidad. \u201cSomos y seguiremos siendo un gobierno de puertas abiertas y de reconocimiento a los pueblos ind\u00edgenas\u201d, se\u00f1al\u00f3.<\/p>\n<p>La Feria de Servicios Integrales ofreci\u00f3 atenci\u00f3n m\u00e9dica, entrega de aparatos funcionales por parte del DIF Guerrero, juguetes a ni\u00f1as y ni\u00f1os, paquetes alimentarios, asesor\u00eda jur\u00eddica, registro civil y diversos apoyos institucionales, acercando al pueblo los programas y beneficios del gobierno estatal.<\/p>\n<p>En el evento participaron el alcalde de Atlixtac, Guillermo Mat\u00edas Marr\u00f3n; el alcalde de Acatepec, \u00c1ngel Aguilar Romero; la alcaldesa de Chilapa, Mercedes Carballo Chino; la secretaria de Desarrollo Urbano, Irene Jim\u00e9nez Montiel; y la secretaria de Salud, Alondra Garc\u00eda Carbajal, entre otros funcionarios estatales.<\/p>\n<p><a href=\"https:\/\/www.acapulcopress.com\/wp-content\/uploads\/2025\/10\/ESP.-ATLIXTAC10.jpg\"><img loading=\"lazy\" decoding=\"async\" class=\"alignnone wp-image-1260926 size-full\" src=\"https:\/\/www.acapulcopress.com\/wp-content\/uploads\/2025\/10\/ESP.-ATLIXTAC10.jpg\" alt=\"\" width=\"1280\" height=\"853\" srcset=\"https:\/\/www.acapulcopress.com\/wp-content\/uploads\/2025\/10\/ESP.-ATLIXTAC10.jpg 1280w, https:\/\/www.acapulcopress.com\/wp-content\/uploads\/2025\/10\/ESP.-ATLIXTAC10-300x200.jpg 300w, https:\/\/www.acapulcopress.com\/wp-content\/uploads\/2025\/10\/ESP.-ATLIXTAC10-1024x682.jpg 1024w, https:\/\/www.acapulcopress.com\/wp-content\/uploads\/2025\/10\/ESP.-ATLIXTAC10-768x512.jpg 768w, https:\/\/www.acapulcopress.com\/wp-content\/uploads\/2025\/10\/ESP.-ATLIXTAC10-580x387.jpg 580w, https:\/\/www.acapulcopress.com\/wp-content\/uploads\/2025\/10\/ESP.-ATLIXTAC10-860x573.jpg 860w, https:\/\/www.acapulcopress.com\/wp-content\/uploads\/2025\/10\/ESP.-ATLIXTAC10-1160x773.jpg 1160w\" sizes=\"auto, (max-width: 1280px) 100vw, 1280px\" \/><\/a> <a href=\"https:\/\/www.acapulcopress.com\/wp-content\/uploads\/2025\/10\/ESP.-ATLIXTAC9.jpg\"><img loading=\"lazy\" decoding=\"async\" class=\"alignnone wp-image-1260925 size-full\" src=\"https:\/\/www.acapulcopress.com\/wp-content\/uploads\/2025\/10\/ESP.-ATLIXTAC9.jpg\" alt=\"\" width=\"1280\" height=\"853\" srcset=\"https:\/\/www.acapulcopress.com\/wp-content\/uploads\/2025\/10\/ESP.-ATLIXTAC9.jpg 1280w, https:\/\/www.acapulcopress.com\/wp-content\/uploads\/2025\/10\/ESP.-ATLIXTAC9-300x200.jpg 300w, https:\/\/www.acapulcopress.com\/wp-content\/uploads\/2025\/10\/ESP.-ATLIXTAC9-1024x682.jpg 1024w, https:\/\/www.acapulcopress.com\/wp-content\/uploads\/2025\/10\/ESP.-ATLIXTAC9-768x512.jpg 768w, https:\/\/www.acapulcopress.com\/wp-content\/uploads\/2025\/10\/ESP.-ATLIXTAC9-580x387.jpg 580w, https:\/\/www.acapulcopress.com\/wp-content\/uploads\/2025\/10\/ESP.-ATLIXTAC9-860x573.jpg 860w, https:\/\/www.acapulcopress.com\/wp-content\/uploads\/2025\/10\/ESP.-ATLIXTAC9-1160x773.jpg 1160w\" sizes=\"auto, (max-width: 1280px) 100vw, 1280px\" \/><\/a> <a href=\"https:\/\/www.acapulcopress.com\/wp-content\/uploads\/2025\/10\/ESP.-ATLIXTAC8.jpg\"><img loading=\"lazy\" decoding=\"async\" class=\"alignnone wp-image-1260924 size-full\" src=\"https:\/\/www.acapulcopress.com\/wp-content\/uploads\/2025\/10\/ESP.-ATLIXTAC8.jpg\" alt=\"\" width=\"1280\" height=\"853\" srcset=\"https:\/\/www.acapulcopress.com\/wp-content\/uploads\/2025\/10\/ESP.-ATLIXTAC8.jpg 1280w, https:\/\/www.acapulcopress.com\/wp-content\/uploads\/2025\/10\/ESP.-ATLIXTAC8-300x200.jpg 300w, https:\/\/www.acapulcopress.com\/wp-content\/uploads\/2025\/10\/ESP.-ATLIXTAC8-1024x682.jpg 1024w, https:\/\/www.acapulcopress.com\/wp-content\/uploads\/2025\/10\/ESP.-ATLIXTAC8-768x512.jpg 768w, https:\/\/www.acapulcopress.com\/wp-content\/uploads\/2025\/10\/ESP.-ATLIXTAC8-580x387.jpg 580w, https:\/\/www.acapulcopress.com\/wp-content\/uploads\/2025\/10\/ESP.-ATLIXTAC8-860x573.jpg 860w, https:\/\/www.acapulcopress.com\/wp-content\/uploads\/2025\/10\/ESP.-ATLIXTAC8-1160x773.jpg 1160w\" sizes=\"auto, (max-width: 1280px) 100vw, 1280px\" \/><\/a> <a href=\"https:\/\/www.acapulcopress.com\/wp-content\/uploads\/2025\/10\/ESP.-ATLIXTAC7.jpg\"><img loading=\"lazy\" decoding=\"async\" class=\"alignnone wp-image-1260923 size-full\" src=\"https:\/\/www.acapulcopress.com\/wp-content\/uploads\/2025\/10\/ESP.-ATLIXTAC7.jpg\" alt=\"\" width=\"1280\" height=\"853\" srcset=\"https:\/\/www.acapulcopress.com\/wp-content\/uploads\/2025\/10\/ESP.-ATLIXTAC7.jpg 1280w, https:\/\/www.acapulcopress.com\/wp-content\/uploads\/2025\/10\/ESP.-ATLIXTAC7-300x200.jpg 300w, https:\/\/www.acapulcopress.com\/wp-content\/uploads\/2025\/10\/ESP.-ATLIXTAC7-1024x682.jpg 1024w, https:\/\/www.acapulcopress.com\/wp-content\/uploads\/2025\/10\/ESP.-ATLIXTAC7-768x512.jpg 768w, https:\/\/www.acapulcopress.com\/wp-content\/uploads\/2025\/10\/ESP.-ATLIXTAC7-580x387.jpg 580w, https:\/\/www.acapulcopress.com\/wp-content\/uploads\/2025\/10\/ESP.-ATLIXTAC7-860x573.jpg 860w, https:\/\/www.acapulcopress.com\/wp-content\/uploads\/2025\/10\/ESP.-ATLIXTAC7-1160x773.jpg 1160w\" sizes=\"auto, (max-width: 1280px) 100vw, 1280px\" \/><\/a> <a href=\"https:\/\/www.acapulcopress.com\/wp-content\/uploads\/2025\/10\/ESP.-ATLIXTAC2.jpg\"><img loading=\"lazy\" decoding=\"async\" class=\"alignnone wp-image-1260918 size-full\" src=\"https:\/\/www.acapulcopress.com\/wp-content\/uploads\/2025\/10\/ESP.-ATLIXTAC2.jpg\" alt=\"\" width=\"1280\" height=\"853\" srcset=\"https:\/\/www.acapulcopress.com\/wp-content\/uploads\/2025\/10\/ESP.-ATLIXTAC2.jpg 1280w, https:\/\/www.acapulcopress.com\/wp-content\/uploads\/2025\/10\/ESP.-ATLIXTAC2-300x200.jpg 300w, https:\/\/www.acapulcopress.com\/wp-content\/uploads\/2025\/10\/ESP.-ATLIXTAC2-1024x682.jpg 1024w, https:\/\/www.acapulcopress.com\/wp-content\/uploads\/2025\/10\/ESP.-ATLIXTAC2-768x512.jpg 768w, https:\/\/www.acapulcopress.com\/wp-content\/uploads\/2025\/10\/ESP.-ATLIXTAC2-580x387.jpg 580w, https:\/\/www.acapulcopress.com\/wp-content\/uploads\/2025\/10\/ESP.-ATLIXTAC2-860x573.jpg 860w, https:\/\/www.acapulcopress.com\/wp-content\/uploads\/2025\/10\/ESP.-ATLIXTAC2-1160x773.jpg 1160w\" sizes=\"auto, (max-width: 1280px) 100vw, 1280px\" \/><\/a> <a href=\"https:\/\/www.acapulcopress.com\/wp-content\/uploads\/2025\/10\/ESP.-ATLIXTAC3.jpg\"><img loading=\"lazy\" decoding=\"async\" class=\"alignleft wp-image-1260919 size-full\" src=\"https:\/\/www.acapulcopress.com\/wp-content\/uploads\/2025\/10\/ESP.-ATLIXTAC3.jpg\" alt=\"\" width=\"1280\" height=\"853\" srcset=\"https:\/\/www.acapulcopress.com\/wp-content\/uploads\/2025\/10\/ESP.-ATLIXTAC3.jpg 1280w, https:\/\/www.acapulcopress.com\/wp-content\/uploads\/2025\/10\/ESP.-ATLIXTAC3-300x200.jpg 300w, https:\/\/www.acapulcopress.com\/wp-content\/uploads\/2025\/10\/ESP.-ATLIXTAC3-1024x682.jpg 1024w, https:\/\/www.acapulcopress.com\/wp-content\/uploads\/2025\/10\/ESP.-ATLIXTAC3-768x512.jpg 768w, https:\/\/www.acapulcopress.com\/wp-content\/uploads\/2025\/10\/ESP.-ATLIXTAC3-580x387.jpg 580w, https:\/\/www.acapulcopress.com\/wp-content\/uploads\/2025\/10\/ESP.-ATLIXTAC3-860x573.jpg 860w, https:\/\/www.acapulcopress.com\/wp-content\/uploads\/2025\/10\/ESP.-ATLIXTAC3-1160x773.jpg 1160w\" sizes=\"auto, (max-width: 1280px) 100vw, 1280px\" \/><\/a> <a href=\"https:\/\/www.acapulcopress.com\/wp-content\/uploads\/2025\/10\/ESP.-ATLIXTAC4.jpg\"><img loading=\"lazy\" decoding=\"async\" class=\"alignnone wp-image-1260920 size-full\" src=\"https:\/\/www.acapulcopress.com\/wp-content\/uploads\/2025\/10\/ESP.-ATLIXTAC4.jpg\" alt=\"\" width=\"1280\" height=\"853\" srcset=\"https:\/\/www.acapulcopress.com\/wp-content\/uploads\/2025\/10\/ESP.-ATLIXTAC4.jpg 1280w, https:\/\/www.acapulcopress.com\/wp-content\/uploads\/2025\/10\/ESP.-ATLIXTAC4-300x200.jpg 300w, https:\/\/www.acapulcopress.com\/wp-content\/uploads\/2025\/10\/ESP.-ATLIXTAC4-1024x682.jpg 1024w, https:\/\/www.acapulcopress.com\/wp-content\/uploads\/2025\/10\/ESP.-ATLIXTAC4-768x512.jpg 768w, https:\/\/www.acapulcopress.com\/wp-content\/uploads\/2025\/10\/ESP.-ATLIXTAC4-580x387.jpg 580w, https:\/\/www.acapulcopress.com\/wp-content\/uploads\/2025\/10\/ESP.-ATLIXTAC4-860x573.jpg 860w, https:\/\/www.acapulcopress.com\/wp-content\/uploads\/2025\/10\/ESP.-ATLIXTAC4-1160x773.jpg 1160w\" sizes=\"auto, (max-width: 1280px) 100vw, 1280px\" \/><\/a> <a href=\"https:\/\/www.acapulcopress.com\/wp-content\/uploads\/2025\/10\/ESP.-ATLIXTAC5.jpg\"><img loading=\"lazy\" decoding=\"async\" class=\"alignnone wp-image-1260921 size-full\" src=\"https:\/\/www.acapulcopress.com\/wp-content\/uploads\/2025\/10\/ESP.-ATLIXTAC5.jpg\" alt=\"\" width=\"1280\" height=\"853\" srcset=\"https:\/\/www.acapulcopress.com\/wp-content\/uploads\/2025\/10\/ESP.-ATLIXTAC5.jpg 1280w, https:\/\/www.acapulcopress.com\/wp-content\/uploads\/2025\/10\/ESP.-ATLIXTAC5-300x200.jpg 300w, https:\/\/www.acapulcopress.com\/wp-content\/uploads\/2025\/10\/ESP.-ATLIXTAC5-1024x682.jpg 1024w, https:\/\/www.acapulcopress.com\/wp-content\/uploads\/2025\/10\/ESP.-ATLIXTAC5-768x512.jpg 768w, https:\/\/www.acapulcopress.com\/wp-content\/uploads\/2025\/10\/ESP.-ATLIXTAC5-580x387.jpg 580w, https:\/\/www.acapulcopress.com\/wp-content\/uploads\/2025\/10\/ESP.-ATLIXTAC5-860x573.jpg 860w, https:\/\/www.acapulcopress.com\/wp-content\/uploads\/2025\/10\/ESP.-ATLIXTAC5-1160x773.jpg 1160w\" sizes=\"auto, (max-width: 1280px) 100vw, 1280px\" \/><\/a> 970<\/p>\n<p><em>) <a href=\"http:\/\/fb.me\/steparious\" target=\"_blank\" rel=\"noopener\">fb.me\/steparious<\/a> ) <a href=\"http:\/\/fb.me\/acapulcopress\" target=\"_blank\" rel=\"noopener\">fb.me\/acapulcopress<\/a><\/em><\/p>\n","protected":false},"excerpt":{"rendered":"<p>ATLIXTAC * 22 de octubre 2025 ) Gobiernio de Guerrero Desde el territorio en la Monta\u00f1a baja de Guerrero, la gobernadora Evelyn Salgado Pineda llev\u00f3 una Feria de Servicios Integrales al municipio de Atlixtac, donde anunci\u00f3 una inversi\u00f3n hist\u00f3rica superior a los 72 millones de pesos destinada a obras de pavimentaci\u00f3n, electrificaci\u00f3n, agua potable, infraestructura&#8230;<\/p>\n","protected":false},"author":1,"featured_media":1260917,"comment_status":"closed","ping_status":"open","sticky":false,"template":"","format":"standard","meta":{"footnotes":""},"categories":[2080],"tags":[8251,18856],"class_list":["post-1260916","post","type-post","status-publish","format-standard","has-post-thumbnail","hentry","category-regiones-de-guerrero","tag-evelyn-salgado-pineda","tag-gobiernio-de-guerrero"],"_links":{"self":[{"href":"https:\/\/www.acapulcopress.com\/index.php\/wp-json\/wp\/v2\/posts\/1260916","targetHints":{"allow":["GET"]}}],"collection":[{"href":"https:\/\/www.acapulcopress.com\/index.php\/wp-json\/wp\/v2\/posts"}],"about":[{"href":"https:\/\/www.acapulcopress.com\/index.php\/wp-json\/wp\/v2\/types\/post"}],"author":[{"embeddable":true,"href":"https:\/\/www.acapulcopress.com\/index.php\/wp-json\/wp\/v2\/users\/1"}],"replies":[{"embeddable":true,"href":"https:\/\/www.acapulcopress.com\/index.php\/wp-json\/wp\/v2\/comments?post=1260916"}],"version-history":[{"count":1,"href":"https:\/\/www.acapulcopress.com\/index.php\/wp-json\/wp\/v2\/posts\/1260916\/revisions"}],"predecessor-version":[{"id":1260929,"href":"https:\/\/www.acapulcopress.com\/index.php\/wp-json\/wp\/v2\/posts\/1260916\/revisions\/1260929"}],"wp:featuredmedia":[{"embeddable":true,"href":"https:\/\/www.acapulcopress.com\/index.php\/wp-json\/wp\/v2\/media\/1260917"}],"wp:attachment":[{"href":"https:\/\/www.acapulcopress.com\/index.php\/wp-json\/wp\/v2\/media?parent=1260916"}],"wp:term":[{"taxonomy":"category","embeddable":true,"href":"https:\/\/www.acapulcopress.com\/index.php\/wp-json\/wp\/v2\/categories?post=1260916"},{"taxonomy":"post_tag","embeddable":true,"href":"https:\/\/www.acapulcopress.com\/index.php\/wp-json\/wp\/v2\/tags?post=1260916"}],"curies":[{"name":"wp","href":"https:\/\/api.w.org\/{rel}","templated":true}]}}