{"id":1260933,"date":"2025-10-24T18:12:54","date_gmt":"2025-10-25T00:12:54","guid":{"rendered":"https:\/\/www.acapulcopress.com\/?p=1260933"},"modified":"2025-10-24T18:46:19","modified_gmt":"2025-10-25T00:46:19","slug":"otis-nos-cambio-pero-nos-unio-el-hogar-del-sol-brillar-mas-fuerte-evelyn","status":"publish","type":"post","link":"https:\/\/www.acapulcopress.com\/index.php\/2025\/10\/24\/otis-nos-cambio-pero-nos-unio-el-hogar-del-sol-brillar-mas-fuerte-evelyn\/","title":{"rendered":"Otis nos cambi\u00f3, pero nos uni\u00f3: El Hogar del Sol brillar m\u00e1s fuerte: Evelyn"},"content":{"rendered":"<p>ACAPULCO * 24 de octubre 2025<br \/>\n<em>) Gobierno de Guerrero<\/em><br \/>\n\u201cOtis nos cambi\u00f3, pero tambi\u00e9n nos uni\u00f3. Nos record\u00f3 que ning\u00fan hurac\u00e1n puede con la voluntad de un pueblo que se ama y que se cuida; el <a href=\"https:\/\/www.acapulcopress.com\/wp-content\/uploads\/2025\/10\/EVELYN.OTIS18.jpg\"><img loading=\"lazy\" decoding=\"async\" class=\"alignleft wp-image-1260954 size-cmsmasters-square-thumb\" src=\"https:\/\/www.acapulcopress.com\/wp-content\/uploads\/2025\/10\/EVELYN.OTIS18-360x360.jpg\" alt=\"\" width=\"360\" height=\"360\" srcset=\"https:\/\/www.acapulcopress.com\/wp-content\/uploads\/2025\/10\/EVELYN.OTIS18-360x360.jpg 360w, https:\/\/www.acapulcopress.com\/wp-content\/uploads\/2025\/10\/EVELYN.OTIS18-150x150.jpg 150w, https:\/\/www.acapulcopress.com\/wp-content\/uploads\/2025\/10\/EVELYN.OTIS18-70x70.jpg 70w\" sizes=\"auto, (max-width: 360px) 100vw, 360px\" \/><\/a><em>Hogar del Sol<\/em> vuelve a brillar con una luz m\u00e1s fuerte, una luz que naci\u00f3 precisamente de la fe, de la resiliencia, de la unidad y de la solidaridad entre todas y todos\u201d, expres\u00f3 en su mensaje la gobernadora<strong> Evelyn Salgado Pineda<\/strong> durante el evento por el segundo aniversario del impacto del hurac\u00e1n Otis en Acapulco.<\/p>\n<p>En el homenaje que se realiz\u00f3 en la explanada de la<em> Plaza de la Heroica Escuela Naval Militar<\/em>, la gobernadora subray\u00f3 que luego de este suceso que impact\u00f3 significativamente la vida de los acapulque\u00f1os, hoy hay esperanza y un \u00edmpetu para seguir adelante en el tema de la recuperaci\u00f3n. Destac\u00f3 el apoyo de todos para levantar a este puerto, lo que ha permitido que Acapulco tenga otra cara, con una infraestructura lista para recibir a los turistas nacionales y extranjeros.<\/p>\n<p>\u201cHoy, a dos a\u00f1os de esa tragedia, rendimos un homenaje solemne a las v\u00edctimas del hurac\u00e1n y sus familias, su memoria nos gu\u00eda cada d\u00eda y vive en cada acci\u00f3n de reconstrucci\u00f3n, en cada obra y en cada hogar que volvi\u00f3 a levantarse. A dos a\u00f1os de Otis, el<em> Hogar del Sol<\/em> renace, renace en sus calles, en sus playas, en sus escuelas y en sus mercados. Hoy Acapulco vuelve a recibir al mundo con los brazos abiertos, con m\u00e1s de 16 mil habitaciones disponibles en casi 300 hoteles\u201d, enfatiz\u00f3.<\/p>\n<p>En compa\u00f1\u00eda de autoridades civiles y militares, as\u00ed como representantes de la sociedad civil y del sector tur\u00edstico, la jefa del Ejecutivo estatal <a href=\"https:\/\/www.acapulcopress.com\/wp-content\/uploads\/2025\/10\/EVELYN.OTIS17.jpg\"><img loading=\"lazy\" decoding=\"async\" class=\"alignleft wp-image-1260953 size-cmsmasters-square-thumb\" src=\"https:\/\/www.acapulcopress.com\/wp-content\/uploads\/2025\/10\/EVELYN.OTIS17-360x360.jpg\" alt=\"\" width=\"360\" height=\"360\" srcset=\"https:\/\/www.acapulcopress.com\/wp-content\/uploads\/2025\/10\/EVELYN.OTIS17-360x360.jpg 360w, https:\/\/www.acapulcopress.com\/wp-content\/uploads\/2025\/10\/EVELYN.OTIS17-150x150.jpg 150w, https:\/\/www.acapulcopress.com\/wp-content\/uploads\/2025\/10\/EVELYN.OTIS17-70x70.jpg 70w\" sizes=\"auto, (max-width: 360px) 100vw, 360px\" \/><\/a>dijo que en esta ruta de la recuperaci\u00f3n, se reactivaron vuelos y cruceros, con una econom\u00eda local que cobra nueva vida gracias a la apertura y reapertura de restaurantes, comercios y centros de entretenimiento, reflejando la confianza que existe para Acapulco.<\/p>\n<p>\u201cLes puedo asegurar que Acapulco estar\u00e1 mejor ahora, con el apoyo de todas y de todos ustedes, de nuestros hermanos de los diferentes estados, del pueblo de Acapulco y tambi\u00e9n a nivel internacional, de muchas y muchos que siguen confiando y que siguen queriendo con todo su coraz\u00f3n a este pueblo maravilloso que tanto nos ha dado. Hoy podemos decir, con la frente en alto y con el coraz\u00f3n en la mano que Acapulco est\u00e1 de pie, est\u00e1 en reconstrucci\u00f3n efectivamente, pero vamos muy r\u00e1pido, esto gracias al apoyo de todas y de todos. Guerrero est\u00e1 de pie y el Hogar del Sol y su luz nunca se apagar\u00e1\u201d,<\/p>\n<p>Durante su participaci\u00f3n, el director del <em>Fondo Nacional de Fomento al Turismo (Fonatur)<\/em>, <strong>Sebasti\u00e1n Ram\u00edrez Mendoza<\/strong>, se\u00f1al\u00f3 que es importante hacer memoria y recordar a todas las personas que lamentablemente fallecieron, las que tuvieron p\u00e9rdidas, pero tambi\u00e9n a quienes ayudaron a levantar Acapulco. A nombre de la presidenta de M\u00e9xico,<strong> Claudia Sheinbaum Pardo<\/strong>, el funcionario federal refrend\u00f3 el compromiso hacia este destino de playa, con inversiones y acciones que impulsan la recuperaci\u00f3n del puerto.<\/p>\n<p><a href=\"https:\/\/www.acapulcopress.com\/wp-content\/uploads\/2025\/10\/EVELYN.OTIS15.jpg\"><img loading=\"lazy\" decoding=\"async\" class=\"alignleft wp-image-1260951 size-cmsmasters-square-thumb\" src=\"https:\/\/www.acapulcopress.com\/wp-content\/uploads\/2025\/10\/EVELYN.OTIS15-360x360.jpg\" alt=\"\" width=\"360\" height=\"360\" srcset=\"https:\/\/www.acapulcopress.com\/wp-content\/uploads\/2025\/10\/EVELYN.OTIS15-360x360.jpg 360w, https:\/\/www.acapulcopress.com\/wp-content\/uploads\/2025\/10\/EVELYN.OTIS15-150x150.jpg 150w, https:\/\/www.acapulcopress.com\/wp-content\/uploads\/2025\/10\/EVELYN.OTIS15-70x70.jpg 70w\" sizes=\"auto, (max-width: 360px) 100vw, 360px\" \/><\/a>Entre los apoyos que se han puesto en marcha mencion\u00f3 la inversi\u00f3n de poco m\u00e1s de mil 800 millones de pesos para la rehabilitaci\u00f3n de los sistemas de agua potable, obras de saneamiento y de intervenci\u00f3n para evitar las inundaciones; tambi\u00e9n la rehabilitaci\u00f3n de la Costera Miguel Alem\u00e1n y el pr\u00f3ximo proceso de colocaci\u00f3n de luminarias, s\u00f3lo por mencionar algunos.<\/p>\n<p>En tanto, la presidenta municipal de Acapulco, <strong>Abelina L\u00f3pez Rodr\u00edguez<\/strong> reconoci\u00f3 todo el trabajo conjunto que se ha realizado entre los diferentes \u00f3rdenes de gobierno para lograr la recuperaci\u00f3n de este destino. Al respecto, la mun\u00edcipe expres\u00f3 su agradecimiento a la gobernadora Evelyn Salgado por seguir impulsando acciones decididas y coordinadas, atendiendo los temas prioritarios.<\/p>\n<p>Para concluir, el presidente de la Asociaci\u00f3n de Hoteles y Empresas Tur\u00edsticas de Acapulco (Aheta), <strong>Jos\u00e9 Luis Smithers Jim\u00e9nez<\/strong>, dijo que aunque el hurac\u00e1n Otis puso a prueba a los acapulque\u00f1os, tambi\u00e9n permiti\u00f3 demostrar la fuerza, uni\u00f3n y capacidad para salir delante de esta ciudad. De igual manera expres\u00f3 su reconocimiento hacia la gobernadora por su compromiso con este destino.<\/p>\n<p>\u201cHoy la actividad tur\u00edstica se ha reactivado con fuerza, quiero reconocer el liderazgo de nuestra gobernadora, la maestra Evelyn Salgado Pineda, su compromiso con Acapulco no ha sido un discurso, se ha traducido en hechos concretos, apoyo directo al sector turismo, impulso al <a href=\"https:\/\/www.acapulcopress.com\/wp-content\/uploads\/2025\/10\/EVELYN.OTIS13.jpg\"><img loading=\"lazy\" decoding=\"async\" class=\"alignleft wp-image-1260949 size-cmsmasters-square-thumb\" src=\"https:\/\/www.acapulcopress.com\/wp-content\/uploads\/2025\/10\/EVELYN.OTIS13-360x360.jpg\" alt=\"\" width=\"360\" height=\"360\" srcset=\"https:\/\/www.acapulcopress.com\/wp-content\/uploads\/2025\/10\/EVELYN.OTIS13-360x360.jpg 360w, https:\/\/www.acapulcopress.com\/wp-content\/uploads\/2025\/10\/EVELYN.OTIS13-150x150.jpg 150w, https:\/\/www.acapulcopress.com\/wp-content\/uploads\/2025\/10\/EVELYN.OTIS13-70x70.jpg 70w\" sizes=\"auto, (max-width: 360px) 100vw, 360px\" \/><\/a>a conectividad, promoci\u00f3n nacional e internacional, mejora de infraestructura y una fuerte agenda tur\u00edstica que nos permite recuperar nuestro lugar como uno de los destinos m\u00e1s emblem\u00e1ticos de M\u00e9xico\u201d; a\u00f1adi\u00f3.<\/p>\n<p>Enseguida, la gobernadora entreg\u00f3 reconocimientos a las personas e instituciones que participaron en las labores de apoyo y reconstrucci\u00f3n como son <em>Cruz Roja, Comisi\u00f3n Federal de Electricidad, Estrella de Oro, World Central Kitchen, Tel\u00e9fonos de M\u00e9xico, Brigada Otis, A.C., Costaline, Mundo Imperial, Unicef M\u00e9xico, Bomberos Acapulco, Comedores Comunitarios, Grupo Iusa, Universidad Aut\u00f3noma de Guerrero, Parroquia de Costa Azul, Cuerpo de Bomberos del Estado de Guerrero, Secretar\u00eda de Marina, Secretaria de la Defensa Nacional, Servidores de la Naci\u00f3n<\/em>, entre otros.<\/p>\n<p>Como parte de la ceremonia, se realiz\u00f3 el toque de silencio, para recordar a las personas que perdieron la vida durante el embate de este fen\u00f3meno natural.<\/p>\n<p>Acompa\u00f1aron a la gobernadora, el presidente del Tribunal Superior de Justicia del estado, <strong>Ricardo Salinas Sandoval<\/strong>; el comandante de la Novena Regi\u00f3n Militar, Jos\u00e9 Roberto Flores Montes de Oca; el comandante de la Octava Regi\u00f3n Naval, <strong>Carlos Eduardo L\u2019Eglise Escamilla<\/strong>; el Oficial Mayor de la Sefina, <strong>Ricardo Salinas M\u00e9ndez<\/strong>; el secretario de Seguridad P\u00fablica en el estado, <strong>Daniel Antonio Ledesma Osuna<\/strong> y el delegado federal de los Programas para el Bienestar en Guerrero, <strong>Iv\u00e1n Hern\u00e1ndez D\u00edaz<\/strong>.<\/p>\n<p><a href=\"https:\/\/www.acapulcopress.com\/wp-content\/uploads\/2025\/10\/EVELYN.OTIS11.jpg\"><img loading=\"lazy\" decoding=\"async\" class=\"alignnone wp-image-1260947 size-full\" src=\"https:\/\/www.acapulcopress.com\/wp-content\/uploads\/2025\/10\/EVELYN.OTIS11.jpg\" alt=\"\" width=\"1280\" height=\"853\" srcset=\"https:\/\/www.acapulcopress.com\/wp-content\/uploads\/2025\/10\/EVELYN.OTIS11.jpg 1280w, https:\/\/www.acapulcopress.com\/wp-content\/uploads\/2025\/10\/EVELYN.OTIS11-300x200.jpg 300w, https:\/\/www.acapulcopress.com\/wp-content\/uploads\/2025\/10\/EVELYN.OTIS11-1024x682.jpg 1024w, https:\/\/www.acapulcopress.com\/wp-content\/uploads\/2025\/10\/EVELYN.OTIS11-768x512.jpg 768w, https:\/\/www.acapulcopress.com\/wp-content\/uploads\/2025\/10\/EVELYN.OTIS11-580x387.jpg 580w, https:\/\/www.acapulcopress.com\/wp-content\/uploads\/2025\/10\/EVELYN.OTIS11-860x573.jpg 860w, https:\/\/www.acapulcopress.com\/wp-content\/uploads\/2025\/10\/EVELYN.OTIS11-1160x773.jpg 1160w\" sizes=\"auto, (max-width: 1280px) 100vw, 1280px\" \/><\/a> <a href=\"https:\/\/www.acapulcopress.com\/wp-content\/uploads\/2025\/10\/EVELYN.OTIS10.jpg\"><img loading=\"lazy\" decoding=\"async\" class=\"alignnone wp-image-1260946 size-full\" src=\"https:\/\/www.acapulcopress.com\/wp-content\/uploads\/2025\/10\/EVELYN.OTIS10.jpg\" alt=\"\" width=\"1280\" height=\"853\" srcset=\"https:\/\/www.acapulcopress.com\/wp-content\/uploads\/2025\/10\/EVELYN.OTIS10.jpg 1280w, https:\/\/www.acapulcopress.com\/wp-content\/uploads\/2025\/10\/EVELYN.OTIS10-300x200.jpg 300w, https:\/\/www.acapulcopress.com\/wp-content\/uploads\/2025\/10\/EVELYN.OTIS10-1024x682.jpg 1024w, https:\/\/www.acapulcopress.com\/wp-content\/uploads\/2025\/10\/EVELYN.OTIS10-768x512.jpg 768w, https:\/\/www.acapulcopress.com\/wp-content\/uploads\/2025\/10\/EVELYN.OTIS10-580x387.jpg 580w, https:\/\/www.acapulcopress.com\/wp-content\/uploads\/2025\/10\/EVELYN.OTIS10-860x573.jpg 860w, https:\/\/www.acapulcopress.com\/wp-content\/uploads\/2025\/10\/EVELYN.OTIS10-1160x773.jpg 1160w\" sizes=\"auto, (max-width: 1280px) 100vw, 1280px\" \/><\/a> <a href=\"https:\/\/www.acapulcopress.com\/wp-content\/uploads\/2025\/10\/EVELYN.OTIS9_.jpg\"><img loading=\"lazy\" decoding=\"async\" class=\"alignnone wp-image-1260945 size-full\" src=\"https:\/\/www.acapulcopress.com\/wp-content\/uploads\/2025\/10\/EVELYN.OTIS9_.jpg\" alt=\"\" width=\"1280\" height=\"853\" srcset=\"https:\/\/www.acapulcopress.com\/wp-content\/uploads\/2025\/10\/EVELYN.OTIS9_.jpg 1280w, https:\/\/www.acapulcopress.com\/wp-content\/uploads\/2025\/10\/EVELYN.OTIS9_-300x200.jpg 300w, https:\/\/www.acapulcopress.com\/wp-content\/uploads\/2025\/10\/EVELYN.OTIS9_-1024x682.jpg 1024w, https:\/\/www.acapulcopress.com\/wp-content\/uploads\/2025\/10\/EVELYN.OTIS9_-768x512.jpg 768w, https:\/\/www.acapulcopress.com\/wp-content\/uploads\/2025\/10\/EVELYN.OTIS9_-580x387.jpg 580w, https:\/\/www.acapulcopress.com\/wp-content\/uploads\/2025\/10\/EVELYN.OTIS9_-860x573.jpg 860w, https:\/\/www.acapulcopress.com\/wp-content\/uploads\/2025\/10\/EVELYN.OTIS9_-1160x773.jpg 1160w\" sizes=\"auto, (max-width: 1280px) 100vw, 1280px\" \/><\/a> <a href=\"https:\/\/www.acapulcopress.com\/wp-content\/uploads\/2025\/10\/EVELYN.OTIS8_.jpg\"><img loading=\"lazy\" decoding=\"async\" class=\"alignnone wp-image-1260944 size-full\" src=\"https:\/\/www.acapulcopress.com\/wp-content\/uploads\/2025\/10\/EVELYN.OTIS8_.jpg\" alt=\"\" width=\"1280\" height=\"853\" srcset=\"https:\/\/www.acapulcopress.com\/wp-content\/uploads\/2025\/10\/EVELYN.OTIS8_.jpg 1280w, https:\/\/www.acapulcopress.com\/wp-content\/uploads\/2025\/10\/EVELYN.OTIS8_-300x200.jpg 300w, https:\/\/www.acapulcopress.com\/wp-content\/uploads\/2025\/10\/EVELYN.OTIS8_-1024x682.jpg 1024w, https:\/\/www.acapulcopress.com\/wp-content\/uploads\/2025\/10\/EVELYN.OTIS8_-768x512.jpg 768w, https:\/\/www.acapulcopress.com\/wp-content\/uploads\/2025\/10\/EVELYN.OTIS8_-580x387.jpg 580w, https:\/\/www.acapulcopress.com\/wp-content\/uploads\/2025\/10\/EVELYN.OTIS8_-860x573.jpg 860w, https:\/\/www.acapulcopress.com\/wp-content\/uploads\/2025\/10\/EVELYN.OTIS8_-1160x773.jpg 1160w\" sizes=\"auto, (max-width: 1280px) 100vw, 1280px\" \/><\/a> <a href=\"https:\/\/www.acapulcopress.com\/wp-content\/uploads\/2025\/10\/EVELYN.OTIS7_.jpg\"><img loading=\"lazy\" decoding=\"async\" class=\"alignnone wp-image-1260943 size-full\" src=\"https:\/\/www.acapulcopress.com\/wp-content\/uploads\/2025\/10\/EVELYN.OTIS7_.jpg\" alt=\"\" width=\"1280\" height=\"853\" srcset=\"https:\/\/www.acapulcopress.com\/wp-content\/uploads\/2025\/10\/EVELYN.OTIS7_.jpg 1280w, https:\/\/www.acapulcopress.com\/wp-content\/uploads\/2025\/10\/EVELYN.OTIS7_-300x200.jpg 300w, https:\/\/www.acapulcopress.com\/wp-content\/uploads\/2025\/10\/EVELYN.OTIS7_-1024x682.jpg 1024w, https:\/\/www.acapulcopress.com\/wp-content\/uploads\/2025\/10\/EVELYN.OTIS7_-768x512.jpg 768w, https:\/\/www.acapulcopress.com\/wp-content\/uploads\/2025\/10\/EVELYN.OTIS7_-580x387.jpg 580w, https:\/\/www.acapulcopress.com\/wp-content\/uploads\/2025\/10\/EVELYN.OTIS7_-860x573.jpg 860w, https:\/\/www.acapulcopress.com\/wp-content\/uploads\/2025\/10\/EVELYN.OTIS7_-1160x773.jpg 1160w\" sizes=\"auto, (max-width: 1280px) 100vw, 1280px\" \/><\/a> <a href=\"https:\/\/www.acapulcopress.com\/wp-content\/uploads\/2025\/10\/EVELYN.OTIS6_.jpg\"><img loading=\"lazy\" decoding=\"async\" class=\"alignnone wp-image-1260942 size-full\" src=\"https:\/\/www.acapulcopress.com\/wp-content\/uploads\/2025\/10\/EVELYN.OTIS6_.jpg\" alt=\"\" width=\"1280\" height=\"853\" srcset=\"https:\/\/www.acapulcopress.com\/wp-content\/uploads\/2025\/10\/EVELYN.OTIS6_.jpg 1280w, https:\/\/www.acapulcopress.com\/wp-content\/uploads\/2025\/10\/EVELYN.OTIS6_-300x200.jpg 300w, https:\/\/www.acapulcopress.com\/wp-content\/uploads\/2025\/10\/EVELYN.OTIS6_-1024x682.jpg 1024w, https:\/\/www.acapulcopress.com\/wp-content\/uploads\/2025\/10\/EVELYN.OTIS6_-768x512.jpg 768w, https:\/\/www.acapulcopress.com\/wp-content\/uploads\/2025\/10\/EVELYN.OTIS6_-580x387.jpg 580w, https:\/\/www.acapulcopress.com\/wp-content\/uploads\/2025\/10\/EVELYN.OTIS6_-860x573.jpg 860w, https:\/\/www.acapulcopress.com\/wp-content\/uploads\/2025\/10\/EVELYN.OTIS6_-1160x773.jpg 1160w\" sizes=\"auto, (max-width: 1280px) 100vw, 1280px\" \/><\/a> <a href=\"https:\/\/www.acapulcopress.com\/wp-content\/uploads\/2025\/10\/EVELYN.OTIS5_.jpg\"><img loading=\"lazy\" decoding=\"async\" class=\"alignnone wp-image-1260941 size-full\" src=\"https:\/\/www.acapulcopress.com\/wp-content\/uploads\/2025\/10\/EVELYN.OTIS5_.jpg\" alt=\"\" width=\"1280\" height=\"853\" srcset=\"https:\/\/www.acapulcopress.com\/wp-content\/uploads\/2025\/10\/EVELYN.OTIS5_.jpg 1280w, https:\/\/www.acapulcopress.com\/wp-content\/uploads\/2025\/10\/EVELYN.OTIS5_-300x200.jpg 300w, https:\/\/www.acapulcopress.com\/wp-content\/uploads\/2025\/10\/EVELYN.OTIS5_-1024x682.jpg 1024w, https:\/\/www.acapulcopress.com\/wp-content\/uploads\/2025\/10\/EVELYN.OTIS5_-768x512.jpg 768w, https:\/\/www.acapulcopress.com\/wp-content\/uploads\/2025\/10\/EVELYN.OTIS5_-580x387.jpg 580w, https:\/\/www.acapulcopress.com\/wp-content\/uploads\/2025\/10\/EVELYN.OTIS5_-860x573.jpg 860w, https:\/\/www.acapulcopress.com\/wp-content\/uploads\/2025\/10\/EVELYN.OTIS5_-1160x773.jpg 1160w\" sizes=\"auto, (max-width: 1280px) 100vw, 1280px\" \/><\/a> <a href=\"https:\/\/www.acapulcopress.com\/wp-content\/uploads\/2025\/10\/EVELYN.OTIS4_.jpg\"><img loading=\"lazy\" decoding=\"async\" class=\"alignnone wp-image-1260940 size-full\" src=\"https:\/\/www.acapulcopress.com\/wp-content\/uploads\/2025\/10\/EVELYN.OTIS4_.jpg\" alt=\"\" width=\"1280\" height=\"853\" srcset=\"https:\/\/www.acapulcopress.com\/wp-content\/uploads\/2025\/10\/EVELYN.OTIS4_.jpg 1280w, https:\/\/www.acapulcopress.com\/wp-content\/uploads\/2025\/10\/EVELYN.OTIS4_-300x200.jpg 300w, https:\/\/www.acapulcopress.com\/wp-content\/uploads\/2025\/10\/EVELYN.OTIS4_-1024x682.jpg 1024w, https:\/\/www.acapulcopress.com\/wp-content\/uploads\/2025\/10\/EVELYN.OTIS4_-768x512.jpg 768w, https:\/\/www.acapulcopress.com\/wp-content\/uploads\/2025\/10\/EVELYN.OTIS4_-580x387.jpg 580w, https:\/\/www.acapulcopress.com\/wp-content\/uploads\/2025\/10\/EVELYN.OTIS4_-860x573.jpg 860w, https:\/\/www.acapulcopress.com\/wp-content\/uploads\/2025\/10\/EVELYN.OTIS4_-1160x773.jpg 1160w\" sizes=\"auto, (max-width: 1280px) 100vw, 1280px\" \/><\/a> <a href=\"https:\/\/www.acapulcopress.com\/wp-content\/uploads\/2025\/10\/EVELYN.OTIS3_.jpg\"><img loading=\"lazy\" decoding=\"async\" class=\"alignnone wp-image-1260939 size-full\" src=\"https:\/\/www.acapulcopress.com\/wp-content\/uploads\/2025\/10\/EVELYN.OTIS3_.jpg\" alt=\"\" width=\"1280\" height=\"853\" srcset=\"https:\/\/www.acapulcopress.com\/wp-content\/uploads\/2025\/10\/EVELYN.OTIS3_.jpg 1280w, https:\/\/www.acapulcopress.com\/wp-content\/uploads\/2025\/10\/EVELYN.OTIS3_-300x200.jpg 300w, https:\/\/www.acapulcopress.com\/wp-content\/uploads\/2025\/10\/EVELYN.OTIS3_-1024x682.jpg 1024w, https:\/\/www.acapulcopress.com\/wp-content\/uploads\/2025\/10\/EVELYN.OTIS3_-768x512.jpg 768w, https:\/\/www.acapulcopress.com\/wp-content\/uploads\/2025\/10\/EVELYN.OTIS3_-580x387.jpg 580w, https:\/\/www.acapulcopress.com\/wp-content\/uploads\/2025\/10\/EVELYN.OTIS3_-860x573.jpg 860w, https:\/\/www.acapulcopress.com\/wp-content\/uploads\/2025\/10\/EVELYN.OTIS3_-1160x773.jpg 1160w\" sizes=\"auto, (max-width: 1280px) 100vw, 1280px\" \/><\/a> <a href=\"https:\/\/www.acapulcopress.com\/wp-content\/uploads\/2025\/10\/EVELYN.OTIS2_.jpg\"><img loading=\"lazy\" decoding=\"async\" class=\"alignnone wp-image-1260938 size-full\" src=\"https:\/\/www.acapulcopress.com\/wp-content\/uploads\/2025\/10\/EVELYN.OTIS2_.jpg\" alt=\"\" width=\"1280\" height=\"853\" srcset=\"https:\/\/www.acapulcopress.com\/wp-content\/uploads\/2025\/10\/EVELYN.OTIS2_.jpg 1280w, https:\/\/www.acapulcopress.com\/wp-content\/uploads\/2025\/10\/EVELYN.OTIS2_-300x200.jpg 300w, https:\/\/www.acapulcopress.com\/wp-content\/uploads\/2025\/10\/EVELYN.OTIS2_-1024x682.jpg 1024w, https:\/\/www.acapulcopress.com\/wp-content\/uploads\/2025\/10\/EVELYN.OTIS2_-768x512.jpg 768w, https:\/\/www.acapulcopress.com\/wp-content\/uploads\/2025\/10\/EVELYN.OTIS2_-580x387.jpg 580w, https:\/\/www.acapulcopress.com\/wp-content\/uploads\/2025\/10\/EVELYN.OTIS2_-860x573.jpg 860w, https:\/\/www.acapulcopress.com\/wp-content\/uploads\/2025\/10\/EVELYN.OTIS2_-1160x773.jpg 1160w\" sizes=\"auto, (max-width: 1280px) 100vw, 1280px\" \/><\/a><\/p>\n<p><em>) fb.me\/steparious ) fb.me\/acapulcopress<\/em><\/p>\n","protected":false},"excerpt":{"rendered":"<p>ACAPULCO * 24 de octubre 2025 ) Gobierno de Guerrero \u201cOtis nos cambi\u00f3, pero tambi\u00e9n nos uni\u00f3. Nos record\u00f3 que ning\u00fan hurac\u00e1n puede con la voluntad de un pueblo que se ama y que se cuida; el Hogar del Sol vuelve a brillar con una luz m\u00e1s fuerte, una luz que naci\u00f3 precisamente de la&#8230;<\/p>\n","protected":false},"author":1,"featured_media":1260934,"comment_status":"closed","ping_status":"open","sticky":false,"template":"","format":"standard","meta":{"footnotes":""},"categories":[1997],"tags":[8251,9987,11071,15600],"class_list":["post-1260933","post","type-post","status-publish","format-standard","has-post-thumbnail","hentry","category-noticias-destacadas","tag-evelyn-salgado-pineda","tag-huracan-otis","tag-jose-luis-smithers-jimenez","tag-ricardo-salinas-sandoval"],"_links":{"self":[{"href":"https:\/\/www.acapulcopress.com\/index.php\/wp-json\/wp\/v2\/posts\/1260933","targetHints":{"allow":["GET"]}}],"collection":[{"href":"https:\/\/www.acapulcopress.com\/index.php\/wp-json\/wp\/v2\/posts"}],"about":[{"href":"https:\/\/www.acapulcopress.com\/index.php\/wp-json\/wp\/v2\/types\/post"}],"author":[{"embeddable":true,"href":"https:\/\/www.acapulcopress.com\/index.php\/wp-json\/wp\/v2\/users\/1"}],"replies":[{"embeddable":true,"href":"https:\/\/www.acapulcopress.com\/index.php\/wp-json\/wp\/v2\/comments?post=1260933"}],"version-history":[{"count":6,"href":"https:\/\/www.acapulcopress.com\/index.php\/wp-json\/wp\/v2\/posts\/1260933\/revisions"}],"predecessor-version":[{"id":1260962,"href":"https:\/\/www.acapulcopress.com\/index.php\/wp-json\/wp\/v2\/posts\/1260933\/revisions\/1260962"}],"wp:featuredmedia":[{"embeddable":true,"href":"https:\/\/www.acapulcopress.com\/index.php\/wp-json\/wp\/v2\/media\/1260934"}],"wp:attachment":[{"href":"https:\/\/www.acapulcopress.com\/index.php\/wp-json\/wp\/v2\/media?parent=1260933"}],"wp:term":[{"taxonomy":"category","embeddable":true,"href":"https:\/\/www.acapulcopress.com\/index.php\/wp-json\/wp\/v2\/categories?post=1260933"},{"taxonomy":"post_tag","embeddable":true,"href":"https:\/\/www.acapulcopress.com\/index.php\/wp-json\/wp\/v2\/tags?post=1260933"}],"curies":[{"name":"wp","href":"https:\/\/api.w.org\/{rel}","templated":true}]}}