{"id":1260964,"date":"2025-10-24T18:58:27","date_gmt":"2025-10-25T00:58:27","guid":{"rendered":"https:\/\/www.acapulcopress.com\/?p=1260964"},"modified":"2025-10-24T19:02:21","modified_gmt":"2025-10-25T01:02:21","slug":"gobernadora-evelyn-salgado-instalo-buzon-digital-de-contraloria-social-con-codigo-qr","status":"publish","type":"post","link":"https:\/\/www.acapulcopress.com\/index.php\/2025\/10\/24\/gobernadora-evelyn-salgado-instalo-buzon-digital-de-contraloria-social-con-codigo-qr\/","title":{"rendered":"Gobernadora Evelyn Salgado instal\u00f3 Buz\u00f3n Digital de Contralor\u00eda Social"},"content":{"rendered":"<p>CHILPANCINGO * 24 de octubre 2025<br \/>\n<em>) Gobierno de Guerrero<br \/>\n<\/em>Con la mira puesta en fortalecer la transparencia y acercar el gobierno a la participaci\u00f3n ciudadana, la gobernadora<strong> Evelyn Salgado <a href=\"https:\/\/www.acapulcopress.com\/wp-content\/uploads\/2025\/10\/BUZON-DIGITAL4.jpg\"><img loading=\"lazy\" decoding=\"async\" class=\"alignleft wp-image-1260968 size-cmsmasters-square-thumb\" src=\"https:\/\/www.acapulcopress.com\/wp-content\/uploads\/2025\/10\/BUZON-DIGITAL4-360x360.jpg\" alt=\"\" width=\"360\" height=\"360\" srcset=\"https:\/\/www.acapulcopress.com\/wp-content\/uploads\/2025\/10\/BUZON-DIGITAL4-360x360.jpg 360w, https:\/\/www.acapulcopress.com\/wp-content\/uploads\/2025\/10\/BUZON-DIGITAL4-150x150.jpg 150w, https:\/\/www.acapulcopress.com\/wp-content\/uploads\/2025\/10\/BUZON-DIGITAL4-70x70.jpg 70w\" sizes=\"auto, (max-width: 360px) 100vw, 360px\" \/><\/a>Pineda<\/strong> instal\u00f3 el <em>Buz\u00f3n Digital de Contralor\u00eda Social<\/em> mediante c\u00f3digo QR, una herramienta tecnol\u00f3gica que permitir\u00e1 a las y los guerrerenses enviar sugerencias, reconocimientos, quejas o denuncias sobre los servicios y tr\u00e1mites del gobierno del estado.<\/p>\n<p>La iniciativa forma parte del proyecto<em> Agenda Digital de Guerrero<\/em>, que busca modernizar la gesti\u00f3n p\u00fablica y fomentar una cultura de participaci\u00f3n ciudadana, explic\u00f3 el titular de la <em>Secretar\u00eda de Contralor\u00eda y Transparencia Gubernamental<\/em>, Jos\u00e9 <strong>Francisco Gonz\u00e1lez S\u00e1nchez<\/strong>.<\/p>\n<p>Este buz\u00f3n digital representa la evoluci\u00f3n de los buzones f\u00edsicos instalados en 2022, ahora adaptados a un modelo totalmente en l\u00ednea, \u00e1gil y disponible en tiempo real.<\/p>\n<p>En su primera fase, 44 buzones f\u00edsicos ser\u00e1n reemplazados por su versi\u00f3n digital, lo que facilitar\u00e1 el acceso de la poblaci\u00f3n a los canales de comunicaci\u00f3n con el gobierno, reducir\u00e1 los actos de corrupci\u00f3n y permitir\u00e1 mejorar la calidad de los servicios p\u00fablicos.<\/p>\n<p>Con esta medida, la gobernadora Evelyn Salgado consolida su apuesta por la innovaci\u00f3n tecnol\u00f3gica y la rendici\u00f3n de cuentas, dando un paso firme hacia un Guerrero m\u00e1s moderno, participativo y confiable.<\/p>\n<p><a href=\"https:\/\/www.acapulcopress.com\/wp-content\/uploads\/2025\/10\/BUZON-DIGITAL2.jpg\"><img loading=\"lazy\" decoding=\"async\" class=\"alignnone wp-image-1260966 size-full\" src=\"https:\/\/www.acapulcopress.com\/wp-content\/uploads\/2025\/10\/BUZON-DIGITAL2.jpg\" alt=\"\" width=\"1600\" height=\"1066\" srcset=\"https:\/\/www.acapulcopress.com\/wp-content\/uploads\/2025\/10\/BUZON-DIGITAL2.jpg 1600w, https:\/\/www.acapulcopress.com\/wp-content\/uploads\/2025\/10\/BUZON-DIGITAL2-300x200.jpg 300w, https:\/\/www.acapulcopress.com\/wp-content\/uploads\/2025\/10\/BUZON-DIGITAL2-1024x682.jpg 1024w, https:\/\/www.acapulcopress.com\/wp-content\/uploads\/2025\/10\/BUZON-DIGITAL2-768x512.jpg 768w, https:\/\/www.acapulcopress.com\/wp-content\/uploads\/2025\/10\/BUZON-DIGITAL2-1536x1023.jpg 1536w, https:\/\/www.acapulcopress.com\/wp-content\/uploads\/2025\/10\/BUZON-DIGITAL2-580x386.jpg 580w, https:\/\/www.acapulcopress.com\/wp-content\/uploads\/2025\/10\/BUZON-DIGITAL2-860x573.jpg 860w, https:\/\/www.acapulcopress.com\/wp-content\/uploads\/2025\/10\/BUZON-DIGITAL2-1160x773.jpg 1160w, https:\/\/www.acapulcopress.com\/wp-content\/uploads\/2025\/10\/BUZON-DIGITAL2-1320x879.jpg 1320w\" sizes=\"auto, (max-width: 1600px) 100vw, 1600px\" \/><\/a><em>) <a href=\"http:\/\/fb.me\/steparious\" target=\"_blank\" rel=\"noopener\">fb.me\/steparious<\/a> ) <a href=\"http:\/\/fb.me\/acapulcopress\" target=\"_blank\" rel=\"noopener\">fb.me\/acapulcopress<\/a><\/em><\/p>\n","protected":false},"excerpt":{"rendered":"<p>CHILPANCINGO * 24 de octubre 2025 ) Gobierno de Guerrero Con la mira puesta en fortalecer la transparencia y acercar el gobierno a la participaci\u00f3n ciudadana, la gobernadora Evelyn Salgado Pineda instal\u00f3 el Buz\u00f3n Digital de Contralor\u00eda Social mediante c\u00f3digo QR, una herramienta tecnol\u00f3gica que permitir\u00e1 a las y los guerrerenses enviar sugerencias, reconocimientos, quejas&#8230;<\/p>\n","protected":false},"author":1,"featured_media":1260969,"comment_status":"closed","ping_status":"open","sticky":false,"template":"","format":"standard","meta":{"footnotes":""},"categories":[1980,1983],"tags":[18859,18858,5978,8251,8869,16144],"class_list":["post-1260964","post","type-post","status-publish","format-standard","has-post-thumbnail","hentry","category-goverment-2","category-guerrerogob","tag-agenda-digital-de-guerrero","tag-buzon-digital-de-contraloria-social","tag-codigo-qr","tag-evelyn-salgado-pineda","tag-francisco-gonzalez-sanchez","tag-secretaria-de-contraloria-y-transparencia-gubernamental-de-guerrero"],"_links":{"self":[{"href":"https:\/\/www.acapulcopress.com\/index.php\/wp-json\/wp\/v2\/posts\/1260964","targetHints":{"allow":["GET"]}}],"collection":[{"href":"https:\/\/www.acapulcopress.com\/index.php\/wp-json\/wp\/v2\/posts"}],"about":[{"href":"https:\/\/www.acapulcopress.com\/index.php\/wp-json\/wp\/v2\/types\/post"}],"author":[{"embeddable":true,"href":"https:\/\/www.acapulcopress.com\/index.php\/wp-json\/wp\/v2\/users\/1"}],"replies":[{"embeddable":true,"href":"https:\/\/www.acapulcopress.com\/index.php\/wp-json\/wp\/v2\/comments?post=1260964"}],"version-history":[{"count":3,"href":"https:\/\/www.acapulcopress.com\/index.php\/wp-json\/wp\/v2\/posts\/1260964\/revisions"}],"predecessor-version":[{"id":1260973,"href":"https:\/\/www.acapulcopress.com\/index.php\/wp-json\/wp\/v2\/posts\/1260964\/revisions\/1260973"}],"wp:featuredmedia":[{"embeddable":true,"href":"https:\/\/www.acapulcopress.com\/index.php\/wp-json\/wp\/v2\/media\/1260969"}],"wp:attachment":[{"href":"https:\/\/www.acapulcopress.com\/index.php\/wp-json\/wp\/v2\/media?parent=1260964"}],"wp:term":[{"taxonomy":"category","embeddable":true,"href":"https:\/\/www.acapulcopress.com\/index.php\/wp-json\/wp\/v2\/categories?post=1260964"},{"taxonomy":"post_tag","embeddable":true,"href":"https:\/\/www.acapulcopress.com\/index.php\/wp-json\/wp\/v2\/tags?post=1260964"}],"curies":[{"name":"wp","href":"https:\/\/api.w.org\/{rel}","templated":true}]}}