{"id":1260975,"date":"2025-10-24T19:58:07","date_gmt":"2025-10-25T01:58:07","guid":{"rendered":"https:\/\/www.acapulcopress.com\/?p=1260975"},"modified":"2025-10-24T19:58:07","modified_gmt":"2025-10-25T01:58:07","slug":"guerrero-se-suma-a-audiencias-publicas-de-comision-presidencial-para-reforma-electoral","status":"publish","type":"post","link":"https:\/\/www.acapulcopress.com\/index.php\/2025\/10\/24\/guerrero-se-suma-a-audiencias-publicas-de-comision-presidencial-para-reforma-electoral\/","title":{"rendered":"Guerrero se suma a audiencias p\u00fablicas de Comisi\u00f3n Presidencial para Reforma Electoral"},"content":{"rendered":"<p>CHILPANCINGO * 24 de octubre 2025<br \/>\n<em>) Gobierno de Guerrero<\/em><br \/>\nLa gobernadora <strong>Evelyn Salgado Pineda<\/strong> y el Jefe de Oficina de la Presidencia de la Rep\u00fablica,<strong> L\u00e1zaro C\u00e1rdenas Batel<\/strong>, dieron inicio en <a href=\"https:\/\/www.acapulcopress.com\/wp-content\/uploads\/2025\/10\/REFORMA-ELECTORAL7.jpg\"><img loading=\"lazy\" decoding=\"async\" class=\"alignleft wp-image-1260982 size-cmsmasters-square-thumb\" src=\"https:\/\/www.acapulcopress.com\/wp-content\/uploads\/2025\/10\/REFORMA-ELECTORAL7-360x360.jpg\" alt=\"\" width=\"360\" height=\"360\" srcset=\"https:\/\/www.acapulcopress.com\/wp-content\/uploads\/2025\/10\/REFORMA-ELECTORAL7-360x360.jpg 360w, https:\/\/www.acapulcopress.com\/wp-content\/uploads\/2025\/10\/REFORMA-ELECTORAL7-150x150.jpg 150w, https:\/\/www.acapulcopress.com\/wp-content\/uploads\/2025\/10\/REFORMA-ELECTORAL7-70x70.jpg 70w\" sizes=\"auto, (max-width: 360px) 100vw, 360px\" \/><\/a>Guerrero a los trabajos de participaci\u00f3n en las Audiencias P\u00fablicas de la Comisi\u00f3n Presidencial para la Reforma Electoral, con el prop\u00f3sito de abrir un espacio de di\u00e1logo ciudadano en la construcci\u00f3n democr\u00e1tica del pa\u00eds.<\/p>\n<p>En este encuentro en Chilpancingo, participaron organizaciones sociales, acad\u00e9micos, j\u00f3venes, mujeres y pueblos originarios, con el objetivo de escuchar voces y propuestas que contribuyan a una reforma justa, transparente e incluyente, que fortalezca la representaci\u00f3n pol\u00edtica y la confianza ciudadana en las instituciones.<\/p>\n<p>En su mensaje, la gobernadora Evelyn Salgado Pineda afirm\u00f3 que M\u00e9xico vive una etapa de reflexi\u00f3n democr\u00e1tica, en la que, si bien las instituciones han avanzado, persisten desaf\u00edos como el abstencionismo, la desigualdad en la representaci\u00f3n, la desinformaci\u00f3n digital, as\u00ed como la necesidad de reforzar la rendici\u00f3n de cuentas y los mecanismos de participaci\u00f3n directa.<\/p>\n<p>\u201cLa reforma que impulsa la presidenta Claudia Sheinbaum Pardo no busca desmantelar lo construido, sino sanear y perfeccionar el modelo, simplificar procesos, abaratar costos y fortalecer el v\u00ednculo entre el pueblo y sus instituciones\u201d, se\u00f1al\u00f3 Salgado Pineda.<\/p>\n<p>Agreg\u00f3 que el objetivo es muy claro: Que la pol\u00edtica vuelva a ser una herramienta del bien com\u00fan y no un instrumento de intereses <a href=\"https:\/\/www.acapulcopress.com\/wp-content\/uploads\/2025\/10\/REFORMA-ELECTORAL5.jpg\"><img loading=\"lazy\" decoding=\"async\" class=\"alignleft wp-image-1260980 size-cmsmasters-square-thumb\" src=\"https:\/\/www.acapulcopress.com\/wp-content\/uploads\/2025\/10\/REFORMA-ELECTORAL5-360x360.jpg\" alt=\"\" width=\"360\" height=\"360\" srcset=\"https:\/\/www.acapulcopress.com\/wp-content\/uploads\/2025\/10\/REFORMA-ELECTORAL5-360x360.jpg 360w, https:\/\/www.acapulcopress.com\/wp-content\/uploads\/2025\/10\/REFORMA-ELECTORAL5-150x150.jpg 150w, https:\/\/www.acapulcopress.com\/wp-content\/uploads\/2025\/10\/REFORMA-ELECTORAL5-70x70.jpg 70w\" sizes=\"auto, (max-width: 360px) 100vw, 360px\" \/><\/a>particulares.<\/p>\n<p>Durante la sesi\u00f3n, presidida por el antrop\u00f3logo L\u00e1zaro C\u00e1rdenas Batel, se realizaron ponencias y presentaciones con propuestas para enriquecer el contenido de la Reforma Electoral, fortaleciendo la soberan\u00eda popular y la pluralidad pol\u00edtica.<\/p>\n<p>C\u00e1rdenas Batel destac\u00f3 que se trabaja en una reforma electoral a la altura de los tiempos hist\u00f3ricos del pa\u00eds, que d\u00e9 mayor solidez al sistema democr\u00e1tico, en congruencia con la lucha del pueblo de M\u00e9xico por la democracia.<\/p>\n<p>Asimismo, reconoci\u00f3 que Guerrero ha jugado un papel de vanguardia a lo largo de la historia nacional, con aportes decisivos en los momentos m\u00e1s importantes del pa\u00eds.<\/p>\n<p>Adem\u00e1s, inform\u00f3 que hasta el momento se han realizado 25 audiencias p\u00fablicas en distintas entidades del pa\u00eds, como parte del compromiso de la presidenta Claudia Sheinbaum por abrir un ejercicio democr\u00e1tico, libre y plural, donde se escuchen las voces ciudadanas y las diversas expresiones pol\u00edticas en torno al sistema democr\u00e1tico de M\u00e9xico.<br \/>\n<em>) fb.me\/steparious ) fb.me\/acapulcopress<\/em><\/p>\n","protected":false},"excerpt":{"rendered":"<p>CHILPANCINGO * 24 de octubre 2025 ) Gobierno de Guerrero La gobernadora Evelyn Salgado Pineda y el Jefe de Oficina de la Presidencia de la Rep\u00fablica, L\u00e1zaro C\u00e1rdenas Batel, dieron inicio en Guerrero a los trabajos de participaci\u00f3n en las Audiencias P\u00fablicas de la Comisi\u00f3n Presidencial para la Reforma Electoral, con el prop\u00f3sito de abrir&#8230;<\/p>\n","protected":false},"author":1,"featured_media":1260979,"comment_status":"closed","ping_status":"open","sticky":false,"template":"","format":"standard","meta":{"footnotes":""},"categories":[2010],"tags":[8251,11722],"class_list":["post-1260975","post","type-post","status-publish","format-standard","has-post-thumbnail","hentry","category-sociedad","tag-evelyn-salgado-pineda","tag-lazaro-cardenas-batel"],"_links":{"self":[{"href":"https:\/\/www.acapulcopress.com\/index.php\/wp-json\/wp\/v2\/posts\/1260975","targetHints":{"allow":["GET"]}}],"collection":[{"href":"https:\/\/www.acapulcopress.com\/index.php\/wp-json\/wp\/v2\/posts"}],"about":[{"href":"https:\/\/www.acapulcopress.com\/index.php\/wp-json\/wp\/v2\/types\/post"}],"author":[{"embeddable":true,"href":"https:\/\/www.acapulcopress.com\/index.php\/wp-json\/wp\/v2\/users\/1"}],"replies":[{"embeddable":true,"href":"https:\/\/www.acapulcopress.com\/index.php\/wp-json\/wp\/v2\/comments?post=1260975"}],"version-history":[{"count":1,"href":"https:\/\/www.acapulcopress.com\/index.php\/wp-json\/wp\/v2\/posts\/1260975\/revisions"}],"predecessor-version":[{"id":1260985,"href":"https:\/\/www.acapulcopress.com\/index.php\/wp-json\/wp\/v2\/posts\/1260975\/revisions\/1260985"}],"wp:featuredmedia":[{"embeddable":true,"href":"https:\/\/www.acapulcopress.com\/index.php\/wp-json\/wp\/v2\/media\/1260979"}],"wp:attachment":[{"href":"https:\/\/www.acapulcopress.com\/index.php\/wp-json\/wp\/v2\/media?parent=1260975"}],"wp:term":[{"taxonomy":"category","embeddable":true,"href":"https:\/\/www.acapulcopress.com\/index.php\/wp-json\/wp\/v2\/categories?post=1260975"},{"taxonomy":"post_tag","embeddable":true,"href":"https:\/\/www.acapulcopress.com\/index.php\/wp-json\/wp\/v2\/tags?post=1260975"}],"curies":[{"name":"wp","href":"https:\/\/api.w.org\/{rel}","templated":true}]}}