{"id":1260990,"date":"2025-10-24T21:01:41","date_gmt":"2025-10-25T03:01:41","guid":{"rendered":"https:\/\/www.acapulcopress.com\/?p=1260990"},"modified":"2025-10-24T21:04:14","modified_gmt":"2025-10-25T03:04:14","slug":"se-descontara-sueldo-a-diputados-faltistas-monreal","status":"publish","type":"post","link":"https:\/\/www.acapulcopress.com\/index.php\/2025\/10\/24\/se-descontara-sueldo-a-diputados-faltistas-monreal\/","title":{"rendered":"Se descontar\u00e1 sueldo a diputados &#8216;faltistas&#8217;: Monreal"},"content":{"rendered":"<p>CIUDAD DE M\u00c9XICO * 24 de octubre 2025<br \/>\n<a href=\"http:\/\/legislativo\" target=\"_blank\" rel=\"noopener\"><em>) LatinUs<\/em><\/a><\/p>\n<p>El coordinador de Morena en la C\u00e1mara de Diputados,<strong> Ricardo Monreal \u00c1vila<\/strong>, asegur\u00f3 que en los pr\u00f3ximos d\u00edas comenzar\u00e1 a hacerse efectivo el descuento salarial a diputados que se ausenten del trabajo en comisiones y en el sal\u00f3n de sesiones.<\/p>\n<p>\u201cS\u00ed, va a haber modificaciones en cuanto a la asistencia y tambi\u00e9n en cuanto a la participaci\u00f3n en comisiones\u201d, asegur\u00f3 para evitar que haya participaciones remotas en las que los legisladores se dediquen a otras actividades, como ocurri\u00f3 con el diputado de Morena, Cuauht\u00e9moc Blanco.<\/p>\n<p>En entrevista con <em>Latinus<\/em> confirm\u00f3 que ser\u00e1 el pr\u00f3ximo lunes cuando revisar\u00e1n el tema de los legisladores faltistas en la Junta de Coordinaci\u00f3n Pol\u00edtica (Jucopo) en una semana en la que hay comisiones que no acuden ni los presidentes de las comisiones.<\/p>\n<p>\u201cEs parte de lo que vamos a comentar, pero obviamente el que se ausenta de su trabajo, no puede percibir un salario, en este caso una dieta, creo que ser\u00eda normal que los diputados que no asistieran se les rebajara proporcionalmente de su dieta y eso es elemental\u201d.<\/p>\n<p>Monreal \u00c1vila dijo que pr\u00f3ximo \u201clunes tendremos Junta de Coordinaci\u00f3n Pol\u00edtica, he convocado a los coordinadores para tomar decisiones, aunque somos mayor\u00eda, bastar\u00eda con que nos pusi\u00e9ramos de acuerdo para tomar decisiones, pero siempre he tomado el parecer de los grupos parlamentarios\u201d.<\/p>\n<p>\u201cHe estado ya conversando con ellos, para tomar decisiones que puedan mejorar la calidad de la elaboraci\u00f3n de leyes y sobre todo, la asistencia de todos en momentos fundamentales de leyes importantes, en general\u201d, apunt\u00f3.<\/p>\n<p>El l\u00edder de los diputados de Morena reiter\u00f3 que van \u201ca ser m\u00e1s rigurosos y vamos a restringir ausencias para que todos participemos en el pleno y en las comisiones, la pr\u00f3xima semana vamos a revisarlo\u201d.<\/p>\n<p>\u201cYo afirmo, en el caso de Morena, no hablo por los otros partidos, que cumple siempre con su responsabilidad, y un gran n\u00famero de diputados viene, aunque no le corresponda hacerlo y siempre est\u00e1n pendientes diputados y diputadas\u201d, aclar\u00f3.<\/p>\n<p>El tambi\u00e9n presidente de la Junta de Coordinaci\u00f3n Pol\u00edtica explic\u00f3 que van a revisar la agenda, \u201csobre todo en estos meses, que se multiplican las peticiones de los diputados y diputadas para eventos de distinta naturaleza\u201d.<\/p>\n<p>\u201cVamos a restringirlos y solo ser\u00e1n eventos de car\u00e1cter legislativo, no vamos a abrir a otra naturaleza, a otros eventos de naturaleza distinta al legislativo\u201d, garantiz\u00f3.<\/p>\n<p>Monreal \u00c1vila consider\u00f3 que \u201cla agenda se debe revisar con m\u00e1s escr\u00fapulo para evitar cualquier mala interpretaci\u00f3n, o hacerlo fuera de sesiones o d\u00edas que no tengamos trabajo legislativo\u201d.<\/p>\n<p>\u201cSeguramente todo eso se va a eliminar y vamos a exigir mayor seriedad y mayor rigurosidad en cuanto a la presencia de diputados y mayor conocimiento en cuanto a la materia que se debate. Vamos a hacer todo lo posible por cumplir con responsabilidad\u201d, indic\u00f3.<br \/>\n<em>) <a href=\"http:\/\/fb.me\/steparious\" target=\"_blank\" rel=\"noopener\">fb.me\/steparious<\/a> )<a href=\"http:\/\/fb.me\/acapulcopress\" target=\"_blank\" rel=\"noopener\"> fb.me\/acapulcopress<\/a><\/em><\/p>\n","protected":false},"excerpt":{"rendered":"<p>El coordinador de Morena en la C\u00e1mara de Diputados, Ricardo Monreal \u00c1vila, asegur\u00f3 que en los pr\u00f3ximos d\u00edas comenzar\u00e1 a hacerse efectivo el descuento salarial a diputados que se ausenten del trabajo en comisiones y en el sal\u00f3n de sesiones.<\/p>\n","protected":false},"author":1,"featured_media":1260991,"comment_status":"closed","ping_status":"open","sticky":false,"template":"","format":"standard","meta":{"footnotes":""},"categories":[1972],"tags":[15590],"class_list":["post-1260990","post","type-post","status-publish","format-standard","has-post-thumbnail","hentry","category-special","tag-ricardo-monreal-avila"],"_links":{"self":[{"href":"https:\/\/www.acapulcopress.com\/index.php\/wp-json\/wp\/v2\/posts\/1260990","targetHints":{"allow":["GET"]}}],"collection":[{"href":"https:\/\/www.acapulcopress.com\/index.php\/wp-json\/wp\/v2\/posts"}],"about":[{"href":"https:\/\/www.acapulcopress.com\/index.php\/wp-json\/wp\/v2\/types\/post"}],"author":[{"embeddable":true,"href":"https:\/\/www.acapulcopress.com\/index.php\/wp-json\/wp\/v2\/users\/1"}],"replies":[{"embeddable":true,"href":"https:\/\/www.acapulcopress.com\/index.php\/wp-json\/wp\/v2\/comments?post=1260990"}],"version-history":[{"count":4,"href":"https:\/\/www.acapulcopress.com\/index.php\/wp-json\/wp\/v2\/posts\/1260990\/revisions"}],"predecessor-version":[{"id":1260995,"href":"https:\/\/www.acapulcopress.com\/index.php\/wp-json\/wp\/v2\/posts\/1260990\/revisions\/1260995"}],"wp:featuredmedia":[{"embeddable":true,"href":"https:\/\/www.acapulcopress.com\/index.php\/wp-json\/wp\/v2\/media\/1260991"}],"wp:attachment":[{"href":"https:\/\/www.acapulcopress.com\/index.php\/wp-json\/wp\/v2\/media?parent=1260990"}],"wp:term":[{"taxonomy":"category","embeddable":true,"href":"https:\/\/www.acapulcopress.com\/index.php\/wp-json\/wp\/v2\/categories?post=1260990"},{"taxonomy":"post_tag","embeddable":true,"href":"https:\/\/www.acapulcopress.com\/index.php\/wp-json\/wp\/v2\/tags?post=1260990"}],"curies":[{"name":"wp","href":"https:\/\/api.w.org\/{rel}","templated":true}]}}