{"id":1260998,"date":"2025-10-25T16:29:50","date_gmt":"2025-10-25T22:29:50","guid":{"rendered":"https:\/\/www.acapulcopress.com\/?p=1260998"},"modified":"2025-10-25T16:31:42","modified_gmt":"2025-10-25T22:31:42","slug":"60-toneladas-de-viveres-llevo-jesus-zamora-a-veracruz","status":"publish","type":"post","link":"https:\/\/www.acapulcopress.com\/index.php\/2025\/10\/25\/60-toneladas-de-viveres-llevo-jesus-zamora-a-veracruz\/","title":{"rendered":"60 toneladas de v\u00edveres llev\u00f3 Jes\u00fas Zamora a afectados de Veracruz"},"content":{"rendered":"<p><strong>\u00c1LAMO TEMAPACHE<\/strong>, Veracruz * 27 de octubre 2025<br \/>\n<em>) Especial<\/em><br \/>\nLa caravana de ayuda humanitaria que encabez\u00f3 <strong>Jes\u00fas Zamora Cervantes<\/strong>, empresario acapulque\u00f1o, activista social y asesor jur\u00eddico del <a href=\"https:\/\/www.acapulcopress.com\/wp-content\/uploads\/2025\/10\/zamora.veracruz6.jpg\"><img loading=\"lazy\" decoding=\"async\" class=\"alignleft wp-image-1261004 size-cmsmasters-square-thumb\" src=\"https:\/\/www.acapulcopress.com\/wp-content\/uploads\/2025\/10\/zamora.veracruz6-360x360.jpg\" alt=\"\" width=\"360\" height=\"360\" srcset=\"https:\/\/www.acapulcopress.com\/wp-content\/uploads\/2025\/10\/zamora.veracruz6-360x360.jpg 360w, https:\/\/www.acapulcopress.com\/wp-content\/uploads\/2025\/10\/zamora.veracruz6-150x150.jpg 150w, https:\/\/www.acapulcopress.com\/wp-content\/uploads\/2025\/10\/zamora.veracruz6-70x70.jpg 70w\" sizes=\"auto, (max-width: 360px) 100vw, 360px\" \/><\/a><em>Frente de Defensa de los Prestadores de Servicios Tur\u00edsticos de Acapulco<\/em>, entreg\u00f3 m\u00e1s de 60 toneladas de v\u00edveres a miles de familias afectadas por la lluvia en el municipio de \u00c1lamo Temapache, Veracruz.<\/p>\n<p>Acompa\u00f1ado de trabajadores de la<em> Promotora de Playas<\/em>, que se solidarizaron con la causa altruista propulsada por el tambi\u00e9n presidente de la Comisi\u00f3n de Infraestructura del <em>Consejo Consultivo de Turismo de Guerrero<\/em>, luego de viajar por m\u00e1s de 18 horas por carretera desde Acapulco hasta Veracruz, la brigada acapulque\u00f1a liderada por el empresario supracitado desempe\u00f1\u00f3 trabajos de limpieza de viviendas da\u00f1adas.<\/p>\n<p>Cabe destacar que les fue de gran ayuda la herramienta y equipo gestionado (palas, picos, rastrillos, carretillas, botas, guantes, un mini compactor de tres y media, as\u00ed como el transporte para llevar las despensas) a trav\u00e9s del director de la Promotora de Playas, Alfredo Lacunza de la Cruz, ante la gobernadora de Guerrero, <strong>Evelyn Salgado Pineda<\/strong>.<\/p>\n<p>En \u00c1lamo Temapache fueron efustivamente recibidos por vecinos de diversas comunidades y m\u00e1s de 15 colonias de ese municipio, as\u00ed como por el presidente de la Asociaci\u00f3n Ganadera local, <strong>Federico Rosales Vicencio<\/strong>, quien junto con integrantes de su agrupaci\u00f3n, condujeron a la caravana donde m\u00e1s ayuda se necesitaba.<\/p>\n<p>\u00abFueron dos d\u00edas de estancia\u00bb, relat\u00f3 Jes\u00fas Zamora, pero \u00abmuy satisfactorios\u00bb.<\/p>\n<p><a href=\"https:\/\/www.acapulcopress.com\/wp-content\/uploads\/2025\/10\/zamora.veracruz5.jpg\"><img loading=\"lazy\" decoding=\"async\" class=\"alignleft wp-image-1261003 size-cmsmasters-square-thumb\" src=\"https:\/\/www.acapulcopress.com\/wp-content\/uploads\/2025\/10\/zamora.veracruz5-360x360.jpg\" alt=\"\" width=\"360\" height=\"360\" srcset=\"https:\/\/www.acapulcopress.com\/wp-content\/uploads\/2025\/10\/zamora.veracruz5-360x360.jpg 360w, https:\/\/www.acapulcopress.com\/wp-content\/uploads\/2025\/10\/zamora.veracruz5-150x150.jpg 150w, https:\/\/www.acapulcopress.com\/wp-content\/uploads\/2025\/10\/zamora.veracruz5-70x70.jpg 70w\" sizes=\"auto, (max-width: 360px) 100vw, 360px\" \/><\/a>Se pudo socorrer a cientos de familias de m\u00e1s de 15 colonias, entre ellas entre ellas <em>Tincontlan, El 5, La Providencia, La Concepci\u00f3n, Estero del \u00cddolo y Dos Arbolitos, La Uni\u00f3n, La Lima, Pantepec, Ampliaci\u00f3n Gabino Gonz\u00e1lez, Centro, Garizurieta, Aviaci\u00f3n, Barrio de la Flores, Ferrocarril, Rivera, Luis Donaldo Colosio, Ampliaci\u00f3n Pantepec,<\/em> solo por citar ejemplos.<\/p>\n<p>Con el minicompactador facilitado por el Gobierno de Guerrero, \u00abse realizaron 24 viajes &#8211;de 4 toneladas cada uno&#8211; de lodo, basura y muebles da\u00f1ados. En total, fueron 96 toneladas de escombros retirados de las casas de los afectados\u00bb, inform\u00f3 el empresario.<\/p>\n<p>La caravana humanitaria, que parti\u00f3 el mi\u00e9rcoles por la ma\u00f1ana desde Acapulco, se conform\u00f3 por dos camiones cargados de cientos de despensas, agua, ropa, calzado, pa\u00f1ales, alimento para mascotas y herramientas.<\/p>\n<p>Al t\u00e9rmino de las labores, Zamora Cervantes agradeci\u00f3 a todo el equipo que se solidariz\u00f3 con la causa para socorres a los hermanos de Veracruz que atraviesan una mala situaci\u00f3n por las afectaciones de las recientes lluvias torrenciales que dejaron muchas familias sin hogar, adem\u00e1s de fallecidos y desaparecidos.<\/p>\n<p>Su agradecimiento eterno para la gobernadora Evelyn Salgado, as\u00ed como a sus compa\u00f1eros <strong>Marco Antonio Vel\u00e1zquez Gir\u00f3n<\/strong> y <strong>Arturo Pantoja Guatemala<\/strong>, empresarios, organizaciones de comerciantes, transportistas, sociedad civil y a los acapulque\u00f1os que con gran entusiasmo aportaron su &#8216;granito de arena&#8217; con despensas, agua y v\u00edveres.<\/p>\n<p><a href=\"https:\/\/www.acapulcopress.com\/wp-content\/uploads\/2025\/10\/zamora.veracruz7.jpg\"><img loading=\"lazy\" decoding=\"async\" class=\"alignnone wp-image-1261005 \" src=\"https:\/\/www.acapulcopress.com\/wp-content\/uploads\/2025\/10\/zamora.veracruz7.jpg\" alt=\"\" width=\"990\" height=\"1062\" srcset=\"https:\/\/www.acapulcopress.com\/wp-content\/uploads\/2025\/10\/zamora.veracruz7.jpg 892w, https:\/\/www.acapulcopress.com\/wp-content\/uploads\/2025\/10\/zamora.veracruz7-300x322.jpg 300w, https:\/\/www.acapulcopress.com\/wp-content\/uploads\/2025\/10\/zamora.veracruz7-768x824.jpg 768w, https:\/\/www.acapulcopress.com\/wp-content\/uploads\/2025\/10\/zamora.veracruz7-580x622.jpg 580w, https:\/\/www.acapulcopress.com\/wp-content\/uploads\/2025\/10\/zamora.veracruz7-860x923.jpg 860w\" sizes=\"auto, (max-width: 990px) 100vw, 990px\" \/><\/a> \u00a0<a href=\"https:\/\/www.acapulcopress.com\/wp-content\/uploads\/2025\/10\/zamora.veracruz.jpg\"><img loading=\"lazy\" decoding=\"async\" class=\"alignnone wp-image-1260999 size-full\" src=\"https:\/\/www.acapulcopress.com\/wp-content\/uploads\/2025\/10\/zamora.veracruz.jpg\" alt=\"\" width=\"1600\" height=\"900\" srcset=\"https:\/\/www.acapulcopress.com\/wp-content\/uploads\/2025\/10\/zamora.veracruz.jpg 1600w, https:\/\/www.acapulcopress.com\/wp-content\/uploads\/2025\/10\/zamora.veracruz-300x169.jpg 300w, https:\/\/www.acapulcopress.com\/wp-content\/uploads\/2025\/10\/zamora.veracruz-1024x576.jpg 1024w, https:\/\/www.acapulcopress.com\/wp-content\/uploads\/2025\/10\/zamora.veracruz-768x432.jpg 768w, https:\/\/www.acapulcopress.com\/wp-content\/uploads\/2025\/10\/zamora.veracruz-1536x864.jpg 1536w, https:\/\/www.acapulcopress.com\/wp-content\/uploads\/2025\/10\/zamora.veracruz-580x326.jpg 580w, https:\/\/www.acapulcopress.com\/wp-content\/uploads\/2025\/10\/zamora.veracruz-860x484.jpg 860w, https:\/\/www.acapulcopress.com\/wp-content\/uploads\/2025\/10\/zamora.veracruz-1160x653.jpg 1160w, https:\/\/www.acapulcopress.com\/wp-content\/uploads\/2025\/10\/zamora.veracruz-1320x743.jpg 1320w\" sizes=\"auto, (max-width: 1600px) 100vw, 1600px\" \/><\/a> <a href=\"https:\/\/www.acapulcopress.com\/wp-content\/uploads\/2025\/10\/zamora.veracruz2.jpg\"><img loading=\"lazy\" decoding=\"async\" class=\"alignnone wp-image-1261000 size-full\" src=\"https:\/\/www.acapulcopress.com\/wp-content\/uploads\/2025\/10\/zamora.veracruz2.jpg\" alt=\"\" width=\"1600\" height=\"900\" srcset=\"https:\/\/www.acapulcopress.com\/wp-content\/uploads\/2025\/10\/zamora.veracruz2.jpg 1600w, https:\/\/www.acapulcopress.com\/wp-content\/uploads\/2025\/10\/zamora.veracruz2-300x169.jpg 300w, https:\/\/www.acapulcopress.com\/wp-content\/uploads\/2025\/10\/zamora.veracruz2-1024x576.jpg 1024w, https:\/\/www.acapulcopress.com\/wp-content\/uploads\/2025\/10\/zamora.veracruz2-768x432.jpg 768w, https:\/\/www.acapulcopress.com\/wp-content\/uploads\/2025\/10\/zamora.veracruz2-1536x864.jpg 1536w, https:\/\/www.acapulcopress.com\/wp-content\/uploads\/2025\/10\/zamora.veracruz2-580x326.jpg 580w, https:\/\/www.acapulcopress.com\/wp-content\/uploads\/2025\/10\/zamora.veracruz2-860x484.jpg 860w, https:\/\/www.acapulcopress.com\/wp-content\/uploads\/2025\/10\/zamora.veracruz2-1160x653.jpg 1160w, https:\/\/www.acapulcopress.com\/wp-content\/uploads\/2025\/10\/zamora.veracruz2-1320x743.jpg 1320w\" sizes=\"auto, (max-width: 1600px) 100vw, 1600px\" \/><\/a> <a href=\"https:\/\/www.acapulcopress.com\/wp-content\/uploads\/2025\/10\/zamora.veracruz3.jpg\"><img loading=\"lazy\" decoding=\"async\" class=\"alignnone wp-image-1261001 size-full\" src=\"https:\/\/www.acapulcopress.com\/wp-content\/uploads\/2025\/10\/zamora.veracruz3.jpg\" alt=\"\" width=\"1283\" height=\"1375\" srcset=\"https:\/\/www.acapulcopress.com\/wp-content\/uploads\/2025\/10\/zamora.veracruz3.jpg 1283w, https:\/\/www.acapulcopress.com\/wp-content\/uploads\/2025\/10\/zamora.veracruz3-300x322.jpg 300w, https:\/\/www.acapulcopress.com\/wp-content\/uploads\/2025\/10\/zamora.veracruz3-955x1024.jpg 955w, https:\/\/www.acapulcopress.com\/wp-content\/uploads\/2025\/10\/zamora.veracruz3-768x823.jpg 768w, https:\/\/www.acapulcopress.com\/wp-content\/uploads\/2025\/10\/zamora.veracruz3-580x622.jpg 580w, https:\/\/www.acapulcopress.com\/wp-content\/uploads\/2025\/10\/zamora.veracruz3-860x922.jpg 860w, https:\/\/www.acapulcopress.com\/wp-content\/uploads\/2025\/10\/zamora.veracruz3-1160x1243.jpg 1160w\" sizes=\"auto, (max-width: 1283px) 100vw, 1283px\" \/><\/a> \u00a0<a href=\"https:\/\/www.acapulcopress.com\/wp-content\/uploads\/2025\/10\/zamora.veracruz4.jpg\"><img loading=\"lazy\" decoding=\"async\" class=\"alignnone wp-image-1261002 size-full\" src=\"https:\/\/www.acapulcopress.com\/wp-content\/uploads\/2025\/10\/zamora.veracruz4.jpg\" alt=\"\" width=\"1600\" height=\"900\" srcset=\"https:\/\/www.acapulcopress.com\/wp-content\/uploads\/2025\/10\/zamora.veracruz4.jpg 1600w, https:\/\/www.acapulcopress.com\/wp-content\/uploads\/2025\/10\/zamora.veracruz4-300x169.jpg 300w, https:\/\/www.acapulcopress.com\/wp-content\/uploads\/2025\/10\/zamora.veracruz4-1024x576.jpg 1024w, https:\/\/www.acapulcopress.com\/wp-content\/uploads\/2025\/10\/zamora.veracruz4-768x432.jpg 768w, https:\/\/www.acapulcopress.com\/wp-content\/uploads\/2025\/10\/zamora.veracruz4-1536x864.jpg 1536w, https:\/\/www.acapulcopress.com\/wp-content\/uploads\/2025\/10\/zamora.veracruz4-580x326.jpg 580w, https:\/\/www.acapulcopress.com\/wp-content\/uploads\/2025\/10\/zamora.veracruz4-860x484.jpg 860w, https:\/\/www.acapulcopress.com\/wp-content\/uploads\/2025\/10\/zamora.veracruz4-1160x653.jpg 1160w, https:\/\/www.acapulcopress.com\/wp-content\/uploads\/2025\/10\/zamora.veracruz4-1320x743.jpg 1320w\" sizes=\"auto, (max-width: 1600px) 100vw, 1600px\" \/><\/a> <a href=\"https:\/\/www.acapulcopress.com\/wp-content\/uploads\/2025\/10\/zamora.veracruz8.jpg\"><img loading=\"lazy\" decoding=\"async\" class=\"alignnone wp-image-1261006 size-full\" src=\"https:\/\/www.acapulcopress.com\/wp-content\/uploads\/2025\/10\/zamora.veracruz8.jpg\" alt=\"\" width=\"1600\" height=\"1200\" srcset=\"https:\/\/www.acapulcopress.com\/wp-content\/uploads\/2025\/10\/zamora.veracruz8.jpg 1600w, https:\/\/www.acapulcopress.com\/wp-content\/uploads\/2025\/10\/zamora.veracruz8-300x225.jpg 300w, https:\/\/www.acapulcopress.com\/wp-content\/uploads\/2025\/10\/zamora.veracruz8-1024x768.jpg 1024w, https:\/\/www.acapulcopress.com\/wp-content\/uploads\/2025\/10\/zamora.veracruz8-768x576.jpg 768w, https:\/\/www.acapulcopress.com\/wp-content\/uploads\/2025\/10\/zamora.veracruz8-1536x1152.jpg 1536w, https:\/\/www.acapulcopress.com\/wp-content\/uploads\/2025\/10\/zamora.veracruz8-580x435.jpg 580w, https:\/\/www.acapulcopress.com\/wp-content\/uploads\/2025\/10\/zamora.veracruz8-860x645.jpg 860w, https:\/\/www.acapulcopress.com\/wp-content\/uploads\/2025\/10\/zamora.veracruz8-1160x870.jpg 1160w, https:\/\/www.acapulcopress.com\/wp-content\/uploads\/2025\/10\/zamora.veracruz8-1320x990.jpg 1320w\" sizes=\"auto, (max-width: 1600px) 100vw, 1600px\" \/><\/a><\/p>\n<p><em>) <a href=\"http:\/\/fb.me\/steparious\" target=\"_blank\" rel=\"noopener\">fb.me\/steparious<\/a>\u00a0) <a href=\"http:\/\/fb.me\/acapulcopress\" target=\"_blank\" rel=\"noopener\">fb.me\/acapulcopress<\/a><\/em><\/p>\n","protected":false},"excerpt":{"rendered":"<p>\u00c1LAMO TEMAPACHE, Veracruz * 27 de octubre 2025 ) Especial La caravana de ayuda humanitaria que encabez\u00f3 Jes\u00fas Zamora Cervantes, empresario acapulque\u00f1o, activista social y asesor jur\u00eddico del Frente de Defensa de los Prestadores de Servicios Tur\u00edsticos de Acapulco, entreg\u00f3 m\u00e1s de 60 toneladas de v\u00edveres a miles de familias afectadas por la lluvia en&#8230;<\/p>\n","protected":false},"author":1,"featured_media":1261007,"comment_status":"closed","ping_status":"open","sticky":false,"template":"","format":"standard","meta":{"footnotes":""},"categories":[1997],"tags":[4213,6106,6416,8251,18863,18861,18862,10765,12479,15075],"class_list":["post-1260998","post","type-post","status-publish","format-standard","has-post-thumbnail","hentry","category-noticias-destacadas","tag-arturo-pantoja-guatemala","tag-comision-de-infraestructura-del-consejo-consultivo-de-turismo-de-guerrero","tag-consejo-consultivo-de-turismo-de-guerrero","tag-evelyn-salgado-pineda","tag-federico-rosales-vicencio","tag-frente-de-defensa-de-los-prestadores-de-servicios-turisticos","tag-frente-de-defensa-de-los-prestadores-de-servicios-turisticos-de-acapulco","tag-jesus-zamora-cervantes","tag-marco-antonio-velazquez-giron","tag-promotora-de-playas"],"_links":{"self":[{"href":"https:\/\/www.acapulcopress.com\/index.php\/wp-json\/wp\/v2\/posts\/1260998","targetHints":{"allow":["GET"]}}],"collection":[{"href":"https:\/\/www.acapulcopress.com\/index.php\/wp-json\/wp\/v2\/posts"}],"about":[{"href":"https:\/\/www.acapulcopress.com\/index.php\/wp-json\/wp\/v2\/types\/post"}],"author":[{"embeddable":true,"href":"https:\/\/www.acapulcopress.com\/index.php\/wp-json\/wp\/v2\/users\/1"}],"replies":[{"embeddable":true,"href":"https:\/\/www.acapulcopress.com\/index.php\/wp-json\/wp\/v2\/comments?post=1260998"}],"version-history":[{"count":4,"href":"https:\/\/www.acapulcopress.com\/index.php\/wp-json\/wp\/v2\/posts\/1260998\/revisions"}],"predecessor-version":[{"id":1261011,"href":"https:\/\/www.acapulcopress.com\/index.php\/wp-json\/wp\/v2\/posts\/1260998\/revisions\/1261011"}],"wp:featuredmedia":[{"embeddable":true,"href":"https:\/\/www.acapulcopress.com\/index.php\/wp-json\/wp\/v2\/media\/1261007"}],"wp:attachment":[{"href":"https:\/\/www.acapulcopress.com\/index.php\/wp-json\/wp\/v2\/media?parent=1260998"}],"wp:term":[{"taxonomy":"category","embeddable":true,"href":"https:\/\/www.acapulcopress.com\/index.php\/wp-json\/wp\/v2\/categories?post=1260998"},{"taxonomy":"post_tag","embeddable":true,"href":"https:\/\/www.acapulcopress.com\/index.php\/wp-json\/wp\/v2\/tags?post=1260998"}],"curies":[{"name":"wp","href":"https:\/\/api.w.org\/{rel}","templated":true}]}}