{"id":1261012,"date":"2025-10-26T20:15:29","date_gmt":"2025-10-27T02:15:29","guid":{"rendered":"https:\/\/www.acapulcopress.com\/?p=1261012"},"modified":"2025-10-27T14:26:46","modified_gmt":"2025-10-27T20:26:46","slug":"apadrino-manuel-anorve-generacion-de-alumnos-del-diplomado-en-gerencia-electoral","status":"publish","type":"post","link":"https:\/\/www.acapulcopress.com\/index.php\/2025\/10\/26\/apadrino-manuel-anorve-generacion-de-alumnos-del-diplomado-en-gerencia-electoral\/","title":{"rendered":"Apadrin\u00f3 Manuel A\u00f1orve a alumnos del Diplomado en Gerencia Electoral"},"content":{"rendered":"<p>CHILPANCINGO * 26 de octubre 2025<br \/>\n<em>) Comunicado<\/em><br \/>\nEste fin de semana el senador de la Rep\u00fablica, Manuel A\u00f1orve Ba\u00f1os, apadrin\u00f3 a la generaci\u00f3n de alumnos que recibieron el Diplomado en Gerencia Electoral, impartido por el Instituto Reyes Heroles y la Fundaci\u00f3n Colosio.<\/p>\n<p>En su mensaje, durante el evento, celebrado en el Comit\u00e9 Directivo Estatal del PRI, A\u00f1orve Ba\u00f1os hizo un reconocimiento al esfuerzo y constancia de los egresados, pero tambi\u00e9n de Isidro Mu\u00f1oz, coordinador del Diplomado, Gisela Morales, Presidenta del Instituto Reyes Heroles y C\u00e9sar Juli\u00e1n Bernal, Presidente de la Fundaci\u00f3n Colosio.<\/p>\n<p>A la clausura, tambi\u00e9n asistieron Juan Agama, Srio. de Organizaci\u00f3n del CDE, el s\u00edndico de Chilpancingo, Jonathan Ib\u00e1\u00f1ez, los regidores Adela Herrera y Ernesto Franco, Edwin Morales, Pdte. del CDM del PRI, el ex senador H\u00e9ctor Vicario, Diana Costilla, Sria. Gral. Adjunta del CDE del PRI, entre otros amigos m\u00e1s.<\/p>\n<p>Finalmente, A\u00f1orve Ba\u00f1os les dijo a los egresados que la preparaci\u00f3n constante es la que abre puertas, y los anim\u00f3 a seguir super\u00e1ndose d\u00eda con d\u00eda y a trabajar y dar su mejor esfuerzo.<br \/>\n<em>) <a href=\"http:\/\/fb.me\/steparious\" target=\"_blank\" rel=\"noopener\">fb.me\/steparious<\/a> ) <a href=\"http:\/\/fb.me\/acapulcopress\">fb.me\/acapulcopress<\/a><\/em><\/p>\n","protected":false},"excerpt":{"rendered":"<p>CHILPANCINGO * 26 de octubre 2025 ) Comunicado Este fin de semana el senador de la Rep\u00fablica, Manuel A\u00f1orve Ba\u00f1os, apadrin\u00f3 a la generaci\u00f3n de alumnos que recibieron el Diplomado en Gerencia Electoral, impartido por el Instituto Reyes Heroles y la Fundaci\u00f3n Colosio. En su mensaje, durante el evento, celebrado en el Comit\u00e9 Directivo Estatal&#8230;<\/p>\n","protected":false},"author":1,"featured_media":1261013,"comment_status":"closed","ping_status":"open","sticky":false,"template":"","format":"standard","meta":{"footnotes":""},"categories":[2080],"tags":[],"class_list":["post-1261012","post","type-post","status-publish","format-standard","has-post-thumbnail","hentry","category-regiones-de-guerrero"],"_links":{"self":[{"href":"https:\/\/www.acapulcopress.com\/index.php\/wp-json\/wp\/v2\/posts\/1261012","targetHints":{"allow":["GET"]}}],"collection":[{"href":"https:\/\/www.acapulcopress.com\/index.php\/wp-json\/wp\/v2\/posts"}],"about":[{"href":"https:\/\/www.acapulcopress.com\/index.php\/wp-json\/wp\/v2\/types\/post"}],"author":[{"embeddable":true,"href":"https:\/\/www.acapulcopress.com\/index.php\/wp-json\/wp\/v2\/users\/1"}],"replies":[{"embeddable":true,"href":"https:\/\/www.acapulcopress.com\/index.php\/wp-json\/wp\/v2\/comments?post=1261012"}],"version-history":[{"count":3,"href":"https:\/\/www.acapulcopress.com\/index.php\/wp-json\/wp\/v2\/posts\/1261012\/revisions"}],"predecessor-version":[{"id":1261016,"href":"https:\/\/www.acapulcopress.com\/index.php\/wp-json\/wp\/v2\/posts\/1261012\/revisions\/1261016"}],"wp:featuredmedia":[{"embeddable":true,"href":"https:\/\/www.acapulcopress.com\/index.php\/wp-json\/wp\/v2\/media\/1261013"}],"wp:attachment":[{"href":"https:\/\/www.acapulcopress.com\/index.php\/wp-json\/wp\/v2\/media?parent=1261012"}],"wp:term":[{"taxonomy":"category","embeddable":true,"href":"https:\/\/www.acapulcopress.com\/index.php\/wp-json\/wp\/v2\/categories?post=1261012"},{"taxonomy":"post_tag","embeddable":true,"href":"https:\/\/www.acapulcopress.com\/index.php\/wp-json\/wp\/v2\/tags?post=1261012"}],"curies":[{"name":"wp","href":"https:\/\/api.w.org\/{rel}","templated":true}]}}