{"id":1261022,"date":"2025-10-27T15:35:27","date_gmt":"2025-10-27T21:35:27","guid":{"rendered":"https:\/\/www.acapulcopress.com\/?p=1261022"},"modified":"2025-10-27T15:39:20","modified_gmt":"2025-10-27T21:39:20","slug":"riesgo-de-controversia-constitucional-contra-congreso-y-uagro","status":"publish","type":"post","link":"https:\/\/www.acapulcopress.com\/index.php\/2025\/10\/27\/riesgo-de-controversia-constitucional-contra-congreso-y-uagro\/","title":{"rendered":"Riesgo de controversia constitucional contra Congreso y UAGro"},"content":{"rendered":"<p>\u00bb <a href=\"https:\/\/www.facebook.com\/ricardocastill01\" target=\"_blank\" rel=\"noopener\"><strong>RICARDO<\/strong> | <strong>CASTILLO BARRIENTOS<\/strong><\/a><br \/>\n) Acapulco Press<\/p>\n<p>Nunca en la historia de la<em> Universidad Aut\u00f3noma de Guerrero (UAGro)<\/em>, ha sido tan cuestionado y vilipendiado un rector como <strong>Javier Salda\u00f1a Almaz\u00e1n<\/strong>, se\u00f1alado acremente de m\u00faltiples irregularidades, acumuladas durante el transcurso de tres periodos consecutivos de 2013 a la fecha.<\/p>\n<p>Los se\u00f1alamientos m\u00e1s reiterativos se refieren a un escandaloso enriquecimiento inexplicable, traducido en propiedades en fraccionamientos exclusivos, ranchos con decenas de hect\u00e1reas, caballos pura sangre, ganado de alto registro, universidades privadas (Indaseg), inversiones financieras con prestanombres, terrenos, veh\u00edculos de alta gama, etc.<\/p>\n<p>Como rector en tres periodos ininterrumpidos siendo candidato \u00fanico, vino construyendo meticulosamente una poderosa estructura de\u00a0 f\u00e9rreo control universitario, sostenida con el uso indiscriminado del\u00a0 presupuesto de la instituci\u00f3n, cooptando a dirigentes de grup\u00fasculos y sindicales con cargos en la administraci\u00f3n central, en escuelas y facultades con plazas docentes y administrativas, incremento de horas, basificaciones, becas acad\u00e9micas, etc.<\/p>\n<p>Desde el otro \u00e1ngulo habr\u00eda de reconocer la incorporaci\u00f3n de un elevado n\u00famero de acad\u00e9micos al Sistema Nacional de Investigadores (<strong>SNI<\/strong>), sin que implique un mejor desarrollo de la M\u00e1xima Casa de Estudios, ni tampoco el incremento de los <em>campus<\/em> universitarios, cuyas construcciones han dejado buenas comisiones econ\u00f3micas, en detrimento de los profesores universitarios de mayor antig\u00fcedad que no se pueden jubilar porque se da prioridad a otros rubros y no se entregan los finiquitos a quienes tienen derecho, solo que se \u00a0se trate de incondicionales..<\/p>\n<p>Ni que decir de las nuevas carreras universitarias y los grados de posgrado, con altas y bajas en las matr\u00edculas estudiantiles y la desaparici\u00f3n de carreras por una err\u00f3nea planeaci\u00f3n en su origen.<\/p>\n<p>La gota que derram\u00f3 el vaso, fue la reciente decisi\u00f3n del tri-rector, Javier Salda\u00f1a Almaz\u00e1n, de reformar la Ley Org\u00e1nica e incrementar dos a\u00f1os al periodo de rector, es decir a seis a\u00f1os; atropellando el procedimiento establecido en la Ley Universitaria.<\/p>\n<p>Para realizar cualquier reforma a la misma, se debi\u00f3 celebrar el <strong>Congreso General Universitario o un Refer\u00e9nd\u00fam<\/strong>, mecanismos obligatorios legales que el extraviado tri-rector pas\u00f3 por alto, conociendo la docilidad del Consejo Universitario, al cual tiene sometido por el control absoluto sobre los consejeros universitarios, mediante todo tipo de soborno o prebendas.<\/p>\n<p><strong>La Comisi\u00f3n de Educaci\u00f3n del Congreso del Estado<\/strong> tendr\u00e1 que analizar de manera exhaustiva no solo el contenido de la iniciativa de la Reforma Universitaria, sino tambi\u00e9n, por no apegarse al procedimiento legal establecido en la propia Ley Org\u00e1nica, motivo suficiente para ser regresada al Consejo Universitario, con la finalidad de rectificar el procedimiento legal para reorientar el curso de la multicitada Reforma, porque de otra manera podr\u00eda generar una fuerte controversia constitucional.<br \/>\n<em>) <a href=\"http:\/\/fb.me\/steparious\" target=\"_blank\" rel=\"noopener\">fb.me\/steparious<\/a> ) <a href=\"http:\/\/fb.me\/acapulcopress\" target=\"_blank\" rel=\"noopener\">fb.me\/acapulcopress<\/a><\/em><\/p>\n","protected":false},"excerpt":{"rendered":"<p>Ricardo Castillo | Nunca en la historia de la Universidad Aut\u00f3noma de Guerrero (UAGro), ha sido tan cuestionado y vilipendiado un rector<\/p>\n","protected":false},"author":1,"featured_media":1261023,"comment_status":"closed","ping_status":"open","sticky":false,"template":"","format":"standard","meta":{"footnotes":""},"categories":[2071,1991],"tags":[18864,10644,15575,17610],"class_list":["post-1261022","post","type-post","status-publish","format-standard","has-post-thumbnail","hentry","category-opinion-analisis-columnas","category-libertad-de-expresion","tag-instituto-de-desarrollo-salvador-allende-gossens-indaseg","tag-javier-saldana-almazan","tag-ricardo-castillo-barrientos","tag-universidad-autonoma-de-guerrero-uagro"],"_links":{"self":[{"href":"https:\/\/www.acapulcopress.com\/index.php\/wp-json\/wp\/v2\/posts\/1261022","targetHints":{"allow":["GET"]}}],"collection":[{"href":"https:\/\/www.acapulcopress.com\/index.php\/wp-json\/wp\/v2\/posts"}],"about":[{"href":"https:\/\/www.acapulcopress.com\/index.php\/wp-json\/wp\/v2\/types\/post"}],"author":[{"embeddable":true,"href":"https:\/\/www.acapulcopress.com\/index.php\/wp-json\/wp\/v2\/users\/1"}],"replies":[{"embeddable":true,"href":"https:\/\/www.acapulcopress.com\/index.php\/wp-json\/wp\/v2\/comments?post=1261022"}],"version-history":[{"count":2,"href":"https:\/\/www.acapulcopress.com\/index.php\/wp-json\/wp\/v2\/posts\/1261022\/revisions"}],"predecessor-version":[{"id":1261025,"href":"https:\/\/www.acapulcopress.com\/index.php\/wp-json\/wp\/v2\/posts\/1261022\/revisions\/1261025"}],"wp:featuredmedia":[{"embeddable":true,"href":"https:\/\/www.acapulcopress.com\/index.php\/wp-json\/wp\/v2\/media\/1261023"}],"wp:attachment":[{"href":"https:\/\/www.acapulcopress.com\/index.php\/wp-json\/wp\/v2\/media?parent=1261022"}],"wp:term":[{"taxonomy":"category","embeddable":true,"href":"https:\/\/www.acapulcopress.com\/index.php\/wp-json\/wp\/v2\/categories?post=1261022"},{"taxonomy":"post_tag","embeddable":true,"href":"https:\/\/www.acapulcopress.com\/index.php\/wp-json\/wp\/v2\/tags?post=1261022"}],"curies":[{"name":"wp","href":"https:\/\/api.w.org\/{rel}","templated":true}]}}