{"id":1261026,"date":"2025-10-26T15:57:52","date_gmt":"2025-10-26T21:57:52","guid":{"rendered":"https:\/\/www.acapulcopress.com\/?p=1261026"},"modified":"2025-10-27T16:04:39","modified_gmt":"2025-10-27T22:04:39","slug":"proponen-reformas-constitucionales-mediante-iniciativas-ciudadanas","status":"publish","type":"post","link":"https:\/\/www.acapulcopress.com\/index.php\/2025\/10\/26\/proponen-reformas-constitucionales-mediante-iniciativas-ciudadanas\/","title":{"rendered":"Proponen reformas constitucionales mediante iniciativas ciudadanas"},"content":{"rendered":"<p>CHILPANCINGO * 26 de octubre 2025<br \/>\n<em>) LXVI Legislatura | Guerrero<br \/>\n<\/em>La Comisi\u00f3n de Estudios Constitucionales y Jur\u00eddicos analiza una iniciativa de reforma a la <em>Constituci\u00f3n Pol\u00edtica del Estado de Guerrero<\/em>, presentada por el diputado <strong>P\u00e1nfilo S\u00e1nchez Almaz\u00e1n<\/strong>, para reconocer expresamente el derecho de los ciudadanos guerrerenses a presentar iniciativas de reforma constitucional mediante la figura de la Iniciativa Ciudadana, fortaleciendo con ello los mecanismos de participaci\u00f3n democr\u00e1tica y la soberan\u00eda popular en la entidad.<\/p>\n<p>El legislador del Grupo Parlamentario de Morena, explic\u00f3 que esta propuesta busca reformar la fracci\u00f3n I del numeral 1 del art\u00edculo 199 de la Constituci\u00f3n local, con el prop\u00f3sito de ampliar los derechos de participaci\u00f3n directa del pueblo en los asuntos p\u00fablicos, al permitir que las ciudadanas y ciudadanos puedan presentar proyectos de reforma constitucional ante el Congreso del Estado, al igual que el gobernador o gobernadora, las diputadas y diputados.<\/p>\n<p>Subray\u00f3 que la iniciativa armoniza la legislaci\u00f3n estatal con la Constituci\u00f3n Federal, particularmente con el art\u00edculo 39, que establece que la soberan\u00eda reside esencial y originariamente en el pueblo y que este tiene el derecho inalienable de modificar su forma de gobierno. Adem\u00e1s, la propuesta responde al compromiso de legislar con sentido social, humanista y participativo, colocando al pueblo como centro de las decisiones p\u00fablicas.<\/p>\n<p>El diputado precis\u00f3 que en el marco jur\u00eddico de Guerrero ya se reconoce la figura de la iniciativa ciudadana en la Ley de Participaci\u00f3n Ciudadana y en la Ley Org\u00e1nica del Poder Legislativo, sin embargo, no se ha incorporado este derecho en materia de reformas constitucionales.<\/p>\n<p>Por ello, enfatiz\u00f3 que esta propuesta fortalece la democracia participativa y promueve la corresponsabilidad entre la ciudadan\u00eda y las instituciones, al abrir espacios para que la poblaci\u00f3n incida de manera directa en la creaci\u00f3n y modificaci\u00f3n del marco constitucional del Estado, ya que la participaci\u00f3n ciudadana en los procesos legislativos incrementa la legitimidad de las normas y contribuye a la consolidaci\u00f3n de un gobierno m\u00e1s transparente, incluyente y representativo, y es un acto de justicia constitucional y pol\u00edtica que elimina barreras formales, reconoce los derechos de las y los guerrerenses y fortalece la democracia en Guerrero.<br \/>\n<em>) <a href=\"http:\/\/fb.me\/steparious\" target=\"_blank\" rel=\"noopener\">fb.me\/steparious<\/a> ) <a href=\"http:\/\/fb.me\/acapulcopress\" target=\"_blank\" rel=\"noopener\">fb.me\/acapulcopress<\/a><\/em><\/p>\n","protected":false},"excerpt":{"rendered":"<p>CHILPANCINGO * 26 de octubre 2025 ) LXVI Legislatura | Guerrero La Comisi\u00f3n de Estudios Constitucionales y Jur\u00eddicos analiza una iniciativa de reforma a la Constituci\u00f3n Pol\u00edtica del Estado de Guerrero, presentada por el diputado P\u00e1nfilo S\u00e1nchez Almaz\u00e1n, para reconocer expresamente el derecho de los ciudadanos guerrerenses a presentar iniciativas de reforma constitucional mediante la&#8230;<\/p>\n","protected":false},"author":1,"featured_media":1261027,"comment_status":"closed","ping_status":"open","sticky":false,"template":"","format":"standard","meta":{"footnotes":""},"categories":[2037,61],"tags":[18372,64],"class_list":["post-1261026","post","type-post","status-publish","format-standard","has-post-thumbnail","hentry","category-congreso-de-guerrero","category-legislacion","tag-lxvi-legislatura-guerrero","tag-panfilo-sanchez-almazan"],"_links":{"self":[{"href":"https:\/\/www.acapulcopress.com\/index.php\/wp-json\/wp\/v2\/posts\/1261026","targetHints":{"allow":["GET"]}}],"collection":[{"href":"https:\/\/www.acapulcopress.com\/index.php\/wp-json\/wp\/v2\/posts"}],"about":[{"href":"https:\/\/www.acapulcopress.com\/index.php\/wp-json\/wp\/v2\/types\/post"}],"author":[{"embeddable":true,"href":"https:\/\/www.acapulcopress.com\/index.php\/wp-json\/wp\/v2\/users\/1"}],"replies":[{"embeddable":true,"href":"https:\/\/www.acapulcopress.com\/index.php\/wp-json\/wp\/v2\/comments?post=1261026"}],"version-history":[{"count":2,"href":"https:\/\/www.acapulcopress.com\/index.php\/wp-json\/wp\/v2\/posts\/1261026\/revisions"}],"predecessor-version":[{"id":1261029,"href":"https:\/\/www.acapulcopress.com\/index.php\/wp-json\/wp\/v2\/posts\/1261026\/revisions\/1261029"}],"wp:featuredmedia":[{"embeddable":true,"href":"https:\/\/www.acapulcopress.com\/index.php\/wp-json\/wp\/v2\/media\/1261027"}],"wp:attachment":[{"href":"https:\/\/www.acapulcopress.com\/index.php\/wp-json\/wp\/v2\/media?parent=1261026"}],"wp:term":[{"taxonomy":"category","embeddable":true,"href":"https:\/\/www.acapulcopress.com\/index.php\/wp-json\/wp\/v2\/categories?post=1261026"},{"taxonomy":"post_tag","embeddable":true,"href":"https:\/\/www.acapulcopress.com\/index.php\/wp-json\/wp\/v2\/tags?post=1261026"}],"curies":[{"name":"wp","href":"https:\/\/api.w.org\/{rel}","templated":true}]}}