{"id":1261038,"date":"2025-10-27T17:51:46","date_gmt":"2025-10-27T23:51:46","guid":{"rendered":"https:\/\/www.acapulcopress.com\/?p=1261038"},"modified":"2025-10-27T18:04:51","modified_gmt":"2025-10-28T00:04:51","slug":"prohiben-a-guardia-nacional-detener-operadores-de-uber-en-aeropuestos","status":"publish","type":"post","link":"https:\/\/www.acapulcopress.com\/index.php\/2025\/10\/27\/prohiben-a-guardia-nacional-detener-operadores-de-uber-en-aeropuestos\/","title":{"rendered":"Proh\u00edben a Guardia Nacional detener operadores de Uber en aeropuestos"},"content":{"rendered":"<p>CIUDAD DE M\u00c9XICO * 27 de octubre 2025<br \/>\n<em>) <a href=\"https:\/\/www.proceso.com.mx\/nacional\/2025\/10\/27\/uber-podra-operar-en-aeropuertos-juez-prohibe-la-guardia-nacional-detener-conductores-361620.html\" target=\"_blank\" rel=\"noopener\">Apro<\/a><br \/>\n<\/em>La jueza<em> Decimotercera de Distrito en Materia Administrativa<\/em> otorg\u00f3 a <em>Uber<\/em> una suspensi\u00f3n definitiva que proh\u00edbe a la <em>Guardia Nacional<\/em> detener a los conductores que realicen viajes a trav\u00e9s de la plataforma en los m\u00e1s de 70 aeropuertos de M\u00e9xico.<\/p>\n<p>Esta medida permite a los socios conductores recoger y dejar pasajeros en las zonas federales de los aeropuertos sin riesgo de ser aprehendidos, mientras se resuelve el juicio de amparo correspondiente.<\/p>\n<p>La resoluci\u00f3n refuerza la postura que <em>Uber<\/em> ha sostenido por m\u00e1s de una d\u00e9cada: las detenciones a sus conductores en aeropuertos son ilegales.<\/p>\n<p>La empresa destac\u00f3 la relevancia de esta decisi\u00f3n en el contexto del <em>Mundial de Futbol 2026<\/em>, que se celebrar\u00e1 en M\u00e9xico, subrayando la necesidad de garantizar una experiencia de movilidad eficiente para los millones de turistas que llegar\u00e1n al pa\u00eds.<\/p>\n<p>\u201cUber conf\u00eda en que esta suspensi\u00f3n quede asentada en una resoluci\u00f3n final, tomando en cuenta el contexto en el cual se encuentran los aeropuertos del pa\u00eds en este momento: el pr\u00f3ximo a\u00f1o se celebrar\u00e1 el <em>Mundial de Futbol<\/em> en M\u00e9xico\u201d, se lee en el comunicado.<\/p>\n<p>La compa\u00f1\u00eda hizo un llamado a las autoridades federales para acatar la suspensi\u00f3n definitiva y exhort\u00f3 al <em>Congreso de la Uni\u00f3n<\/em> a legislar en favor de un marco regulatorio que facilite el acceso de plataformas digitales a los aeropuertos.<\/p>\n<p>Esto, aseguraron, fortalecer\u00e1 el ecosistema tur\u00edstico nacional e internacional, posicionando a los aeropuertos como la carta de presentaci\u00f3n de M\u00e9xico ante el mundo.<\/p>\n<p>Uber conf\u00eda en que esta suspensi\u00f3n se consolide en una resoluci\u00f3n final, lo que garantizar\u00eda una operaci\u00f3n estable para sus conductores y usuarios en los aeropuertos del pa\u00eds.<\/p>\n<p><strong>Pasaje en el aeropuerto<\/strong><\/p>\n<p>Apenas el pasado 6 de octubre permisionarios de taxis del <em>Aeropuerto Internacional de la Ciudad de M\u00e9xico (AICM)<\/em> aseguraron que el gobierno federal no ha firmado ning\u00fan acuerdo que permita el ingreso de taxis de aplicaci\u00f3n a la terminal a\u00e9rea con motivo del pr\u00f3ximo Mundial.<\/p>\n<p>Los permisionarios acusaron la existencia de \u201cun corrupto negocio que la Marina tiene con el transporte de aplicaci\u00f3n\u201d y se\u00f1alaron a Mois\u00e9s Alfonso Magallanes, subdirector de Terminal de Supervisi\u00f3n de Transportaci\u00f3n Terrestre del Aeropuerto, como presunto responsable de ese esquema.<\/p>\n<p>Sostuvieron que este funcionario ser\u00eda quien autoriza el ingreso irregular de veh\u00edculos de aplicaci\u00f3n a la zona federal del aeropuerto, beneficiando a intereses privados y afectando a los concesionarios legalmente establecidos.<br \/>\n<em>) <a href=\"http:\/\/fb.me\/steparious\" target=\"_blank\" rel=\"noopener\">fb.me\/steparious<\/a> ) <a href=\"http:\/\/fb.me\/acapulcopress\" target=\"_blank\" rel=\"noopener\">fb.me\/acapulcopress<\/a><\/em><\/p>\n","protected":false},"excerpt":{"rendered":"<p>CIUDAD DE M\u00c9XICO * 27 de octubre 2025 ) Apro La jueza Decimotercera de Distrito en Materia Administrativa otorg\u00f3 a Uber una suspensi\u00f3n definitiva que proh\u00edbe a la Guardia Nacional detener a los conductores que realicen viajes a trav\u00e9s de la plataforma en los m\u00e1s de 70 aeropuertos de M\u00e9xico. Esta medida permite a los&#8230;<\/p>\n","protected":false},"author":1,"featured_media":1261039,"comment_status":"closed","ping_status":"open","sticky":false,"template":"","format":"standard","meta":{"footnotes":""},"categories":[1997],"tags":[3321,9532,18865,17484],"class_list":["post-1261038","post","type-post","status-publish","format-standard","has-post-thumbnail","hentry","category-noticias-destacadas","tag-aeropuerto-internacional-de-la-ciudad-de-mexico-aicm","tag-guardia-nacional","tag-mundial-de-futbol-2026","tag-uber"],"_links":{"self":[{"href":"https:\/\/www.acapulcopress.com\/index.php\/wp-json\/wp\/v2\/posts\/1261038","targetHints":{"allow":["GET"]}}],"collection":[{"href":"https:\/\/www.acapulcopress.com\/index.php\/wp-json\/wp\/v2\/posts"}],"about":[{"href":"https:\/\/www.acapulcopress.com\/index.php\/wp-json\/wp\/v2\/types\/post"}],"author":[{"embeddable":true,"href":"https:\/\/www.acapulcopress.com\/index.php\/wp-json\/wp\/v2\/users\/1"}],"replies":[{"embeddable":true,"href":"https:\/\/www.acapulcopress.com\/index.php\/wp-json\/wp\/v2\/comments?post=1261038"}],"version-history":[{"count":1,"href":"https:\/\/www.acapulcopress.com\/index.php\/wp-json\/wp\/v2\/posts\/1261038\/revisions"}],"predecessor-version":[{"id":1261040,"href":"https:\/\/www.acapulcopress.com\/index.php\/wp-json\/wp\/v2\/posts\/1261038\/revisions\/1261040"}],"wp:featuredmedia":[{"embeddable":true,"href":"https:\/\/www.acapulcopress.com\/index.php\/wp-json\/wp\/v2\/media\/1261039"}],"wp:attachment":[{"href":"https:\/\/www.acapulcopress.com\/index.php\/wp-json\/wp\/v2\/media?parent=1261038"}],"wp:term":[{"taxonomy":"category","embeddable":true,"href":"https:\/\/www.acapulcopress.com\/index.php\/wp-json\/wp\/v2\/categories?post=1261038"},{"taxonomy":"post_tag","embeddable":true,"href":"https:\/\/www.acapulcopress.com\/index.php\/wp-json\/wp\/v2\/tags?post=1261038"}],"curies":[{"name":"wp","href":"https:\/\/api.w.org\/{rel}","templated":true}]}}