{"id":1261041,"date":"2025-10-27T18:12:58","date_gmt":"2025-10-28T00:12:58","guid":{"rendered":"https:\/\/www.acapulcopress.com\/?p=1261041"},"modified":"2025-10-27T18:14:02","modified_gmt":"2025-10-28T00:14:02","slug":"detuvo-ice-a-victor-puga-marido-de-ines-gomez-mont","status":"publish","type":"post","link":"https:\/\/www.acapulcopress.com\/index.php\/2025\/10\/27\/detuvo-ice-a-victor-puga-marido-de-ines-gomez-mont\/","title":{"rendered":"Detuvo ICE a V\u00edctor Puga, marido de In\u00e9s G\u00f3mez Mont"},"content":{"rendered":"<p>CIUDAD DE M\u00c9XICO * 27 de octubre 2025<br \/>\n<em>) <a href=\"https:\/\/latinus.us\/mexico\/2025\/10\/27\/detienen-en-miami-al-empresario-victor-alvarez-puga-esposo-de-ines-gomez-mont-155388.html\" target=\"_blank\" rel=\"noopener\">LatinUs<\/a><\/em><br \/>\nEl empresario<strong> V\u00edctor Manuel \u00c1lvarez Puga<\/strong>, pr\u00f3fugo en M\u00e9xico por delitos como lavado o desv\u00edo de dinero, fue detenido en Estados Unidos.<\/p>\n<p>Seg\u00fan consta en registros del <em>Servicio de Control de Migraci\u00f3n y Aduanas (ICE<\/em>, en ingl\u00e9s), el esposo de <strong>In\u00e9s G\u00f3mez Mont<\/strong> se encuentra actualmente en el <em>Centro de Procesamiento de Servicios<\/em> de Krome North, en Miami.<\/p>\n<p>De acuerdo con informaci\u00f3n oficial revisada por <em>Latinus,<\/em> \u00c1lvarez Puga fue detenido el pasado 24 de septiembre y se le considera como una persona deportable.<\/p>\n<p>Sin embargo, hasta el momento las autoridades mexicanas no han precisado si habr\u00eda una orden de extradici\u00f3n en su contra.<\/p>\n<p>Actualmente, \u00c1lvarez Puga se encuentra en un proceso judicial en el que ha pedido su liberaci\u00f3n bajo fianza en Estados Unidos.<\/p>\n<p>La FGR investiga a la conductora y a su esposo por diversos delitos, entre los que est\u00e1n delincuencia organizada y operaciones con recursos de procedencia il\u00edcita.<\/p>\n<p>La orden de aprehensi\u00f3n fue girada por el juez de control <strong>Alberto Torres<\/strong>, del <em>Centro de Justicia Penal Federal<\/em> en la Ciudad de M\u00e9xico, con sede en el Reclusorio Oriente, el 14 de octubre de 2021.<br \/>\n<em>) <a href=\"http:\/\/fb.me\/steparious\" target=\"_blank\" rel=\"noopener\">fb.me\/steparious<\/a> ) <a href=\"http:\/\/fb.me\/acapulcopress\" target=\"_blank\" rel=\"noopener\">fb.me\/acapulcopress<\/a><\/em><\/p>\n","protected":false},"excerpt":{"rendered":"<p>El empresario V\u00edctor Manuel \u00c1lvarez Puga, pr\u00f3fugo en M\u00e9xico por delitos como lavado o desv\u00edo de dinero, fue detenido en Estados Unidos.<\/p>\n","protected":false},"author":1,"featured_media":1261042,"comment_status":"closed","ping_status":"open","sticky":false,"template":"","format":"standard","meta":{"footnotes":""},"categories":[2054,1988],"tags":[18870,18869,18868,18867,18866],"class_list":["post-1261041","post","type-post","status-publish","format-standard","has-post-thumbnail","hentry","category-entertainment","category-lifestyles","tag-centro-de-justicia-penal-federal-de-mexico","tag-centro-de-procesamiento-de-servicios-usa","tag-ines-gomez-mont","tag-servicio-de-control-de-migracion-y-aduanas-ice","tag-victor-manuel-alvarez-puga"],"_links":{"self":[{"href":"https:\/\/www.acapulcopress.com\/index.php\/wp-json\/wp\/v2\/posts\/1261041","targetHints":{"allow":["GET"]}}],"collection":[{"href":"https:\/\/www.acapulcopress.com\/index.php\/wp-json\/wp\/v2\/posts"}],"about":[{"href":"https:\/\/www.acapulcopress.com\/index.php\/wp-json\/wp\/v2\/types\/post"}],"author":[{"embeddable":true,"href":"https:\/\/www.acapulcopress.com\/index.php\/wp-json\/wp\/v2\/users\/1"}],"replies":[{"embeddable":true,"href":"https:\/\/www.acapulcopress.com\/index.php\/wp-json\/wp\/v2\/comments?post=1261041"}],"version-history":[{"count":2,"href":"https:\/\/www.acapulcopress.com\/index.php\/wp-json\/wp\/v2\/posts\/1261041\/revisions"}],"predecessor-version":[{"id":1261044,"href":"https:\/\/www.acapulcopress.com\/index.php\/wp-json\/wp\/v2\/posts\/1261041\/revisions\/1261044"}],"wp:featuredmedia":[{"embeddable":true,"href":"https:\/\/www.acapulcopress.com\/index.php\/wp-json\/wp\/v2\/media\/1261042"}],"wp:attachment":[{"href":"https:\/\/www.acapulcopress.com\/index.php\/wp-json\/wp\/v2\/media?parent=1261041"}],"wp:term":[{"taxonomy":"category","embeddable":true,"href":"https:\/\/www.acapulcopress.com\/index.php\/wp-json\/wp\/v2\/categories?post=1261041"},{"taxonomy":"post_tag","embeddable":true,"href":"https:\/\/www.acapulcopress.com\/index.php\/wp-json\/wp\/v2\/tags?post=1261041"}],"curies":[{"name":"wp","href":"https:\/\/api.w.org\/{rel}","templated":true}]}}