{"id":1261045,"date":"2025-10-27T18:33:16","date_gmt":"2025-10-28T00:33:16","guid":{"rendered":"https:\/\/www.acapulcopress.com\/?p=1261045"},"modified":"2025-10-27T18:36:41","modified_gmt":"2025-10-28T00:36:41","slug":"asesinaron-en-oaxaca-a-noe-perez-urquidi-lider-de-la-catem-en-salinas-cruz","status":"publish","type":"post","link":"https:\/\/www.acapulcopress.com\/index.php\/2025\/10\/27\/asesinaron-en-oaxaca-a-noe-perez-urquidi-lider-de-la-catem-en-salinas-cruz\/","title":{"rendered":"Asesinaron en Oaxaca a No\u00e9 P\u00e9rez Urquidi, l\u00edder de la CATEM en Salinas Cruz"},"content":{"rendered":"<p>SALINAS CRUZ, Oaxaca * 27 de octubre 2025<br \/>\n<em>) Efe<br \/>\n<\/em>Sujetos armados asesinaron la ma\u00f1ana de este lunes en Salina Cruz a<strong> No\u00e9 P\u00e9rez Urquidi<\/strong>, l\u00edder de la <em>Confederaci\u00f3n Aut\u00f3noma de Trabajadores y Empleados de M\u00e9xico (CATEM),<\/em> seg\u00fan confirm\u00f3 la Fiscal\u00eda General de Oaxaca.<\/p>\n<p>De acuerdo con medios locales, el l\u00edder sindical fue ultimado en un estacionamiento de un centro comercial tras salir de desayunar de un restaurante.<\/p>\n<p>Ante los hechos, la fiscal\u00eda estatal inici\u00f3 las investigaciones correspondientes y \u201cdespleg\u00f3 a un equipo multidisciplinario a trav\u00e9s de la Vicefiscal\u00eda Regional del Istmo, para llevar a cabo las primeras indagatorias para definir las l\u00edneas de investigaci\u00f3n y establecer la teor\u00eda del caso\u201d.<\/p>\n<p>Desde sus cuentas de redes sociales, conocidos y familiares lamentaron el asesinato del l\u00edder de la CATEM.<\/p>\n<p>\u00abMi m\u00e1s sentido p\u00e9same por el lamentable fallecimiento de Mi Primo No\u00e9 P\u00e9rez Urquidi\u00bb, escribi\u00f3 Israel Urquidi y agreg\u00f3 una fotograf\u00eda de la v\u00edctima.<\/p>\n<p>\u00abDeseamos expresar nuestra solidaridad con su familia durante esta dolorosa etapa\u00bb, a\u00f1adi\u00f3 la CTM de Salina Cruz.<\/p>\n<p>La agresi\u00f3n contra el l\u00edder sindical ocurre mientras el gobierno mexicano ha asegurado que los homicidios en el pa\u00eds se redujeron un 32% en el primer a\u00f1o de la presidencia de Claudia Sheinbaum, periodo en el que van m\u00e1s de 34 mil detenidos por delitos de alto impacto y m\u00e1s de 283 toneladas de droga confiscadas.<br \/>\n<em>) <a href=\"http:\/\/fb.me\/steparious\" target=\"_blank\" rel=\"noopener\">fb.me\/steparious<\/a> ) <a href=\"http:\/\/fb.me\/acapulcopress\" target=\"_blank\" rel=\"noopener\">fb.me\/acapulcopress<\/a><\/em><\/p>\n","protected":false},"excerpt":{"rendered":"<p>SALINAS CRUZ, Oaxaca * 27 de octubre 2025 ) Efe Sujetos armados asesinaron la ma\u00f1ana de este lunes en Salina Cruz a No\u00e9 P\u00e9rez Urquidi, l\u00edder de la Confederaci\u00f3n Aut\u00f3noma de Trabajadores y Empleados de M\u00e9xico (CATEM), seg\u00fan confirm\u00f3 la Fiscal\u00eda General de Oaxaca. De acuerdo con medios locales, el l\u00edder sindical fue ultimado en&#8230;<\/p>\n","protected":false},"author":1,"featured_media":1261046,"comment_status":"closed","ping_status":"open","sticky":false,"template":"","format":"standard","meta":{"footnotes":""},"categories":[2010],"tags":[6332,18871,18872],"class_list":["post-1261045","post","type-post","status-publish","format-standard","has-post-thumbnail","hentry","category-sociedad","tag-confederacion-autonoma-de-trabajadores-y-empleados-de-mexico-catem","tag-fiscalia-general-de-oaxaca","tag-noe-perez-urquidi"],"_links":{"self":[{"href":"https:\/\/www.acapulcopress.com\/index.php\/wp-json\/wp\/v2\/posts\/1261045","targetHints":{"allow":["GET"]}}],"collection":[{"href":"https:\/\/www.acapulcopress.com\/index.php\/wp-json\/wp\/v2\/posts"}],"about":[{"href":"https:\/\/www.acapulcopress.com\/index.php\/wp-json\/wp\/v2\/types\/post"}],"author":[{"embeddable":true,"href":"https:\/\/www.acapulcopress.com\/index.php\/wp-json\/wp\/v2\/users\/1"}],"replies":[{"embeddable":true,"href":"https:\/\/www.acapulcopress.com\/index.php\/wp-json\/wp\/v2\/comments?post=1261045"}],"version-history":[{"count":2,"href":"https:\/\/www.acapulcopress.com\/index.php\/wp-json\/wp\/v2\/posts\/1261045\/revisions"}],"predecessor-version":[{"id":1261048,"href":"https:\/\/www.acapulcopress.com\/index.php\/wp-json\/wp\/v2\/posts\/1261045\/revisions\/1261048"}],"wp:featuredmedia":[{"embeddable":true,"href":"https:\/\/www.acapulcopress.com\/index.php\/wp-json\/wp\/v2\/media\/1261046"}],"wp:attachment":[{"href":"https:\/\/www.acapulcopress.com\/index.php\/wp-json\/wp\/v2\/media?parent=1261045"}],"wp:term":[{"taxonomy":"category","embeddable":true,"href":"https:\/\/www.acapulcopress.com\/index.php\/wp-json\/wp\/v2\/categories?post=1261045"},{"taxonomy":"post_tag","embeddable":true,"href":"https:\/\/www.acapulcopress.com\/index.php\/wp-json\/wp\/v2\/tags?post=1261045"}],"curies":[{"name":"wp","href":"https:\/\/api.w.org\/{rel}","templated":true}]}}