{"id":1261072,"date":"2025-10-29T20:17:34","date_gmt":"2025-10-30T02:17:34","guid":{"rendered":"https:\/\/www.acapulcopress.com\/?p=1261072"},"modified":"2025-10-29T21:03:17","modified_gmt":"2025-10-30T03:03:17","slug":"parque-papagayo-celebrara-el-dia-de-muertos","status":"publish","type":"post","link":"https:\/\/www.acapulcopress.com\/index.php\/2025\/10\/29\/parque-papagayo-celebrara-el-dia-de-muertos\/","title":{"rendered":"Parque Papagayo celebrar\u00e1 el \u00abD\u00eda de Muertos\u00bb"},"content":{"rendered":"<p>ACAPULCO * 29 de octubre 2025<br \/>\n<em>) Bienestar Guerrero<\/em><br \/>\nLa gran celebraci\u00f3n de <em>D\u00eda de Muertos<\/em> se realizar\u00e1 en el <em>Parque Papagayo,<\/em> este viernes 31 de octubre, s\u00e1bado 1 y domingo 2 de noviembre, <a href=\"https:\/\/www.acapulcopress.com\/wp-content\/uploads\/2025\/10\/DIA-DE-MUERTOS6.jpg\"><img loading=\"lazy\" decoding=\"async\" class=\"alignleft wp-image-1261078 size-cmsmasters-square-thumb\" src=\"https:\/\/www.acapulcopress.com\/wp-content\/uploads\/2025\/10\/DIA-DE-MUERTOS6-360x360.jpg\" alt=\"\" width=\"360\" height=\"360\" srcset=\"https:\/\/www.acapulcopress.com\/wp-content\/uploads\/2025\/10\/DIA-DE-MUERTOS6-360x360.jpg 360w, https:\/\/www.acapulcopress.com\/wp-content\/uploads\/2025\/10\/DIA-DE-MUERTOS6-150x150.jpg 150w, https:\/\/www.acapulcopress.com\/wp-content\/uploads\/2025\/10\/DIA-DE-MUERTOS6-70x70.jpg 70w\" sizes=\"auto, (max-width: 360px) 100vw, 360px\" \/><\/a>con un programa cultural, as\u00ed como concursos de ofrendas y disfraces.<\/p>\n<p>La instrucci\u00f3n de la gobernadora<strong> Evelyn Salgado Pineda<\/strong> es preservar las tradiciones mexicanas entre las familias guerrerenses, siendo el D\u00eda de Muertos, una de las celebraciones m\u00e1s importantes para las familias.<\/p>\n<p>En conferencia de prensa, el director del parque, <strong>Abel Luvio Villanueva<\/strong>, inform\u00f3 del programa de actividades para este fin de semana e invit\u00f3 a la poblaci\u00f3n a participar en los concursos de ofrendas y de catrinas, que tendr\u00e1n como premios: 3 mil pesos el primer lugar, 2 mil pesos el segundo y mil pesos el tercero.<\/p>\n<p>El funcionario remarc\u00f3 que los criterios de evaluaci\u00f3n de los participantes consisten, en el caso del concurso de catrinas: El apego a la tradici\u00f3n, usar material reciclado, originalidad, narrativa del vestuario y maquillaje; adem\u00e1s mencion\u00f3 que las inscripciones se est\u00e1n realizando a trav\u00e9s de la p\u00e1gina oficial de Facebook: Parque Papagayo Acapulco.<\/p>\n<p>Abel Luvio explic\u00f3 que, con relaci\u00f3n a las ofrendas, estas deber\u00e1n contener los cuatro elementos: tierra, agua, fuego, aire, y los siete niveles. Indic\u00f3 que los primeros 10 participantes en inscribirse se ganar\u00e1n un boleto para el concierto del Trono de M\u00e9xico. En este caso la <a href=\"https:\/\/www.acapulcopress.com\/wp-content\/uploads\/2025\/10\/DIA-DE-MUERTOS4.jpg\"><img loading=\"lazy\" decoding=\"async\" class=\"alignleft wp-image-1261076 size-cmsmasters-square-thumb\" src=\"https:\/\/www.acapulcopress.com\/wp-content\/uploads\/2025\/10\/DIA-DE-MUERTOS4-360x360.jpg\" alt=\"\" width=\"360\" height=\"360\" srcset=\"https:\/\/www.acapulcopress.com\/wp-content\/uploads\/2025\/10\/DIA-DE-MUERTOS4-360x360.jpg 360w, https:\/\/www.acapulcopress.com\/wp-content\/uploads\/2025\/10\/DIA-DE-MUERTOS4-150x150.jpg 150w, https:\/\/www.acapulcopress.com\/wp-content\/uploads\/2025\/10\/DIA-DE-MUERTOS4-70x70.jpg 70w\" sizes=\"auto, (max-width: 360px) 100vw, 360px\" \/><\/a>inscripci\u00f3n es v\u00eda celular al 7442841330.<\/p>\n<p>Mencion\u00f3 que las familias que quieran honrar a sus seres queridos que ya partieron a mejor vida, pueden visitar el parque y en el contorno del Gale\u00f3n San Pedro podr\u00e1n colocar una veladora tipo vaso limonero y una foto de su ser querido.<\/p>\n<p>As\u00ed tambi\u00e9n, est\u00e1 programado que el viernes, s\u00e1bado y domingo, los primeros 50 ni\u00f1os y ni\u00f1as que lleguen disfrazados por el acceso de Costera frente al asta bandera, se les obsequiar\u00e1 un paseo en el trenecito por el interior del Parque.<\/p>\n<p>Otro atractivo se tendr\u00e1 en el Gale\u00f3n San Pedro, donde se colocar\u00e1 una catrina monumental de m\u00e1s de 10 metros de altura.<\/p>\n<p>El director del Parque Papagayo dijo que para todas aquellas personas que les guste la aventura, podr\u00e1n disfrutar de manera gratuita el barco del terror, atracci\u00f3n en la que participar\u00e1n los trabajadores del equipo operativo y administrativo con diferentes disfraces, como parte de la diversi\u00f3n en el espacio social de las familias acapulque\u00f1as.<\/p>\n<p><a href=\"https:\/\/www.acapulcopress.com\/wp-content\/uploads\/2025\/10\/DIA-DE-MUERTOS5.jpg\"><img loading=\"lazy\" decoding=\"async\" class=\"alignnone wp-image-1261077 size-full\" src=\"https:\/\/www.acapulcopress.com\/wp-content\/uploads\/2025\/10\/DIA-DE-MUERTOS5.jpg\" alt=\"\" width=\"1600\" height=\"1200\" srcset=\"https:\/\/www.acapulcopress.com\/wp-content\/uploads\/2025\/10\/DIA-DE-MUERTOS5.jpg 1600w, https:\/\/www.acapulcopress.com\/wp-content\/uploads\/2025\/10\/DIA-DE-MUERTOS5-300x225.jpg 300w, https:\/\/www.acapulcopress.com\/wp-content\/uploads\/2025\/10\/DIA-DE-MUERTOS5-1024x768.jpg 1024w, https:\/\/www.acapulcopress.com\/wp-content\/uploads\/2025\/10\/DIA-DE-MUERTOS5-768x576.jpg 768w, https:\/\/www.acapulcopress.com\/wp-content\/uploads\/2025\/10\/DIA-DE-MUERTOS5-1536x1152.jpg 1536w, https:\/\/www.acapulcopress.com\/wp-content\/uploads\/2025\/10\/DIA-DE-MUERTOS5-580x435.jpg 580w, https:\/\/www.acapulcopress.com\/wp-content\/uploads\/2025\/10\/DIA-DE-MUERTOS5-860x645.jpg 860w, https:\/\/www.acapulcopress.com\/wp-content\/uploads\/2025\/10\/DIA-DE-MUERTOS5-1160x870.jpg 1160w, https:\/\/www.acapulcopress.com\/wp-content\/uploads\/2025\/10\/DIA-DE-MUERTOS5-1320x990.jpg 1320w\" sizes=\"auto, (max-width: 1600px) 100vw, 1600px\" \/><\/a> <a href=\"https:\/\/www.acapulcopress.com\/wp-content\/uploads\/2025\/10\/DIA-DE-MUERTOS3.jpg\"><img loading=\"lazy\" decoding=\"async\" class=\"alignnone wp-image-1261075 size-full\" src=\"https:\/\/www.acapulcopress.com\/wp-content\/uploads\/2025\/10\/DIA-DE-MUERTOS3.jpg\" alt=\"\" width=\"1600\" height=\"1200\" srcset=\"https:\/\/www.acapulcopress.com\/wp-content\/uploads\/2025\/10\/DIA-DE-MUERTOS3.jpg 1600w, https:\/\/www.acapulcopress.com\/wp-content\/uploads\/2025\/10\/DIA-DE-MUERTOS3-300x225.jpg 300w, https:\/\/www.acapulcopress.com\/wp-content\/uploads\/2025\/10\/DIA-DE-MUERTOS3-1024x768.jpg 1024w, https:\/\/www.acapulcopress.com\/wp-content\/uploads\/2025\/10\/DIA-DE-MUERTOS3-768x576.jpg 768w, https:\/\/www.acapulcopress.com\/wp-content\/uploads\/2025\/10\/DIA-DE-MUERTOS3-1536x1152.jpg 1536w, https:\/\/www.acapulcopress.com\/wp-content\/uploads\/2025\/10\/DIA-DE-MUERTOS3-580x435.jpg 580w, https:\/\/www.acapulcopress.com\/wp-content\/uploads\/2025\/10\/DIA-DE-MUERTOS3-860x645.jpg 860w, https:\/\/www.acapulcopress.com\/wp-content\/uploads\/2025\/10\/DIA-DE-MUERTOS3-1160x870.jpg 1160w, https:\/\/www.acapulcopress.com\/wp-content\/uploads\/2025\/10\/DIA-DE-MUERTOS3-1320x990.jpg 1320w\" sizes=\"auto, (max-width: 1600px) 100vw, 1600px\" \/><\/a> <a href=\"https:\/\/www.acapulcopress.com\/wp-content\/uploads\/2025\/10\/DIA-DE-MUERTOS2.jpg\"><img loading=\"lazy\" decoding=\"async\" class=\"alignnone wp-image-1261074 size-full\" src=\"https:\/\/www.acapulcopress.com\/wp-content\/uploads\/2025\/10\/DIA-DE-MUERTOS2.jpg\" alt=\"\" width=\"1200\" height=\"1600\" srcset=\"https:\/\/www.acapulcopress.com\/wp-content\/uploads\/2025\/10\/DIA-DE-MUERTOS2.jpg 1200w, https:\/\/www.acapulcopress.com\/wp-content\/uploads\/2025\/10\/DIA-DE-MUERTOS2-300x400.jpg 300w, https:\/\/www.acapulcopress.com\/wp-content\/uploads\/2025\/10\/DIA-DE-MUERTOS2-768x1024.jpg 768w, https:\/\/www.acapulcopress.com\/wp-content\/uploads\/2025\/10\/DIA-DE-MUERTOS2-1152x1536.jpg 1152w, https:\/\/www.acapulcopress.com\/wp-content\/uploads\/2025\/10\/DIA-DE-MUERTOS2-580x773.jpg 580w, https:\/\/www.acapulcopress.com\/wp-content\/uploads\/2025\/10\/DIA-DE-MUERTOS2-860x1147.jpg 860w, https:\/\/www.acapulcopress.com\/wp-content\/uploads\/2025\/10\/DIA-DE-MUERTOS2-1160x1547.jpg 1160w\" sizes=\"auto, (max-width: 1200px) 100vw, 1200px\" \/><\/a> <a href=\"https:\/\/www.acapulcopress.com\/wp-content\/uploads\/2025\/10\/DIA-DE-MUERTOS.jpg\"><img loading=\"lazy\" decoding=\"async\" class=\"alignnone wp-image-1261073 size-full\" src=\"https:\/\/www.acapulcopress.com\/wp-content\/uploads\/2025\/10\/DIA-DE-MUERTOS.jpg\" alt=\"\" width=\"1200\" height=\"1600\" srcset=\"https:\/\/www.acapulcopress.com\/wp-content\/uploads\/2025\/10\/DIA-DE-MUERTOS.jpg 1200w, https:\/\/www.acapulcopress.com\/wp-content\/uploads\/2025\/10\/DIA-DE-MUERTOS-300x400.jpg 300w, https:\/\/www.acapulcopress.com\/wp-content\/uploads\/2025\/10\/DIA-DE-MUERTOS-768x1024.jpg 768w, https:\/\/www.acapulcopress.com\/wp-content\/uploads\/2025\/10\/DIA-DE-MUERTOS-1152x1536.jpg 1152w, https:\/\/www.acapulcopress.com\/wp-content\/uploads\/2025\/10\/DIA-DE-MUERTOS-580x773.jpg 580w, https:\/\/www.acapulcopress.com\/wp-content\/uploads\/2025\/10\/DIA-DE-MUERTOS-860x1147.jpg 860w, https:\/\/www.acapulcopress.com\/wp-content\/uploads\/2025\/10\/DIA-DE-MUERTOS-1160x1547.jpg 1160w\" sizes=\"auto, (max-width: 1200px) 100vw, 1200px\" \/><\/a> <a href=\"https:\/\/www.acapulcopress.com\/wp-content\/uploads\/2025\/10\/DIA-DE-MUERTOS11.jpg\"><img loading=\"lazy\" decoding=\"async\" class=\"alignnone wp-image-1261083 size-full\" src=\"https:\/\/www.acapulcopress.com\/wp-content\/uploads\/2025\/10\/DIA-DE-MUERTOS11.jpg\" alt=\"\" width=\"1080\" height=\"1080\" srcset=\"https:\/\/www.acapulcopress.com\/wp-content\/uploads\/2025\/10\/DIA-DE-MUERTOS11.jpg 1080w, https:\/\/www.acapulcopress.com\/wp-content\/uploads\/2025\/10\/DIA-DE-MUERTOS11-300x300.jpg 300w, https:\/\/www.acapulcopress.com\/wp-content\/uploads\/2025\/10\/DIA-DE-MUERTOS11-1024x1024.jpg 1024w, https:\/\/www.acapulcopress.com\/wp-content\/uploads\/2025\/10\/DIA-DE-MUERTOS11-150x150.jpg 150w, https:\/\/www.acapulcopress.com\/wp-content\/uploads\/2025\/10\/DIA-DE-MUERTOS11-768x768.jpg 768w, https:\/\/www.acapulcopress.com\/wp-content\/uploads\/2025\/10\/DIA-DE-MUERTOS11-70x70.jpg 70w, https:\/\/www.acapulcopress.com\/wp-content\/uploads\/2025\/10\/DIA-DE-MUERTOS11-360x360.jpg 360w, https:\/\/www.acapulcopress.com\/wp-content\/uploads\/2025\/10\/DIA-DE-MUERTOS11-580x580.jpg 580w, https:\/\/www.acapulcopress.com\/wp-content\/uploads\/2025\/10\/DIA-DE-MUERTOS11-860x860.jpg 860w\" sizes=\"auto, (max-width: 1080px) 100vw, 1080px\" \/><\/a> <a href=\"https:\/\/www.acapulcopress.com\/wp-content\/uploads\/2025\/10\/DIA-DE-MUERTOS10.jpg\"><img loading=\"lazy\" decoding=\"async\" class=\"alignnone wp-image-1261082 size-full\" src=\"https:\/\/www.acapulcopress.com\/wp-content\/uploads\/2025\/10\/DIA-DE-MUERTOS10.jpg\" alt=\"\" width=\"1080\" height=\"1350\" srcset=\"https:\/\/www.acapulcopress.com\/wp-content\/uploads\/2025\/10\/DIA-DE-MUERTOS10.jpg 1080w, https:\/\/www.acapulcopress.com\/wp-content\/uploads\/2025\/10\/DIA-DE-MUERTOS10-300x375.jpg 300w, https:\/\/www.acapulcopress.com\/wp-content\/uploads\/2025\/10\/DIA-DE-MUERTOS10-819x1024.jpg 819w, https:\/\/www.acapulcopress.com\/wp-content\/uploads\/2025\/10\/DIA-DE-MUERTOS10-768x960.jpg 768w, https:\/\/www.acapulcopress.com\/wp-content\/uploads\/2025\/10\/DIA-DE-MUERTOS10-580x725.jpg 580w, https:\/\/www.acapulcopress.com\/wp-content\/uploads\/2025\/10\/DIA-DE-MUERTOS10-860x1075.jpg 860w\" sizes=\"auto, (max-width: 1080px) 100vw, 1080px\" \/><\/a> <a href=\"https:\/\/www.acapulcopress.com\/wp-content\/uploads\/2025\/10\/DIA-DE-MUERTOS9.jpg\"><img loading=\"lazy\" decoding=\"async\" class=\"alignnone wp-image-1261081 size-full\" src=\"https:\/\/www.acapulcopress.com\/wp-content\/uploads\/2025\/10\/DIA-DE-MUERTOS9.jpg\" alt=\"\" width=\"1200\" height=\"1599\" srcset=\"https:\/\/www.acapulcopress.com\/wp-content\/uploads\/2025\/10\/DIA-DE-MUERTOS9.jpg 1200w, https:\/\/www.acapulcopress.com\/wp-content\/uploads\/2025\/10\/DIA-DE-MUERTOS9-300x400.jpg 300w, https:\/\/www.acapulcopress.com\/wp-content\/uploads\/2025\/10\/DIA-DE-MUERTOS9-768x1023.jpg 768w, https:\/\/www.acapulcopress.com\/wp-content\/uploads\/2025\/10\/DIA-DE-MUERTOS9-1153x1536.jpg 1153w, https:\/\/www.acapulcopress.com\/wp-content\/uploads\/2025\/10\/DIA-DE-MUERTOS9-580x773.jpg 580w, https:\/\/www.acapulcopress.com\/wp-content\/uploads\/2025\/10\/DIA-DE-MUERTOS9-860x1146.jpg 860w, https:\/\/www.acapulcopress.com\/wp-content\/uploads\/2025\/10\/DIA-DE-MUERTOS9-1160x1546.jpg 1160w\" sizes=\"auto, (max-width: 1200px) 100vw, 1200px\" \/><\/a> <a href=\"https:\/\/www.acapulcopress.com\/wp-content\/uploads\/2025\/10\/DIA-DE-MUERTOS8.jpg\"><img loading=\"lazy\" decoding=\"async\" class=\"alignnone wp-image-1261080 size-full\" src=\"https:\/\/www.acapulcopress.com\/wp-content\/uploads\/2025\/10\/DIA-DE-MUERTOS8.jpg\" alt=\"\" width=\"1236\" height=\"1600\" srcset=\"https:\/\/www.acapulcopress.com\/wp-content\/uploads\/2025\/10\/DIA-DE-MUERTOS8.jpg 1236w, https:\/\/www.acapulcopress.com\/wp-content\/uploads\/2025\/10\/DIA-DE-MUERTOS8-300x388.jpg 300w, https:\/\/www.acapulcopress.com\/wp-content\/uploads\/2025\/10\/DIA-DE-MUERTOS8-791x1024.jpg 791w, https:\/\/www.acapulcopress.com\/wp-content\/uploads\/2025\/10\/DIA-DE-MUERTOS8-768x994.jpg 768w, https:\/\/www.acapulcopress.com\/wp-content\/uploads\/2025\/10\/DIA-DE-MUERTOS8-1187x1536.jpg 1187w, https:\/\/www.acapulcopress.com\/wp-content\/uploads\/2025\/10\/DIA-DE-MUERTOS8-580x751.jpg 580w, https:\/\/www.acapulcopress.com\/wp-content\/uploads\/2025\/10\/DIA-DE-MUERTOS8-860x1113.jpg 860w, https:\/\/www.acapulcopress.com\/wp-content\/uploads\/2025\/10\/DIA-DE-MUERTOS8-1160x1502.jpg 1160w\" sizes=\"auto, (max-width: 1236px) 100vw, 1236px\" \/><\/a> <a href=\"https:\/\/www.acapulcopress.com\/wp-content\/uploads\/2025\/10\/DIA-DE-MUERTOS7.jpg\"><img loading=\"lazy\" decoding=\"async\" class=\"alignnone wp-image-1261079 size-full\" src=\"https:\/\/www.acapulcopress.com\/wp-content\/uploads\/2025\/10\/DIA-DE-MUERTOS7.jpg\" alt=\"\" width=\"1274\" height=\"1600\" srcset=\"https:\/\/www.acapulcopress.com\/wp-content\/uploads\/2025\/10\/DIA-DE-MUERTOS7.jpg 1274w, https:\/\/www.acapulcopress.com\/wp-content\/uploads\/2025\/10\/DIA-DE-MUERTOS7-300x377.jpg 300w, https:\/\/www.acapulcopress.com\/wp-content\/uploads\/2025\/10\/DIA-DE-MUERTOS7-815x1024.jpg 815w, https:\/\/www.acapulcopress.com\/wp-content\/uploads\/2025\/10\/DIA-DE-MUERTOS7-768x965.jpg 768w, https:\/\/www.acapulcopress.com\/wp-content\/uploads\/2025\/10\/DIA-DE-MUERTOS7-1223x1536.jpg 1223w, https:\/\/www.acapulcopress.com\/wp-content\/uploads\/2025\/10\/DIA-DE-MUERTOS7-580x728.jpg 580w, https:\/\/www.acapulcopress.com\/wp-content\/uploads\/2025\/10\/DIA-DE-MUERTOS7-860x1080.jpg 860w, https:\/\/www.acapulcopress.com\/wp-content\/uploads\/2025\/10\/DIA-DE-MUERTOS7-1160x1457.jpg 1160w\" sizes=\"auto, (max-width: 1274px) 100vw, 1274px\" \/><\/a><br \/>\n<em>) <a href=\"http:\/\/fb.me\/steparious\" target=\"_blank\" rel=\"noopener\">fb.me\/steparious<\/a> ) <a href=\"http:\/\/fb.me\/acapulcopress\" target=\"_blank\" rel=\"noopener\">fb.me\/acapulcopress<\/a><\/em><\/p>\n","protected":false},"excerpt":{"rendered":"<p>La gran celebraci\u00f3n de D\u00eda de Muertos se realizar\u00e1 en el Parque Papagayo, este viernes 31 de octubre, s\u00e1bado 1 y domingo 2 de noviembre, con un programa cultural, as\u00ed como concursos de ofrendas<\/p>\n","protected":false},"author":1,"featured_media":1261084,"comment_status":"closed","ping_status":"open","sticky":false,"template":"","format":"standard","meta":{"footnotes":""},"categories":[2058,1988],"tags":[3153,7186,8251,14260],"class_list":["post-1261072","post","type-post","status-publish","format-standard","has-post-thumbnail","hentry","category-festivales-y-tradiciones","category-lifestyles","tag-acapulco","tag-dia-de-muertos","tag-evelyn-salgado-pineda","tag-parque-papagayo"],"_links":{"self":[{"href":"https:\/\/www.acapulcopress.com\/index.php\/wp-json\/wp\/v2\/posts\/1261072","targetHints":{"allow":["GET"]}}],"collection":[{"href":"https:\/\/www.acapulcopress.com\/index.php\/wp-json\/wp\/v2\/posts"}],"about":[{"href":"https:\/\/www.acapulcopress.com\/index.php\/wp-json\/wp\/v2\/types\/post"}],"author":[{"embeddable":true,"href":"https:\/\/www.acapulcopress.com\/index.php\/wp-json\/wp\/v2\/users\/1"}],"replies":[{"embeddable":true,"href":"https:\/\/www.acapulcopress.com\/index.php\/wp-json\/wp\/v2\/comments?post=1261072"}],"version-history":[{"count":4,"href":"https:\/\/www.acapulcopress.com\/index.php\/wp-json\/wp\/v2\/posts\/1261072\/revisions"}],"predecessor-version":[{"id":1261089,"href":"https:\/\/www.acapulcopress.com\/index.php\/wp-json\/wp\/v2\/posts\/1261072\/revisions\/1261089"}],"wp:featuredmedia":[{"embeddable":true,"href":"https:\/\/www.acapulcopress.com\/index.php\/wp-json\/wp\/v2\/media\/1261084"}],"wp:attachment":[{"href":"https:\/\/www.acapulcopress.com\/index.php\/wp-json\/wp\/v2\/media?parent=1261072"}],"wp:term":[{"taxonomy":"category","embeddable":true,"href":"https:\/\/www.acapulcopress.com\/index.php\/wp-json\/wp\/v2\/categories?post=1261072"},{"taxonomy":"post_tag","embeddable":true,"href":"https:\/\/www.acapulcopress.com\/index.php\/wp-json\/wp\/v2\/tags?post=1261072"}],"curies":[{"name":"wp","href":"https:\/\/api.w.org\/{rel}","templated":true}]}}