{"id":1261093,"date":"2025-10-30T16:47:42","date_gmt":"2025-10-30T22:47:42","guid":{"rendered":"https:\/\/www.acapulcopress.com\/?p=1261093"},"modified":"2025-10-30T16:56:57","modified_gmt":"2025-10-30T22:56:57","slug":"guerrero-octavo-lugar-en-crecimiento-economico-nacional","status":"publish","type":"post","link":"https:\/\/www.acapulcopress.com\/index.php\/2025\/10\/30\/guerrero-octavo-lugar-en-crecimiento-economico-nacional\/","title":{"rendered":"Guerrero, octavo lugar en crecimiento econ\u00f3mico nacional"},"content":{"rendered":"<p>CHILPANCINGO * 30 de octubre 2025<br \/>\n<em>) INEGI<\/em><br \/>\nDe acuerdo con el<em> Indicador Trimestral de la Actividad Econ\u00f3mica Estatal (ITAEE)<\/em> del \u00a0<em>Instituto Nacional de Estad\u00edstica y Geograf\u00eda (INEGI)<\/em>, durante el segundo trimestre de 2025 y con cifras ajustadas por estacionalidad, Guerrero se coloca en octavo lugar a nivel nacional con un crecimiento del 2.0 por ciento en su actividad econ\u00f3mica, coloc\u00e1ndose a la par de la Ciudad de M\u00e9xico.<\/p>\n<p>Este avance refleja los efectos positivos de la pol\u00edtica econ\u00f3mica impulsada por la gobernadora <strong>Evelyn Salgado Pineda<\/strong>, enfocada en reactivar los sectores productivos, promover la inversi\u00f3n inmobiliaria, fortalecer la actividad minera y dinamizar la econom\u00eda local, con el respaldo de la presidenta Claudia Sheinbaum Pardo, a pesar de los da\u00f1os ocasionados por los huracanes <em>Otis<\/em> y <em>John<\/em>.<\/p>\n<p>Mientras tanto, otros estados del pa\u00eds enfrentaron retrocesos en el mismo periodo. Las mayores ca\u00eddas en la actividad econ\u00f3mica se registraron en Nayarit (-3.8%), Sinaloa (-2.8%) y Oaxaca (-2.3%), lo que contrasta con el desempe\u00f1o positivo de Guerrero.<\/p>\n<p>El crecimiento sostenido confirma que Guerrero avanza con estabilidad, crecimiento y recuperaci\u00f3n con actividades que impulsan el desarrollo y fomento econ\u00f3mico de la entidad.<\/p>\n<p><em>) <a href=\"http:\/\/fb.me\/steparious\" target=\"_blank\" rel=\"noopener\">fb.me\/steparious<\/a> ) <a href=\"http:\/\/fb.me\/acapulcopress\" target=\"_blank\" rel=\"noopener\">fb.me\/acapulcopress<\/a><\/em><\/p>\n","protected":false},"excerpt":{"rendered":"<p>De acuerdo con el Indicador Trimestral de la Actividad Econ\u00f3mica Estatal del \u00a0Instituto Nacional de Estad\u00edstica y Geograf\u00eda<\/p>\n","protected":false},"author":1,"featured_media":1261094,"comment_status":"closed","ping_status":"open","sticky":false,"template":"","format":"standard","meta":{"footnotes":""},"categories":[1969],"tags":[8251,18873,10309],"class_list":["post-1261093","post","type-post","status-publish","format-standard","has-post-thumbnail","hentry","category-trending","tag-evelyn-salgado-pineda","tag-indicador-trimestral-de-la-actividad-economica-estatal-itaee","tag-instituto-nacional-de-estadistica-y-geografia-inegi"],"_links":{"self":[{"href":"https:\/\/www.acapulcopress.com\/index.php\/wp-json\/wp\/v2\/posts\/1261093","targetHints":{"allow":["GET"]}}],"collection":[{"href":"https:\/\/www.acapulcopress.com\/index.php\/wp-json\/wp\/v2\/posts"}],"about":[{"href":"https:\/\/www.acapulcopress.com\/index.php\/wp-json\/wp\/v2\/types\/post"}],"author":[{"embeddable":true,"href":"https:\/\/www.acapulcopress.com\/index.php\/wp-json\/wp\/v2\/users\/1"}],"replies":[{"embeddable":true,"href":"https:\/\/www.acapulcopress.com\/index.php\/wp-json\/wp\/v2\/comments?post=1261093"}],"version-history":[{"count":4,"href":"https:\/\/www.acapulcopress.com\/index.php\/wp-json\/wp\/v2\/posts\/1261093\/revisions"}],"predecessor-version":[{"id":1261098,"href":"https:\/\/www.acapulcopress.com\/index.php\/wp-json\/wp\/v2\/posts\/1261093\/revisions\/1261098"}],"wp:featuredmedia":[{"embeddable":true,"href":"https:\/\/www.acapulcopress.com\/index.php\/wp-json\/wp\/v2\/media\/1261094"}],"wp:attachment":[{"href":"https:\/\/www.acapulcopress.com\/index.php\/wp-json\/wp\/v2\/media?parent=1261093"}],"wp:term":[{"taxonomy":"category","embeddable":true,"href":"https:\/\/www.acapulcopress.com\/index.php\/wp-json\/wp\/v2\/categories?post=1261093"},{"taxonomy":"post_tag","embeddable":true,"href":"https:\/\/www.acapulcopress.com\/index.php\/wp-json\/wp\/v2\/tags?post=1261093"}],"curies":[{"name":"wp","href":"https:\/\/api.w.org\/{rel}","templated":true}]}}