{"id":1261099,"date":"2025-10-30T17:11:12","date_gmt":"2025-10-30T23:11:12","guid":{"rendered":"https:\/\/www.acapulcopress.com\/?p=1261099"},"modified":"2025-10-30T17:13:03","modified_gmt":"2025-10-30T23:13:03","slug":"por-mar-de-fondo-redoblan-vigilancia-en-playas-de-acapulco","status":"publish","type":"post","link":"https:\/\/www.acapulcopress.com\/index.php\/2025\/10\/30\/por-mar-de-fondo-redoblan-vigilancia-en-playas-de-acapulco\/","title":{"rendered":"Por mar de fondo redoblan vigilancia en playas de Acapulco"},"content":{"rendered":"<p>CHILPANCINGO * 30 de octubre 2025<br \/>\n<em>) Promotora de Playas Acapulco<br \/>\n<\/em> <a href=\"https:\/\/www.acapulcopress.com\/wp-content\/uploads\/2025\/10\/PROMOTORA-DE-PLAYAS-ACAPULCO-3.jpg\"><img loading=\"lazy\" decoding=\"async\" class=\"alignleft wp-image-1261103 size-cmsmasters-square-thumb\" src=\"https:\/\/www.acapulcopress.com\/wp-content\/uploads\/2025\/10\/PROMOTORA-DE-PLAYAS-ACAPULCO-3-360x360.jpg\" alt=\"\" width=\"360\" height=\"360\" srcset=\"https:\/\/www.acapulcopress.com\/wp-content\/uploads\/2025\/10\/PROMOTORA-DE-PLAYAS-ACAPULCO-3-360x360.jpg 360w, https:\/\/www.acapulcopress.com\/wp-content\/uploads\/2025\/10\/PROMOTORA-DE-PLAYAS-ACAPULCO-3-150x150.jpg 150w, https:\/\/www.acapulcopress.com\/wp-content\/uploads\/2025\/10\/PROMOTORA-DE-PLAYAS-ACAPULCO-3-70x70.jpg 70w\" sizes=\"auto, (max-width: 360px) 100vw, 360px\" \/><\/a>La <em>Promotora de Playas Acapulco<\/em> inform\u00f3 que debido al fuerte oleaje generado por el fen\u00f3meno de mar de fondo, este jueves se reforzaron las labores de vigilancia y prevenci\u00f3n en las diferentes playas de la bah\u00eda.<\/p>\n<p>Desde las primeras horas del d\u00eda, el personal guardavidas se mantiene en constante monitoreo para salvaguardar la integridad de ba\u00f1istas, tanto locales como turistas.<\/p>\n<p>Las playas donde se intensificaron los recorridos son: Caleta, Caletilla, Dominguillo, Bocana, Tamarindos, Bocanita, Hornos, Papagayo, Bersanes, Cristal, Maralisa, Morro, Playa Suite, Continental y Marbella.<\/p>\n<p>La dependencia exhort\u00f3 a la poblaci\u00f3n y visitantes a acatar las recomendaciones del personal salvavidas, evitar ingresar al mar si no saben nadar o si han consumido alimentos o bebidas alcoh\u00f3licas, y mantener bajo supervisi\u00f3n constante a ni\u00f1as, ni\u00f1os y personas mayores.<br \/>\n<em>)<a href=\"http:\/\/fb.me\/steparious\" target=\"_blank\" rel=\"noopener\"> fb.me\/steparious\u00a0<\/a> ) <a href=\"http:\/\/fb.me\/acapulcopress\" target=\"_blank\" rel=\"noopener\">fb.me\/acapulcopress<\/a><\/em><\/p>\n","protected":false},"excerpt":{"rendered":"<p>a Promotora de Playas Acapulco inform\u00f3 que debido al fuerte oleaje generado por el fen\u00f3meno de mar de fondo, este jueves se reforzaron<\/p>\n","protected":false},"author":1,"featured_media":1261101,"comment_status":"closed","ping_status":"open","sticky":false,"template":"","format":"standard","meta":{"footnotes":""},"categories":[2005],"tags":[15076,18874],"class_list":["post-1261099","post","type-post","status-publish","format-standard","has-post-thumbnail","hentry","category-seguridad-y-justicia","tag-promotora-de-playas-acapulco","tag-promotora-de-playas-de-guerrero"],"_links":{"self":[{"href":"https:\/\/www.acapulcopress.com\/index.php\/wp-json\/wp\/v2\/posts\/1261099","targetHints":{"allow":["GET"]}}],"collection":[{"href":"https:\/\/www.acapulcopress.com\/index.php\/wp-json\/wp\/v2\/posts"}],"about":[{"href":"https:\/\/www.acapulcopress.com\/index.php\/wp-json\/wp\/v2\/types\/post"}],"author":[{"embeddable":true,"href":"https:\/\/www.acapulcopress.com\/index.php\/wp-json\/wp\/v2\/users\/1"}],"replies":[{"embeddable":true,"href":"https:\/\/www.acapulcopress.com\/index.php\/wp-json\/wp\/v2\/comments?post=1261099"}],"version-history":[{"count":3,"href":"https:\/\/www.acapulcopress.com\/index.php\/wp-json\/wp\/v2\/posts\/1261099\/revisions"}],"predecessor-version":[{"id":1261105,"href":"https:\/\/www.acapulcopress.com\/index.php\/wp-json\/wp\/v2\/posts\/1261099\/revisions\/1261105"}],"wp:featuredmedia":[{"embeddable":true,"href":"https:\/\/www.acapulcopress.com\/index.php\/wp-json\/wp\/v2\/media\/1261101"}],"wp:attachment":[{"href":"https:\/\/www.acapulcopress.com\/index.php\/wp-json\/wp\/v2\/media?parent=1261099"}],"wp:term":[{"taxonomy":"category","embeddable":true,"href":"https:\/\/www.acapulcopress.com\/index.php\/wp-json\/wp\/v2\/categories?post=1261099"},{"taxonomy":"post_tag","embeddable":true,"href":"https:\/\/www.acapulcopress.com\/index.php\/wp-json\/wp\/v2\/tags?post=1261099"}],"curies":[{"name":"wp","href":"https:\/\/api.w.org\/{rel}","templated":true}]}}