{"id":1261107,"date":"2025-10-30T20:45:18","date_gmt":"2025-10-31T02:45:18","guid":{"rendered":"https:\/\/www.acapulcopress.com\/?p=1261107"},"modified":"2025-10-30T20:51:51","modified_gmt":"2025-10-31T02:51:51","slug":"la-catrina-domina-el-cielo-de-acapulco","status":"publish","type":"post","link":"https:\/\/www.acapulcopress.com\/index.php\/2025\/10\/30\/la-catrina-domina-el-cielo-de-acapulco\/","title":{"rendered":"La Catrina &#8216;domina&#8217; el cielo de Acapulco"},"content":{"rendered":"<p>ACAPULCO * 30 de octubre 2025<br \/>\n<em>) Gobierno de Guerrero<\/em><br \/>\nDesde las alturas del <em>Gale\u00f3n San Pedro<\/em> del <em>Parque Papagayo<\/em>, la majestuosa <em>Catrina<\/em> est\u00e1 casi lista para la <em>Gran Fiesta de D\u00eda de Muertos<\/em>.<\/p>\n<p>Cada detalle ha sido cuidadosamente colocado, \u00a1y (este viernes) estar\u00e1 completa para recibirte!<\/p>\n<p>Prep\u00e1rate para vivir una experiencia inolvidable con nuestro programa cultural, que reunir\u00e1 el talento de diversos artistas locales.<\/p>\n<p>Marca tu calendario y celebra con nosotros:<\/p>\n<p>* <strong>Viernes 31 de octubre, 1 y 2 de noviembre.\u00a0<\/strong><\/p>\n<p>\u00a1Te esperamos para honrar nuestras tradiciones con alegr\u00eda y color!<\/p>\n<p>* <strong>Gale\u00f3n San Pedro del Parque Papagayo.<\/strong><\/p>\n<p><em>#D\u00edaDeMuertos #Catrina #Gale\u00f3nSanPedro #Tradici\u00f3nMexicana #Cultura #FiestaDeMuertos #ArteMexicano<\/em><\/p>\n<p><em>) <a href=\"http:\/\/fb.me\/steparious\" target=\"_blank\" rel=\"noopener\">fb.me\/steparious<\/a> ) <a href=\"http:\/\/fb.me\/acapulcopress\" target=\"_blank\" rel=\"noopener\">fb.me\/acapulcopress<\/a><\/em><\/p>\n","protected":false},"excerpt":{"rendered":"<p>Desde las alturas del Gale\u00f3n San Pedro del Parque Papagayo, la majestuosa Catrina est\u00e1 casi lista para la Gran Fiesta de D\u00eda de Muertos.<\/p>\n","protected":false},"author":1,"featured_media":1261108,"comment_status":"closed","ping_status":"open","sticky":false,"template":"","format":"standard","meta":{"footnotes":""},"categories":[1988],"tags":[18875,18876,14260],"class_list":["post-1261107","post","type-post","status-publish","format-standard","has-post-thumbnail","hentry","category-lifestyles","tag-galeon-san-pedro","tag-gran-fiesta-de-dia-de-muertos","tag-parque-papagayo"],"_links":{"self":[{"href":"https:\/\/www.acapulcopress.com\/index.php\/wp-json\/wp\/v2\/posts\/1261107","targetHints":{"allow":["GET"]}}],"collection":[{"href":"https:\/\/www.acapulcopress.com\/index.php\/wp-json\/wp\/v2\/posts"}],"about":[{"href":"https:\/\/www.acapulcopress.com\/index.php\/wp-json\/wp\/v2\/types\/post"}],"author":[{"embeddable":true,"href":"https:\/\/www.acapulcopress.com\/index.php\/wp-json\/wp\/v2\/users\/1"}],"replies":[{"embeddable":true,"href":"https:\/\/www.acapulcopress.com\/index.php\/wp-json\/wp\/v2\/comments?post=1261107"}],"version-history":[{"count":3,"href":"https:\/\/www.acapulcopress.com\/index.php\/wp-json\/wp\/v2\/posts\/1261107\/revisions"}],"predecessor-version":[{"id":1261111,"href":"https:\/\/www.acapulcopress.com\/index.php\/wp-json\/wp\/v2\/posts\/1261107\/revisions\/1261111"}],"wp:featuredmedia":[{"embeddable":true,"href":"https:\/\/www.acapulcopress.com\/index.php\/wp-json\/wp\/v2\/media\/1261108"}],"wp:attachment":[{"href":"https:\/\/www.acapulcopress.com\/index.php\/wp-json\/wp\/v2\/media?parent=1261107"}],"wp:term":[{"taxonomy":"category","embeddable":true,"href":"https:\/\/www.acapulcopress.com\/index.php\/wp-json\/wp\/v2\/categories?post=1261107"},{"taxonomy":"post_tag","embeddable":true,"href":"https:\/\/www.acapulcopress.com\/index.php\/wp-json\/wp\/v2\/tags?post=1261107"}],"curies":[{"name":"wp","href":"https:\/\/api.w.org\/{rel}","templated":true}]}}