{"id":1261112,"date":"2025-10-30T22:05:04","date_gmt":"2025-10-31T04:05:04","guid":{"rendered":"https:\/\/www.acapulcopress.com\/?p=1261112"},"modified":"2025-10-30T22:26:26","modified_gmt":"2025-10-31T04:26:26","slug":"calaveras-satiricas-2025","status":"publish","type":"post","link":"https:\/\/www.acapulcopress.com\/index.php\/2025\/10\/30\/calaveras-satiricas-2025\/","title":{"rendered":"CALAVERAS SAT\u00cdRICAS 2025"},"content":{"rendered":"<p>Marem\u00e1gnum<br \/>\n\u00bb<a href=\"https:\/\/www.facebook.com\/ricardocastill01\" target=\"_blank\" rel=\"noopener\"> <strong>RICARDO<\/strong> | <strong>CASTILLO BARRIENTOS<\/strong><\/a><\/p>\n<p><strong>CLAUDIA SHEINBAUM PARDO<\/strong><br \/>\n)\u00a0 Presidenta de M\u00e9xico<\/p>\n<p><em><a href=\"https:\/\/www.acapulcopress.com\/wp-content\/uploads\/2025\/10\/SHEINBAUM.jpg\"><img loading=\"lazy\" decoding=\"async\" class=\"alignleft size-thumbnail wp-image-1261134\" src=\"https:\/\/www.acapulcopress.com\/wp-content\/uploads\/2025\/10\/SHEINBAUM-150x150.jpg\" alt=\"\" width=\"150\" height=\"150\" srcset=\"https:\/\/www.acapulcopress.com\/wp-content\/uploads\/2025\/10\/SHEINBAUM-150x150.jpg 150w, https:\/\/www.acapulcopress.com\/wp-content\/uploads\/2025\/10\/SHEINBAUM-70x70.jpg 70w, https:\/\/www.acapulcopress.com\/wp-content\/uploads\/2025\/10\/SHEINBAUM.jpg 225w\" sizes=\"auto, (max-width: 150px) 100vw, 150px\" \/><\/a>Con primer piso incompleto,<\/em><\/p>\n<p><em>comenz\u00f3 a construir el segundo,<\/em><\/p>\n<p><em>m\u00e1s nunca se imaginar\u00eda,<\/em><\/p>\n<p><em>que la parca la acechaba.<\/em><\/p>\n<p><em>Tarea colosal le encarg\u00f3 AMLO,<\/em><\/p>\n<p><em>en las urnas el pueblo ratific\u00f3<\/em><\/p>\n<p><em>con votaci\u00f3n hist\u00f3rica alta,<\/em><\/p>\n<p><em>que ning\u00fan presidente alcanz\u00f3.<\/em><\/p>\n<p><em><br \/>\nInseguridad, pobreza y desatinos<\/em><\/p>\n<p><em>persisten a escala mayor,<\/em><\/p>\n<p><em>son el pan de cada d\u00eda.<\/em><\/p>\n<p><em>porque nadie le ayud\u00f3.<\/em><\/p>\n<p><em><br \/>\nDe nada le sirvi\u00f3 su lucha<\/em><\/p>\n<p><em>por redimir a los pobres,<\/em><\/p>\n<p><em>ahora Reyna en el camposanto<\/em><\/p>\n<p><em>con la periodista norte\u00f1a.<\/em><\/p>\n<p><strong>ANDR\u00c9S MANUEL L\u00d3PEZ OBRADOR<\/strong><br \/>\n)\u00a0 Ex Presidente de la Rep\u00fablica<\/p>\n<p><em><a href=\"https:\/\/www.acapulcopress.com\/wp-content\/uploads\/2025\/10\/AMLO.jpg\"><img loading=\"lazy\" decoding=\"async\" class=\"alignleft size-thumbnail wp-image-1261117\" src=\"https:\/\/www.acapulcopress.com\/wp-content\/uploads\/2025\/10\/AMLO-150x150.jpg\" alt=\"\" width=\"150\" height=\"150\" srcset=\"https:\/\/www.acapulcopress.com\/wp-content\/uploads\/2025\/10\/AMLO-150x150.jpg 150w, https:\/\/www.acapulcopress.com\/wp-content\/uploads\/2025\/10\/AMLO-70x70.jpg 70w\" sizes=\"auto, (max-width: 150px) 100vw, 150px\" \/><\/a>El tigre de Macuspana,<\/em><\/p>\n<p><em>ahora vive en La Chingada,<\/em><\/p>\n<p><em>all\u00e1 tiene sus aposentos,<\/em><\/p>\n<p><em>en espera de la flaca.<\/em><\/p>\n<p><em>Sus partidarios lo aclaman<\/em><\/p>\n<p><em>como el mejor Presidente,<\/em><\/p>\n<p><em>el pueblo sabio lo sabe,<\/em><\/p>\n<p><em>s\u00ed cumpli\u00f3 y le puso ganas.<\/em><\/p>\n<p><em>El tiempo se le acab\u00f3,<\/em><\/p>\n<p><em>solo vive de recuerdos<\/em><\/p>\n<p><em>solo se acuerdan de \u00e9l,<\/em><\/p>\n<p><em>los viejitos presumidos.<\/em><\/p>\n<p><em>Todos dicen que interfiere<\/em><\/p>\n<p><em>en las decisiones de Claudia,<\/em><\/p>\n<p><em>sabiendo que no permite,<\/em><\/p>\n<p><em>que metan manos extra\u00f1as.<\/em><\/p>\n<p><em>Ya descansa en el pante\u00f3n,<\/em><\/p>\n<p><em>lo tiene bien merecido,<\/em><\/p>\n<p><em>pues nunca jam\u00e1s se cans\u00f3,<\/em><\/p>\n<p><em>en su gobierno fallido.<\/em><\/p>\n<p><strong><br \/>\nOMAR GARC\u00cdA HARFUCH<\/strong><br \/>\n)\u00a0 Secretario de Seguridad y Protecci\u00f3n Ciudadana (SSPC)<\/p>\n<p><em><a href=\"https:\/\/www.acapulcopress.com\/wp-content\/uploads\/2025\/10\/HARCUCH.jpg\"><img loading=\"lazy\" decoding=\"async\" class=\"alignleft size-thumbnail wp-image-1261129\" src=\"https:\/\/www.acapulcopress.com\/wp-content\/uploads\/2025\/10\/HARCUCH-150x150.jpg\" alt=\"\" width=\"150\" height=\"150\" srcset=\"https:\/\/www.acapulcopress.com\/wp-content\/uploads\/2025\/10\/HARCUCH-150x150.jpg 150w, https:\/\/www.acapulcopress.com\/wp-content\/uploads\/2025\/10\/HARCUCH-70x70.jpg 70w\" sizes=\"auto, (max-width: 150px) 100vw, 150px\" \/><\/a>La muerte se la persign\u00f3,<\/em><\/p>\n<p><em>siempre lo amenazaba,<\/em><\/p>\n<p><em>de cargarlo entre sus hombros<\/em><\/p>\n<p><em>afilando la guada\u00f1a.<\/em><\/p>\n<p><em><br \/>\nSe pon\u00eda al t\u00fa por t\u00fa,<\/em><\/p>\n<p><em>con quien no deb\u00eda hacerlo,<\/em><\/p>\n<p><em>la muerte calaca y flaca,<\/em><\/p>\n<p><em>gana todas las batallas.<\/em><\/p>\n<p><em><br \/>\nLos c\u00e1rteles andan rondando<\/em><\/p>\n<p><em>junto con la hermosa catrina,<\/em><\/p>\n<p><em>siempre en la mira lo tienen,<\/em><\/p>\n<p><em>pero les comi\u00f3 el mandado.<\/em><\/p>\n<p><strong>CLARA BRUGADA MOLINA<\/strong><br \/>\n)\u00a0 Jefa de Gobierno de la Ciudad de M\u00e9xico<\/p>\n<p><em><a href=\"https:\/\/www.acapulcopress.com\/wp-content\/uploads\/2025\/10\/CLARA-BRUGADA.jpg\"><img loading=\"lazy\" decoding=\"async\" class=\"alignleft size-thumbnail wp-image-1261122\" src=\"https:\/\/www.acapulcopress.com\/wp-content\/uploads\/2025\/10\/CLARA-BRUGADA-150x150.jpg\" alt=\"\" width=\"150\" height=\"150\" srcset=\"https:\/\/www.acapulcopress.com\/wp-content\/uploads\/2025\/10\/CLARA-BRUGADA-150x150.jpg 150w, https:\/\/www.acapulcopress.com\/wp-content\/uploads\/2025\/10\/CLARA-BRUGADA-70x70.jpg 70w, https:\/\/www.acapulcopress.com\/wp-content\/uploads\/2025\/10\/CLARA-BRUGADA-360x360.jpg 360w\" sizes=\"auto, (max-width: 150px) 100vw, 150px\" \/><\/a>Por el rumbo de Iztapalaba,<\/em><\/p>\n<p><em>gobern\u00f3 una alcaldesa,<\/em><\/p>\n<p><em>claridosa a todas luces,<\/em><\/p>\n<p><em>haci\u00e9ndole honor a su nombre.<\/em><\/p>\n<p><em>Por su labor tan intensa<\/em><\/p>\n<p><em>y gran amistad con AMLO,<\/em><\/p>\n<p><em>se gan\u00f3 la Jefatura<\/em><\/p>\n<p><em>de la capital mexicana.<\/em><\/p>\n<p><em>Nadie duda de su sapiencia,<\/em><\/p>\n<p><em>la pone en pr\u00e1ctica diario,<\/em><\/p>\n<p><em>a todos tiene contentos,<\/em><\/p>\n<p><em>menos a la muerte querida.<\/em><\/p>\n<p><em>El cementerio la espera<\/em><\/p>\n<p><em>por todas sus tropel\u00edas,<\/em><\/p>\n<p><em>a la muerte no la enga\u00f1a<\/em><\/p>\n<p><em>de todas sus bober\u00edas.<\/em><\/p>\n<p><strong><br \/>\nEVELYN SALGADO PINEDA<\/strong><br \/>\n)\u00a0 Gobernadora Constitucional del Estado<\/p>\n<p><em><a href=\"https:\/\/www.acapulcopress.com\/wp-content\/uploads\/2025\/10\/EVELYNS.jpg\"><img loading=\"lazy\" decoding=\"async\" class=\"alignleft size-thumbnail wp-image-1261125\" src=\"https:\/\/www.acapulcopress.com\/wp-content\/uploads\/2025\/10\/EVELYNS-150x150.jpg\" alt=\"\" width=\"150\" height=\"150\" srcset=\"https:\/\/www.acapulcopress.com\/wp-content\/uploads\/2025\/10\/EVELYNS-150x150.jpg 150w, https:\/\/www.acapulcopress.com\/wp-content\/uploads\/2025\/10\/EVELYNS-70x70.jpg 70w\" sizes=\"auto, (max-width: 150px) 100vw, 150px\" \/><\/a>Gobern\u00f3 con muchas ganas<\/em><\/p>\n<p><em>en el territorio suriano,<\/em><\/p>\n<p><em>se le hac\u00eda chico el terreno<\/em><\/p>\n<p><em>que cruzaba lado a lado.<\/em><\/p>\n<p><em>Poco le dur\u00f3 el gusto,<\/em><\/p>\n<p><em>de su constante peregrinar,<\/em><\/p>\n<p><em>su morada la esperaba<\/em><\/p>\n<p><em>para por fin descansar.<\/em><\/p>\n<p><em>Los guerrerenses le lloran<\/em><\/p>\n<p><em>y otros se quejan de m\u00e1s,<\/em><\/p>\n<p><em>la quer\u00eda muerta de miedo<\/em><\/p>\n<p><em>sin que lo pudieran lograr.<\/em><\/p>\n<p><strong>ESTHELA DAMI\u00c1N PERALTA<\/strong><br \/>\n)\u00a0 Subsecretaria de Prevenci\u00f3n de las Violencias de la Secretar\u00eda de Seguridad y Protecci\u00f3n Ciudadana (SSPC)<\/p>\n<p><em><a href=\"https:\/\/www.acapulcopress.com\/wp-content\/uploads\/2025\/10\/ESTHELA.jpg\"><img loading=\"lazy\" decoding=\"async\" class=\"alignleft size-thumbnail wp-image-1261124\" src=\"https:\/\/www.acapulcopress.com\/wp-content\/uploads\/2025\/10\/ESTHELA-150x150.jpg\" alt=\"\" width=\"150\" height=\"150\" srcset=\"https:\/\/www.acapulcopress.com\/wp-content\/uploads\/2025\/10\/ESTHELA-150x150.jpg 150w, https:\/\/www.acapulcopress.com\/wp-content\/uploads\/2025\/10\/ESTHELA-70x70.jpg 70w\" sizes=\"auto, (max-width: 150px) 100vw, 150px\" \/><\/a>En su natal Chilpancingo,<\/em><\/p>\n<p><em>dio sus primeros pasitos,<\/em><\/p>\n<p><em>despu\u00e9s dio pasos m\u00e1s altos<\/em><\/p>\n<p><em>hasta encumbrarse a la cima.<\/em><\/p>\n<p><em><br \/>\nGuerrerense destacada<\/em><\/p>\n<p><em>del gobierno federal,<\/em><\/p>\n<p><em>de la mano va con Claudia,<\/em><\/p>\n<p><em>en su trayectoria ejemplar.<\/em><\/p>\n<p><em>Los paisanos se preguntan:<\/em><\/p>\n<p><em>\u00bfAhora por donde andar\u00e1?<\/em><\/p>\n<p><em>La respuesta es sencilla,<\/em><\/p>\n<p><em>anda sembrando la paz.<\/em><\/p>\n<p><em>Busca la paz en la tierra,<\/em><\/p>\n<p><em>no la paz de los sepulcros,<\/em><\/p>\n<p><em>de eso se encargan los malos,<\/em><\/p>\n<p><em>en su innato proceder.<\/em><\/p>\n<p><strong>SEBASTI\u00c1N RAM\u00cdREZ MENDOZA<\/strong><br \/>\n)\u00a0 Director General de Fondo Nacional de Turismo (Fonatur)<\/p>\n<p><em><a href=\"https:\/\/www.acapulcopress.com\/wp-content\/uploads\/2025\/10\/FONATUS-MENDOZA.jpg\"><img loading=\"lazy\" decoding=\"async\" class=\"alignleft size-thumbnail wp-image-1261127\" src=\"https:\/\/www.acapulcopress.com\/wp-content\/uploads\/2025\/10\/FONATUS-MENDOZA-150x150.jpg\" alt=\"\" width=\"150\" height=\"150\" srcset=\"https:\/\/www.acapulcopress.com\/wp-content\/uploads\/2025\/10\/FONATUS-MENDOZA-150x150.jpg 150w, https:\/\/www.acapulcopress.com\/wp-content\/uploads\/2025\/10\/FONATUS-MENDOZA-70x70.jpg 70w, https:\/\/www.acapulcopress.com\/wp-content\/uploads\/2025\/10\/FONATUS-MENDOZA-360x360.jpg 360w\" sizes=\"auto, (max-width: 150px) 100vw, 150px\" \/><\/a>Vino de tierras lejanas<\/em><\/p>\n<p><em>En plan de conquistador,<\/em><\/p>\n<p><em>lo mand\u00f3 la Presidenta<\/em><\/p>\n<p><em>para la reconstrucci\u00f3n.<\/em><\/p>\n<p><em>Muchos destrozos causaron,<\/em><\/p>\n<p><em>los terribles huracanes,<\/em><\/p>\n<p><em>por eso Claudia orden\u00f3<\/em><\/p>\n<p><em>\u201cAcapulco se Transforma Contigo\u201d.<\/em><\/p>\n<p><em>Como todo mundo sabe<\/em><\/p>\n<p><em>Sebas impone criterios,<\/em><\/p>\n<p><em>sin escuchar opiniones,<\/em><\/p>\n<p><em>porque sus chicharrones truenan.<\/em><\/p>\n<p><em>Por todas sus fechor\u00edas<\/em><\/p>\n<p><em>y sin escuchar a la gente,<\/em><\/p>\n<p><em>se gan\u00f3 descanso eterno<\/em><\/p>\n<p><em>en el pante\u00f3n de \u201cLas Cruces\u201d.<\/em><\/p>\n<p><strong>\u00c1NGEL AGUIRRE RIVERO<\/strong><br \/>\n)\u00a0 Ex Gobernador Constitucional del Estado<\/p>\n<p><em><a href=\"https:\/\/www.acapulcopress.com\/wp-content\/uploads\/2025\/10\/AGUIRRE.jpg\"><img loading=\"lazy\" decoding=\"async\" class=\"alignleft size-thumbnail wp-image-1261115\" src=\"https:\/\/www.acapulcopress.com\/wp-content\/uploads\/2025\/10\/AGUIRRE-150x150.jpg\" alt=\"\" width=\"150\" height=\"150\" srcset=\"https:\/\/www.acapulcopress.com\/wp-content\/uploads\/2025\/10\/AGUIRRE-150x150.jpg 150w, https:\/\/www.acapulcopress.com\/wp-content\/uploads\/2025\/10\/AGUIRRE-70x70.jpg 70w\" sizes=\"auto, (max-width: 150px) 100vw, 150px\" \/><\/a>Tuvo gran oportunidad<\/em><\/p>\n<p><em>de gobernar por dos veces<\/em><\/p>\n<p><em>\u00a0a su terru\u00f1o querido,<\/em><\/p>\n<p><em>y sigue la mata dando.<\/em><\/p>\n<p><em>Se recuerdan muchas obras<\/em><\/p>\n<p><em>de relevante importancia,<\/em><\/p>\n<p><em>eso no amerit\u00f3,<\/em><\/p>\n<p><em>que se lo cargara la flaca.<\/em><\/p>\n<p><em>Le lloran en la Costa Chica,<\/em><\/p>\n<p><em>en especial Bello Nido,<\/em><\/p>\n<p><em>por sus recuerdos y obras<\/em><\/p>\n<p><em>que quedaron por doquier.<\/em><\/p>\n<p><em>La Normal de Ayotzinapa,<\/em><\/p>\n<p><em>no le pudo demostrar,<\/em><\/p>\n<p><em>ninguna culpa ni nada<\/em><\/p>\n<p><em>que lo pudiese inculpar.<\/em><\/p>\n<p><strong>H\u00c9CTOR ASTUDILLO FLORES<\/strong><br \/>\n)\u00a0 Ex Gobernador del Estado y Enlace Nacional de MC<\/p>\n<p><em><a href=\"https:\/\/www.acapulcopress.com\/wp-content\/uploads\/2025\/10\/ASTUDILLO.jpg\"><img loading=\"lazy\" decoding=\"async\" class=\"alignleft size-thumbnail wp-image-1261119\" src=\"https:\/\/www.acapulcopress.com\/wp-content\/uploads\/2025\/10\/ASTUDILLO-150x150.jpg\" alt=\"\" width=\"150\" height=\"150\" srcset=\"https:\/\/www.acapulcopress.com\/wp-content\/uploads\/2025\/10\/ASTUDILLO-150x150.jpg 150w, https:\/\/www.acapulcopress.com\/wp-content\/uploads\/2025\/10\/ASTUDILLO-70x70.jpg 70w, https:\/\/www.acapulcopress.com\/wp-content\/uploads\/2025\/10\/ASTUDILLO-360x360.jpg 360w, https:\/\/www.acapulcopress.com\/wp-content\/uploads\/2025\/10\/ASTUDILLO-416x420.jpg 416w\" sizes=\"auto, (max-width: 150px) 100vw, 150px\" \/><\/a>Pas\u00f3 sin pena ni gloria,<\/em><\/p>\n<p><em>en su transitar por la vida,<\/em><\/p>\n<p><em>hizo todo lo posible,<\/em><\/p>\n<p><em>en su administraci\u00f3n fallida.<\/em><\/p>\n<p><em>Sus paisanos lo recuerdan,<\/em><\/p>\n<p><em>como hombre cabal y sincero,<\/em><\/p>\n<p><em>don de gente y caballero,<\/em><\/p>\n<p><em>como pocos los hab\u00eda.<\/em><\/p>\n<p><em>Gobern\u00f3 para todos<\/em><\/p>\n<p><em>y uno que otro preferido,<\/em><\/p>\n<p><em>escondi\u00e9ndose a la muerte,<\/em><\/p>\n<p><em>por todo lo que deb\u00eda.<\/em><\/p>\n<p><em>Ya le quitaron la Visa,<\/em><\/p>\n<p><em>el gobierno americano,<\/em><\/p>\n<p><em>no convenci\u00f3 a la calaca<\/em><\/p>\n<p><em>de su huaca jitomata.<\/em><\/p>\n<p><em>Yace incomodo en su tumba,<\/em><\/p>\n<p><em>a tres metros bajo tierra,<\/em><\/p>\n<p><em>en espera de renacer,<\/em><\/p>\n<p><em>burlando as\u00ed a la calaca.\u00a0<\/em><\/p>\n<p><strong>F\u00c9LIX SALGADO MACEDONIO<\/strong><br \/>\n)\u00a0 Senador de la Rep\u00fablica<\/p>\n<p><em><a href=\"https:\/\/www.acapulcopress.com\/wp-content\/uploads\/2025\/10\/FELIX-SALGADO.jpg\"><img loading=\"lazy\" decoding=\"async\" class=\"alignleft size-thumbnail wp-image-1261126\" src=\"https:\/\/www.acapulcopress.com\/wp-content\/uploads\/2025\/10\/FELIX-SALGADO-150x150.jpg\" alt=\"\" width=\"150\" height=\"150\" srcset=\"https:\/\/www.acapulcopress.com\/wp-content\/uploads\/2025\/10\/FELIX-SALGADO-150x150.jpg 150w, https:\/\/www.acapulcopress.com\/wp-content\/uploads\/2025\/10\/FELIX-SALGADO-70x70.jpg 70w, https:\/\/www.acapulcopress.com\/wp-content\/uploads\/2025\/10\/FELIX-SALGADO-360x360.jpg 360w\" sizes=\"auto, (max-width: 150px) 100vw, 150px\" \/><\/a>Su sue\u00f1o no le alcanz\u00f3<\/em><\/p>\n<p><em>para gobernar a Guerrero,<\/em><\/p>\n<p><em>tantas veces que luch\u00f3,<\/em><\/p>\n<p><em>pero jam\u00e1s se raj\u00f3.<\/em><\/p>\n<p><em>Busca la cuarta ocasi\u00f3n<\/em><\/p>\n<p><em>y encabeza las encuestas,<\/em><\/p>\n<p><em>la huesuda Presidenta ya dijo:<\/em><\/p>\n<p><em>se proh\u00edben las herencias.<\/em><\/p>\n<p><em>Por todo y por mucho m\u00e1s,<\/em><\/p>\n<p><em>llora desconsoladamente,<\/em><\/p>\n<p><em>no se resigna a su suerte,<\/em><\/p>\n<p><em>aunque la muerte lo quiera.<\/em><\/p>\n<p>&nbsp;<\/p>\n<p><strong>BEATRIZ MOJICA MORGA<\/strong><br \/>\n) Senadora de la Rep\u00fablica<\/p>\n<p><em><a href=\"https:\/\/www.acapulcopress.com\/wp-content\/uploads\/2025\/10\/BETY-MOJICA.jpg\"><img loading=\"lazy\" decoding=\"async\" class=\"alignleft size-thumbnail wp-image-1261120\" src=\"https:\/\/www.acapulcopress.com\/wp-content\/uploads\/2025\/10\/BETY-MOJICA-150x150.jpg\" alt=\"\" width=\"150\" height=\"150\" srcset=\"https:\/\/www.acapulcopress.com\/wp-content\/uploads\/2025\/10\/BETY-MOJICA-150x150.jpg 150w, https:\/\/www.acapulcopress.com\/wp-content\/uploads\/2025\/10\/BETY-MOJICA-70x70.jpg 70w, https:\/\/www.acapulcopress.com\/wp-content\/uploads\/2025\/10\/BETY-MOJICA-360x360.jpg 360w\" sizes=\"auto, (max-width: 150px) 100vw, 150px\" \/><\/a>Otra vez en la pelea,<\/em><\/p>\n<p><em>por la gubernatura estatal,<\/em><\/p>\n<p><em>la busca con ansias ahora,<\/em><\/p>\n<p><em>para poder gobernar.<\/em><\/p>\n<p><em>Se le se\u00f1ala tambi\u00e9n<\/em><\/p>\n<p><em>de jug\u00e1rsela con Anaya,<\/em><\/p>\n<p><em>con ese gran impedimento,<\/em><\/p>\n<p><em>ni la muerte la salva.<\/em><\/p>\n<p><em>Tiene gran capacidad,<\/em><\/p>\n<p><em>as\u00ed lo ha demostrado,<\/em><\/p>\n<p><em>no solo eso se requiere<\/em><\/p>\n<p><em>para gobernar el estado.<\/em><\/p>\n<p><em>La catrina ya la acecha,<\/em><\/p>\n<p><em>le sigue todos sus pasos,<\/em><\/p>\n<p><em>solo espera alg\u00fan descuido,<\/em><\/p>\n<p><em>para llev\u00e1rsela a su lado.<\/em><\/p>\n<p><strong>MANUEL A\u00d1ORVE BA\u00d1OS<\/strong><br \/>\n)\u00a0 Senador de la Rep\u00fablica<\/p>\n<p><em><a href=\"https:\/\/www.acapulcopress.com\/wp-content\/uploads\/2025\/10\/ANORVE-1.jpg\"><img loading=\"lazy\" decoding=\"async\" class=\"alignleft size-thumbnail wp-image-1261118\" src=\"https:\/\/www.acapulcopress.com\/wp-content\/uploads\/2025\/10\/ANORVE-1-150x150.jpg\" alt=\"\" width=\"150\" height=\"150\" srcset=\"https:\/\/www.acapulcopress.com\/wp-content\/uploads\/2025\/10\/ANORVE-1-150x150.jpg 150w, https:\/\/www.acapulcopress.com\/wp-content\/uploads\/2025\/10\/ANORVE-1-70x70.jpg 70w\" sizes=\"auto, (max-width: 150px) 100vw, 150px\" \/><\/a>El chaparrito cabr\u00f3n,<\/em><\/p>\n<p><em>ronda triste y cabizbajo,<\/em><\/p>\n<p><em>esperando gran zipizape,<\/em><\/p>\n<p><em>entre aspirantes morenos.<\/em><\/p>\n<p><em>Otra oportunidad se le fue,<\/em><\/p>\n<p><em>por culpa de la calaca flaca,<\/em><\/p>\n<p><em>lo quiera ya en sus brazos,<\/em><\/p>\n<p><em>sin hacer mucha alharaca.<\/em><\/p>\n<p><em>Siendo l\u00edder senatorial,<\/em><\/p>\n<p><em>se gan\u00f3 los reflectores,<\/em><\/p>\n<p><em>tampoco de nada sirvi\u00f3,<\/em><\/p>\n<p><em>su entrega y pasi\u00f3n santa.<\/em><\/p>\n<p><em>Con su gran amigo Alito,<\/em><\/p>\n<p><em>al camposanto se fueron,<\/em><\/p>\n<p><em>para enterrar a su partido<\/em><\/p>\n<p><em>recogiendo las cenizas<\/em><\/p>\n<p><strong>JAVIER SALDA\u00d1A ALMAZ\u00c1N<\/strong><br \/>\n) Rector de la Universidad Aut\u00f3noma de Guerrero<\/p>\n<p><em><a href=\"https:\/\/www.acapulcopress.com\/wp-content\/uploads\/2025\/10\/SALDANA.jpg\"><img loading=\"lazy\" decoding=\"async\" class=\"alignleft size-thumbnail wp-image-1261132\" src=\"https:\/\/www.acapulcopress.com\/wp-content\/uploads\/2025\/10\/SALDANA-150x150.jpg\" alt=\"\" width=\"150\" height=\"150\" srcset=\"https:\/\/www.acapulcopress.com\/wp-content\/uploads\/2025\/10\/SALDANA-150x150.jpg 150w, https:\/\/www.acapulcopress.com\/wp-content\/uploads\/2025\/10\/SALDANA-70x70.jpg 70w, https:\/\/www.acapulcopress.com\/wp-content\/uploads\/2025\/10\/SALDANA-360x360.jpg 360w\" sizes=\"auto, (max-width: 150px) 100vw, 150px\" \/><\/a>Entre sus sue\u00f1os guajiros<\/em><\/p>\n<p><em>de acompletar la faena,<\/em><\/p>\n<p><em>no bast\u00f3 arrodillar a la UAGro.<\/em><\/p>\n<p><em>ahora quiere todo el estado.<\/em><\/p>\n<p><em>Logr\u00f3 la unanimidad,<\/em><\/p>\n<p><em>en un Consejo ama\u00f1ado,<\/em><\/p>\n<p><em>impulsando las reformas<\/em><\/p>\n<p><em>para prolongarse otro rato.<\/em><\/p>\n<p><em>Piedritas en el camino,<\/em><\/p>\n<p><em>sus opositores le ponen,<\/em><\/p>\n<p><em>le hizo cu\u00e1l viento a Ju\u00e1rez,<\/em><\/p>\n<p><em>aunque algunos se incomoden.<\/em><\/p>\n<p><em>Nadie llora su partida,<\/em><\/p>\n<p><em>solo los incondicionales,<\/em><\/p>\n<p><em>quedaron hu\u00e9rfanos todos.<\/em><\/p>\n<p><em>sin privilegios y nada.<\/em><\/p>\n<p>A<strong>BELINA L\u00d3PEZ RODR\u00cdGUEZ<\/strong><br \/>\n)\u00a0 Presidenta Municipal Constitucional de Acapulco<\/p>\n<p><em><a href=\"https:\/\/www.acapulcopress.com\/wp-content\/uploads\/2025\/10\/ABELINA-LOPEZ.jpg\"><img loading=\"lazy\" decoding=\"async\" class=\"alignleft size-thumbnail wp-image-1261114\" src=\"https:\/\/www.acapulcopress.com\/wp-content\/uploads\/2025\/10\/ABELINA-LOPEZ-150x150.jpg\" alt=\"\" width=\"150\" height=\"150\" srcset=\"https:\/\/www.acapulcopress.com\/wp-content\/uploads\/2025\/10\/ABELINA-LOPEZ-150x150.jpg 150w, https:\/\/www.acapulcopress.com\/wp-content\/uploads\/2025\/10\/ABELINA-LOPEZ-70x70.jpg 70w\" sizes=\"auto, (max-width: 150px) 100vw, 150px\" \/><\/a>Tristes y desconsolados,<\/em><\/p>\n<p><em>los acapulque\u00f1os est\u00e1n,<\/em><\/p>\n<p><em>amaban mucho Abelina<\/em><\/p>\n<p><em>con todo y hermoso collar.<\/em><\/p>\n<p><em>No se amarraba la lengua,<\/em><\/p>\n<p><em>para decir mil verdades,<\/em><\/p>\n<p><em>tropezaba a cada rato,<\/em><\/p>\n<p><em>por muchas barbaridades..<\/em><\/p>\n<p><em>Sus cuentas no le salieron,<\/em><\/p>\n<p><em>por m\u00e1s que las maquillara,<\/em><\/p>\n<p><em>las auditor\u00edas eran claras,<\/em><\/p>\n<p><em>tampoco se preocupaba.<\/em><\/p>\n<p><em>Solo le gan\u00f3 la muerte<\/em><\/p>\n<p><em>y se la llev\u00f3 al pante\u00f3n,<\/em><\/p>\n<p><em>para rendir solo cuentas,<\/em><\/p>\n<p><em>al gran patr\u00f3n y creador.<\/em><\/p>\n<p><strong>GUSTAVO ALARC\u00d3N HERRERA<\/strong><br \/>\n) Presidente Municipal Constitucional de Chilpancingo<\/p>\n<p><em><a href=\"https:\/\/www.acapulcopress.com\/wp-content\/uploads\/2025\/10\/GUSTAVO-ALARCON.jpg\"><img loading=\"lazy\" decoding=\"async\" class=\"alignleft size-thumbnail wp-image-1261128\" src=\"https:\/\/www.acapulcopress.com\/wp-content\/uploads\/2025\/10\/GUSTAVO-ALARCON-150x150.jpg\" alt=\"\" width=\"150\" height=\"150\" srcset=\"https:\/\/www.acapulcopress.com\/wp-content\/uploads\/2025\/10\/GUSTAVO-ALARCON-150x150.jpg 150w, https:\/\/www.acapulcopress.com\/wp-content\/uploads\/2025\/10\/GUSTAVO-ALARCON-70x70.jpg 70w\" sizes=\"auto, (max-width: 150px) 100vw, 150px\" \/><\/a>Chilpancingo est\u00e1 de luto,<\/em><\/p>\n<p><em>con miedo a su alrededor,<\/em><\/p>\n<p><em>mientras el alcalde pasea,<\/em><\/p>\n<p><em>en blindada y con temor.<\/em><\/p>\n<p><em><br \/>\nLa catrina se hizo due\u00f1a,<\/em><\/p>\n<p><em>de la capital del estado,<\/em><\/p>\n<p><em>ahora se ense\u00f1orea,<\/em><\/p>\n<p><em>como Juanita en su casa.<\/em><\/p>\n<p><em>El alcalde Alarc\u00f3n Herrera,<\/em><\/p>\n<p><em>no tiene preocupaciones,<\/em><\/p>\n<p><em>se le cumpli\u00f3 su deseo<\/em><\/p>\n<p><em>de gobernar a su tierra.<\/em><\/p>\n<p><em>El pante\u00f3n municipal,<\/em><\/p>\n<p><em>espera nuevo inquilino,<\/em><\/p>\n<p><em>en eso trabaja la muerte,<\/em><\/p>\n<p><em>con esmero y mucho tino.<\/em><\/p>\n<p><strong>ERICK CATAL\u00c1N REND\u00d3N<\/strong><br \/>\n) Presidente Municipal de Iguala<\/p>\n<p><em><a href=\"https:\/\/www.acapulcopress.com\/wp-content\/uploads\/2025\/10\/EICK-CATALAN.jpg\"><img loading=\"lazy\" decoding=\"async\" class=\"alignleft size-thumbnail wp-image-1261123\" src=\"https:\/\/www.acapulcopress.com\/wp-content\/uploads\/2025\/10\/EICK-CATALAN-150x150.jpg\" alt=\"\" width=\"150\" height=\"150\" srcset=\"https:\/\/www.acapulcopress.com\/wp-content\/uploads\/2025\/10\/EICK-CATALAN-150x150.jpg 150w, https:\/\/www.acapulcopress.com\/wp-content\/uploads\/2025\/10\/EICK-CATALAN-70x70.jpg 70w, https:\/\/www.acapulcopress.com\/wp-content\/uploads\/2025\/10\/EICK-CATALAN.jpg 225w\" sizes=\"auto, (max-width: 150px) 100vw, 150px\" \/><\/a>La tamarindera Iguala,<\/em><\/p>\n<p><em>luce tranquila y alegre,<\/em><\/p>\n<p><em>en otros tiempos lejanos,<\/em><\/p>\n<p><em>la muerte si trabajaba.<\/em><\/p>\n<p><em>A pesar de los pesares<\/em><\/p>\n<p><em>se realiz\u00f3 siempre la Feria,<\/em><\/p>\n<p><em>en la cuna de La Bandera,<\/em><\/p>\n<p><em>sin que nadie lo impidiera.<\/em><\/p>\n<p><em>El alcalde Catal\u00e1n,<\/em><\/p>\n<p><em>tuvo gran fortaleza,<\/em><\/p>\n<p><em>por eso fue nominado,<\/em><\/p>\n<p><em>por la muerte y sus flaquezas.<\/em><\/p>\n<p><strong>LIZETTE TAPIA CASTRO<\/strong><br \/>\n) Presidenta Municipal Constitucional de Zihuatanejo<\/p>\n<p><em><a href=\"https:\/\/www.acapulcopress.com\/wp-content\/uploads\/2025\/10\/LIZETE-TAPIA.jpg\"><img loading=\"lazy\" decoding=\"async\" class=\"alignleft size-thumbnail wp-image-1261131\" src=\"https:\/\/www.acapulcopress.com\/wp-content\/uploads\/2025\/10\/LIZETE-TAPIA-150x150.jpg\" alt=\"\" width=\"150\" height=\"150\" srcset=\"https:\/\/www.acapulcopress.com\/wp-content\/uploads\/2025\/10\/LIZETE-TAPIA-150x150.jpg 150w, https:\/\/www.acapulcopress.com\/wp-content\/uploads\/2025\/10\/LIZETE-TAPIA-70x70.jpg 70w\" sizes=\"auto, (max-width: 150px) 100vw, 150px\" \/><\/a>Nadie niega su trabajo,<\/em><\/p>\n<p><em>se escucha decir a la gente,<\/em><\/p>\n<p><em>supo navegar en aguas,<\/em><\/p>\n<p><em>tranquilas y turbulentas.<\/em><\/p>\n<p><em>Su paso por esta vida.<\/em><\/p>\n<p><em>llena de satisfacciones,<\/em><\/p>\n<p><em>cuid\u00f3 mucho al turismo<\/em><\/p>\n<p><em>para que todos volvieran.<\/em><\/p>\n<p><em>Poco le dur\u00f3 el gusto,<\/em><\/p>\n<p><em>la muerte la vigilaba,<\/em><\/p>\n<p><em>la quer\u00eda entre sus manos<\/em><\/p>\n<p><em>y poderla agasajarla.<\/em><\/p>\n<p><strong>JES\u00daS URI\u00d3STEGUI GARC\u00cdA<\/strong><br \/>\n)\u00a0 Coordinador del Congreso del Estado<\/p>\n<p><em><a href=\"https:\/\/www.acapulcopress.com\/wp-content\/uploads\/2025\/10\/URIOSTEGUI-1.jpg\"><img loading=\"lazy\" decoding=\"async\" class=\"alignleft size-full wp-image-1261135\" src=\"https:\/\/www.acapulcopress.com\/wp-content\/uploads\/2025\/10\/URIOSTEGUI-1.jpg\" alt=\"\" width=\"102\" height=\"142\" \/><\/a>No quiso soltar el hueso,<\/em><\/p>\n<p><em>en el Congreso local,<\/em><\/p>\n<p><em>ya tiene muchos ahora<\/em><\/p>\n<p><em>de la flaca que chupar.<\/em><\/p>\n<p><em>Como coordinador del Congreso,<\/em><\/p>\n<p><em>fracas\u00f3 en toda la l\u00ednea,<\/em><\/p>\n<p><em>nunca supo coordinar,<\/em><\/p>\n<p><em>a sus compa\u00f1eros ment\u00eda.<\/em><\/p>\n<p><em>Aferrado siempre est\u00e1,<\/em><\/p>\n<p><em>Incumpliendo compromisos,<\/em><\/p>\n<p><em>en eso lo vio la muerte,<\/em><\/p>\n<p><em>y pagar sus tropel\u00edas.<\/em><\/p>\n<p><strong>RICARDO SALINAS SANDOVAL<\/strong><br \/>\n)\u00a0 Presidente del Tribunal Superior de Justicia<\/p>\n<p><em><a href=\"https:\/\/www.acapulcopress.com\/wp-content\/uploads\/2025\/10\/SANDOVAL-SALINAS.jpg\"><img loading=\"lazy\" decoding=\"async\" class=\"alignleft size-full wp-image-1261133\" src=\"https:\/\/www.acapulcopress.com\/wp-content\/uploads\/2025\/10\/SANDOVAL-SALINAS.jpg\" alt=\"\" width=\"104\" height=\"119\" \/><\/a>La justicia en Guerrero,<\/em><\/p>\n<p><em>brilla con total ausencia,<\/em><\/p>\n<p><em>esperando pronto llegue,<\/em><\/p>\n<p><em>a resarcir injusticias.<\/em><\/p>\n<p><em>Infinita la tristeza<\/em><\/p>\n<p><em>y toda la situaci\u00f3n,<\/em><\/p>\n<p><em>magistrados incapaces,<\/em><\/p>\n<p><em>sin buena resoluci\u00f3n.<\/em><\/p>\n<p><em>Todos pagan ya sus culpas,<\/em><\/p>\n<p><em>en especial el Presidente,<\/em><\/p>\n<p><em>en ata\u00fades de pompa y lujo<\/em><\/p>\n<p><em>de panteones exclusivos.<\/em><\/p>\n<p><em><strong><br \/>\n<\/strong><\/em><strong>JA<\/strong><strong>CINTO GONZ\u00c1LEZ VARONA<\/strong><br \/>\n) Diputado Local y Presidente del CEE de Morena<\/p>\n<p><em><a href=\"https:\/\/www.acapulcopress.com\/wp-content\/uploads\/2025\/10\/JACINTO-scaled.jpg\"><img loading=\"lazy\" decoding=\"async\" class=\"alignleft size-thumbnail wp-image-1261130\" src=\"https:\/\/www.acapulcopress.com\/wp-content\/uploads\/2025\/10\/JACINTO-150x150.jpg\" alt=\"\" width=\"150\" height=\"150\" srcset=\"https:\/\/www.acapulcopress.com\/wp-content\/uploads\/2025\/10\/JACINTO-150x150.jpg 150w, https:\/\/www.acapulcopress.com\/wp-content\/uploads\/2025\/10\/JACINTO-70x70.jpg 70w, https:\/\/www.acapulcopress.com\/wp-content\/uploads\/2025\/10\/JACINTO-360x360.jpg 360w\" sizes=\"auto, (max-width: 150px) 100vw, 150px\" \/><\/a>La muerte le favoreci\u00f3,<\/em><\/p>\n<p><em>con diputaciones y todo,<\/em><\/p>\n<p><em>C\u00e9sar N\u00fa\u00f1ez le cumpli\u00f3,<\/em><\/p>\n<p><em>como heredero absoluto.<\/em><\/p>\n<p><em>En Morena amo y se\u00f1or<\/em><\/p>\n<p><em>de horca y cuchillo juntos,<\/em><\/p>\n<p><em>para referirse a los suyos,<\/em><\/p>\n<p><em>la calaca se re\u00eda y luego lo persegu\u00eda.<\/em><\/p>\n<p><em>No le gusta a la catrina,<\/em><\/p>\n<p><em>que se porten de esa forma,<\/em><\/p>\n<p><em>sac\u00f3 filo a la guada\u00f1a,<\/em><\/p>\n<p><em>para tra\u00e9rselo a raya.<\/em><\/p>\n<p><em>Ya lo llevan a enterrar,<\/em><\/p>\n<p><em>almas piadosas y humanas,<\/em><\/p>\n<p><em>en un lugar especial,<\/em><\/p>\n<p><em>del que nunca nadie escapa.<\/em><\/p>\n<p><strong>ALEJANDRO BRAVO ABARCA<\/strong><br \/>\n)\u00a0 Presidente del CDE del PRI<\/p>\n<p><em><a href=\"https:\/\/www.acapulcopress.com\/wp-content\/uploads\/2025\/10\/ALEBRAVO.jpg\"><img loading=\"lazy\" decoding=\"async\" class=\"alignleft size-thumbnail wp-image-1261116\" src=\"https:\/\/www.acapulcopress.com\/wp-content\/uploads\/2025\/10\/ALEBRAVO-150x150.jpg\" alt=\"\" width=\"150\" height=\"150\" srcset=\"https:\/\/www.acapulcopress.com\/wp-content\/uploads\/2025\/10\/ALEBRAVO-150x150.jpg 150w, https:\/\/www.acapulcopress.com\/wp-content\/uploads\/2025\/10\/ALEBRAVO-70x70.jpg 70w, https:\/\/www.acapulcopress.com\/wp-content\/uploads\/2025\/10\/ALEBRAVO-360x360.jpg 360w\" sizes=\"auto, (max-width: 150px) 100vw, 150px\" \/><\/a>Dirigiendo los despojos<\/em><\/p>\n<p><em>de un PRI muy moribundo,<\/em><\/p>\n<p><em>sus exequias se preparan<\/em><\/p>\n<p><em>porque la muerte no falla.<\/em><\/p>\n<p><em>El diputado Alejandro,<\/em><\/p>\n<p><em>leal y fiel se mantuvo,<\/em><\/p>\n<p><em>no se esperaba otra cosa,<\/em><\/p>\n<p><em>solo a la bella y hermosa.<\/em><\/p>\n<p><em>Los priistas que quedaron,<\/em><\/p>\n<p><em>le lloran con disimulo,<\/em><\/p>\n<p><em>en el bello camposanto,<\/em><\/p>\n<p><em>donde descansan sus restos.<\/em><\/p>\n<p><em>) <a href=\"http:\/\/fb.me\/steparious\" target=\"_blank\" rel=\"noopener\">fb.me\/steparious<\/a> ) <a href=\"http:\/\/fb.me\/acapulcopress\" target=\"_blank\" rel=\"noopener\">fb.me\/acapulcopress<\/a><\/em><\/p>\n","protected":false},"excerpt":{"rendered":"<p>Marem\u00e1gnum | \u00bb RICARDO CASTILLO BARRIENTOS<\/p>\n","protected":false},"author":1,"featured_media":1261136,"comment_status":"closed","ping_status":"open","sticky":false,"template":"","format":"standard","meta":{"footnotes":""},"categories":[2071,1991],"tags":[12503,15575],"class_list":["post-1261112","post","type-post","status-publish","format-standard","has-post-thumbnail","hentry","category-opinion-analisis-columnas","category-libertad-de-expresion","tag-maremagnum","tag-ricardo-castillo-barrientos"],"_links":{"self":[{"href":"https:\/\/www.acapulcopress.com\/index.php\/wp-json\/wp\/v2\/posts\/1261112","targetHints":{"allow":["GET"]}}],"collection":[{"href":"https:\/\/www.acapulcopress.com\/index.php\/wp-json\/wp\/v2\/posts"}],"about":[{"href":"https:\/\/www.acapulcopress.com\/index.php\/wp-json\/wp\/v2\/types\/post"}],"author":[{"embeddable":true,"href":"https:\/\/www.acapulcopress.com\/index.php\/wp-json\/wp\/v2\/users\/1"}],"replies":[{"embeddable":true,"href":"https:\/\/www.acapulcopress.com\/index.php\/wp-json\/wp\/v2\/comments?post=1261112"}],"version-history":[{"count":2,"href":"https:\/\/www.acapulcopress.com\/index.php\/wp-json\/wp\/v2\/posts\/1261112\/revisions"}],"predecessor-version":[{"id":1261138,"href":"https:\/\/www.acapulcopress.com\/index.php\/wp-json\/wp\/v2\/posts\/1261112\/revisions\/1261138"}],"wp:featuredmedia":[{"embeddable":true,"href":"https:\/\/www.acapulcopress.com\/index.php\/wp-json\/wp\/v2\/media\/1261136"}],"wp:attachment":[{"href":"https:\/\/www.acapulcopress.com\/index.php\/wp-json\/wp\/v2\/media?parent=1261112"}],"wp:term":[{"taxonomy":"category","embeddable":true,"href":"https:\/\/www.acapulcopress.com\/index.php\/wp-json\/wp\/v2\/categories?post=1261112"},{"taxonomy":"post_tag","embeddable":true,"href":"https:\/\/www.acapulcopress.com\/index.php\/wp-json\/wp\/v2\/tags?post=1261112"}],"curies":[{"name":"wp","href":"https:\/\/api.w.org\/{rel}","templated":true}]}}