{"id":1261143,"date":"2025-10-31T18:51:26","date_gmt":"2025-11-01T00:51:26","guid":{"rendered":"https:\/\/www.acapulcopress.com\/?p=1261143"},"modified":"2025-10-31T18:53:12","modified_gmt":"2025-11-01T00:53:12","slug":"las-fantasias-de-bety-mojica-sobre-el-campo-guerrerense","status":"publish","type":"post","link":"https:\/\/www.acapulcopress.com\/index.php\/2025\/10\/31\/las-fantasias-de-bety-mojica-sobre-el-campo-guerrerense\/","title":{"rendered":"Las fantas\u00edas de Bety Mojica sobre el campo guerrerense"},"content":{"rendered":"<p>Tercera V\u00eda<br \/>\n\u00bb <a href=\"https:\/\/www.facebook.com\/profile.php?id=100029214670744\" target=\"_blank\" rel=\"noopener\"><strong>ERNESTO<\/strong> | <strong>RIVERA RODR\u00cdGUEZ<\/strong><\/a><\/p>\n<p><em>* Javier Salda\u00f1a Almazan no caer\u00e1 <\/em><em>por verg\u00fcenza, caer\u00e1 por conveniencia. <\/em><em>El sacrificio ya est\u00e1 decidido.<\/em><\/p>\n<p>La senadora Bety Mojica ante su proyecto sobre el campo, habla de un Guerrero que no existe, y culpa a un Gobierno mexicano que deton\u00f3 la econom\u00eda guerrerense y olvida o no existen para ella, quienes est\u00e1n acabando hoy con el campo.<br \/>\nNo saben qu\u00e9 hacer con el campo y los campesinos y hoy est\u00e1n en pie de lucha.<\/p>\n<p><strong>Nabor Ojeda Delgado.<\/strong><\/p>\n<p>Entrevistado por tel\u00e9fono el Ingeniero Nabor Ojeda Delgado, originario de Iguala Guerrero, exdiputado federal priista, (cuatro veces), y ex Secretario General de la Liga de Comunidades Agrarias, CNC en Guerrero. Actualmente Delegado Federal del PRI en el estado de Morelos.<\/p>\n<p>Primero, expres\u00f3, es la terrible inseguridad del estado, que tiene virtualmente acosando al campo.<\/p>\n<p>&#8211;<strong>La Delincuencia organizada controla todo.<br \/>\n<\/strong><br \/>\nTodo el que logra detonar un proyecto no s\u00f3lo agropecuario, sino de cualquier tipo, le cae \u00abla ma\u00f1a\u00bb, y si no acepta sus condiciones con la mano en la cintura, lo matan.<\/p>\n<p>Controlan los precios de la tortilla, la cerveza, los materiales de construcci\u00f3n, la gasolina, hasta la Coca Cola&#8230;Los caminos, terraserias.<\/p>\n<p>Guerrero en tiempos anteriores a la 4t fue uno de los principales productores de ma\u00edz blanco, los primeros en copra, ajonjol\u00ed, mango, madera, caf\u00e9, jamaica.<\/p>\n<p>Sal\u00edan centenares de camiones nodrizas de becerros a engordar en la Huasteca, en fin hab\u00eda una econom\u00eda rural pujante. Hoy eso se extinguido.<\/p>\n<p>Qui\u00e9n cancel\u00f3 el cr\u00e9dito al campo cerrando la Financiera Rural, y elimin\u00f3 el Seguro Agricola y Ganadero, se pregunt\u00f3.<\/p>\n<p>La Secretar\u00eda de Agricultura Federal y Estatal, ya ni alcanzan presupuestalmente para pagar su burocracia, mucho menos para programas de desarrollo, dado que han reducido su presupuesto hasta un 70 % (setenta por ciento).<\/p>\n<p>&#8211; <strong>El campo carece de infraestructura<\/strong><\/p>\n<p>Guerrero carece de infraestructura agroindustrial, por ello sus productos agr\u00edcolas y pecuarios se tienen qu\u00e9 \u00abmal baratar\u00bb en bruto a muy bajos costos por carecer de procesos industriales para aumentar su plusval\u00eda.<\/p>\n<p>&#8211; <strong>El Fertilizante producto con valor electoral<\/strong><\/p>\n<p>Tal es la corrupci\u00f3n que manejan, manipulan el programa del fertilizante \u00abelectoralmente\u00bb, e imposibilitan el libre comercio de sus productos, ante el robo de sus productos por los grupos de la delincuencia organizada.<\/p>\n<p>Guerrero, necesita otras acciones y pol\u00edticas, un gobierno comprometido con el campo, con los campesinos y el estado. Concluy\u00f3.<br \/>\n<em>) <a href=\"http:\/\/fb.me\/steparious\" target=\"_blank\" rel=\"noopener\">fb.me\/steparious<\/a> ) <a href=\"http:\/\/fb.me\/acapulcopress\" target=\"_blank\" rel=\"noopener\">fb.me\/acapulcopress<\/a><\/em><\/p>\n","protected":false},"excerpt":{"rendered":"<p>Ernesto Rivera | La senadora Bety Mojica ante su proyecto sobre el campo<\/p>\n","protected":false},"author":1,"featured_media":1261144,"comment_status":"closed","ping_status":"open","sticky":false,"template":"","format":"standard","meta":{"footnotes":""},"categories":[2071,1991],"tags":[],"class_list":["post-1261143","post","type-post","status-publish","format-standard","has-post-thumbnail","hentry","category-opinion-analisis-columnas","category-libertad-de-expresion"],"_links":{"self":[{"href":"https:\/\/www.acapulcopress.com\/index.php\/wp-json\/wp\/v2\/posts\/1261143","targetHints":{"allow":["GET"]}}],"collection":[{"href":"https:\/\/www.acapulcopress.com\/index.php\/wp-json\/wp\/v2\/posts"}],"about":[{"href":"https:\/\/www.acapulcopress.com\/index.php\/wp-json\/wp\/v2\/types\/post"}],"author":[{"embeddable":true,"href":"https:\/\/www.acapulcopress.com\/index.php\/wp-json\/wp\/v2\/users\/1"}],"replies":[{"embeddable":true,"href":"https:\/\/www.acapulcopress.com\/index.php\/wp-json\/wp\/v2\/comments?post=1261143"}],"version-history":[{"count":3,"href":"https:\/\/www.acapulcopress.com\/index.php\/wp-json\/wp\/v2\/posts\/1261143\/revisions"}],"predecessor-version":[{"id":1261147,"href":"https:\/\/www.acapulcopress.com\/index.php\/wp-json\/wp\/v2\/posts\/1261143\/revisions\/1261147"}],"wp:featuredmedia":[{"embeddable":true,"href":"https:\/\/www.acapulcopress.com\/index.php\/wp-json\/wp\/v2\/media\/1261144"}],"wp:attachment":[{"href":"https:\/\/www.acapulcopress.com\/index.php\/wp-json\/wp\/v2\/media?parent=1261143"}],"wp:term":[{"taxonomy":"category","embeddable":true,"href":"https:\/\/www.acapulcopress.com\/index.php\/wp-json\/wp\/v2\/categories?post=1261143"},{"taxonomy":"post_tag","embeddable":true,"href":"https:\/\/www.acapulcopress.com\/index.php\/wp-json\/wp\/v2\/tags?post=1261143"}],"curies":[{"name":"wp","href":"https:\/\/api.w.org\/{rel}","templated":true}]}}