{"id":1261167,"date":"2025-11-03T18:38:43","date_gmt":"2025-11-04T00:38:43","guid":{"rendered":"https:\/\/www.acapulcopress.com\/?p=1261167"},"modified":"2025-11-03T19:14:09","modified_gmt":"2025-11-04T01:14:09","slug":"sheinbaum-culpa-a-calderon-de-violencia-en-michoacan","status":"publish","type":"post","link":"https:\/\/www.acapulcopress.com\/index.php\/2025\/11\/03\/sheinbaum-culpa-a-calderon-de-violencia-en-michoacan\/","title":{"rendered":"Sheinbaum culpa a Calder\u00f3n de violencia en Michoac\u00e1n"},"content":{"rendered":"<p>URUAPAN, Mich. * 3 de noviembre 2025<br \/>\n<em>) <a href=\"https:\/\/losangelespress.org\/noticias\/2025\/nov\/03\/sheinbaum-culpa-a-calderon-de-violencia-en-michoacan-13475.html\" target=\"_blank\" rel=\"noopener\">Los \u00c1ngeles Press<\/a><br \/>\n<\/em>Este lunes 3 de noviembre, la actividad en Palacio Nacional no logr\u00f3 eludir los efectos, devastadores por donde se le vea, del asesinato del presidente municipal de Uruapan, Michoac\u00e1n,<strong> Carlos Manzo Rodr\u00edguez<\/strong>.<\/p>\n<p>Ya desde el domingo por la tarde, el gobierno federal enfrent\u00f3 la ola de cr\u00edticas y se\u00f1alamientos por una estrategia de seguridad p\u00fablica que simplemente no logra atacar las causas de la violencia.<\/p>\n<p>A pesar de ello o quiz\u00e1s precisamente por ello, <strong>Claudia Sheinbaum<\/strong> us\u00f3 la tribuna que <strong>Andr\u00e9s Manuel L\u00f3pez Obrador<\/strong> mand\u00f3 a hacer a su medida en Palacio Nacional para condenar a <strong>Felipe Calder\u00f3n Hinojosa<\/strong> como responsable de lo ocurrido a pesar de que el sexenio de Calder\u00f3n concluy\u00f3 hace ya casi trece a\u00f1os.<\/p>\n<p>As\u00ed se la puede escuchar decirlo a la propia Sheinbaum (&#8230;), como sol\u00eda hacer L\u00f3pez Obrador siempre que hab\u00eda alguna pregunta sobre la violencia, se apresuraba a culpar a Calder\u00f3n sin reconocer su propia responsabilidad en los hechos, as\u00ed como el tiempo que ha pasado desde que Calder\u00f3n dej\u00f3 de tomar decisiones en M\u00e9xico.<\/p>\n<p>Y lo que es peor, cuando uno va a los n\u00fameros, aunque es claro que las decisiones de Calder\u00f3n fueron absurdas y desafortunadas a escala nacional, como se puede ver en la gr\u00e1fica que aparece l\u00edeneas abajo, pues implicaron un brutal aumento en el n\u00famero de personas asesinadas durante su sexenio, la realidad es que en Michoac\u00e1n lo peor ocurri\u00f3 hacia el final del sexenio de <strong>Enrique Pe\u00f1a Nieto<\/strong> y, sobre todo, durante el de L\u00f3pez Obrador.<\/p>\n<p>Aunque a escala nacional Calder\u00f3n pas\u00f3 de ocho mil 867 homicidios en 2007 a 25 mil 967 en 2012, en lo que hace a Michoac\u00e1n, cerr\u00f3 2006 con 992 homicidios en Michoac\u00e1n. Para 2012, la cifra fue de 827 homicidios. Son n\u00fameros de esc\u00e1ndalo, pero implican una ligera reducci\u00f3n de 165 homicidios en ese periodo.<\/p>\n<p>Pe\u00f1a pas\u00f3 de esos 827 homicidios en 2012 a la cifra dantesca de dos mil 76 homicidios. Pero si eso fue malo, con L\u00f3pez Obrador, a pesar de la pandemia, en 2021 se alcanz\u00f3 un m\u00e1ximo de dos mil 696 homicidios. Y aunque hubo una reducci\u00f3n en los siguientes tres a\u00f1os, 2024 cerr\u00f3 con mil 632 homicidios, de modo que fueron casi el doble de los que marcaron la despedida de Calder\u00f3n como presidente.<\/p>\n<p>Las cifras se pueden apreciar en su detalle en la gr\u00e1fica que aparece despu\u00e9s de este p\u00e1rrafo, elaborada por TResearch International de M\u00e9xico a partir de la informaci\u00f3n oficial del gobierno de M\u00e9xico, como lo es tambi\u00e9n el caso de la gr\u00e1fica previa.<\/p>\n<p>En ese sentido, lo ocurrido este lunes en Palacio Nacional se atuvo m\u00e1s al modelo de los m\u00edtines electorales de Morena que a un ejercicio de rendici\u00f3n de cuentas de parte del gobierno federal y mucho menos a un acto responsable de informaci\u00f3n sobre lo ocurrido con el ahora finado alcalde de Uruapan.<\/p>\n<p>Fue una ocasi\u00f3n m\u00e1s para que la l\u00edder de Morena, Claudia Sheinbaum, culpara a un p\u00e9simo presidente de la Rep\u00fablica, un personaje que tom\u00f3 decisiones desafortunadas, por ejemplo, en materia de seguridad p\u00fablica pero que, dej\u00f3 de tomarlas hace trece a\u00f1os, sin que ni L\u00f3pez Obrador ni ahora Claudia Sheinbaum sean capaces de mostrar algo m\u00e1s que no sea su capacidad para culpar a Calder\u00f3n.<\/p>\n<p>Ello fue m\u00e1s evidente porque, lejos de reconocer la legitimidad de la protesta social que rode\u00f3 el sepelio de Carlos Manzo Rodr\u00edguez, del que se ofrecen detalles en el texto enlazado despu\u00e9s de este p\u00e1rrafo, Sheinbaum descalific\u00f3 la protesta social e incluso dijo, sin ofrecer evidencia alguna, que hubo quien pag\u00f3 porque ocurrieran los actos de violencia que ocurrieron durante el sepelio.<\/p>\n<p>Lo que parece ser que no se quiere reconocer en Palacio Nacional es que no fue s\u00f3lo el asesinato de Manzo Rodr\u00edguez. Hace menos de dos semanas que se daba cuenta del asesinato de Bernardo Bravo, un l\u00edder de productores de c\u00edtricos en Apatzing\u00e1n, en la Tierra Caliente de Michoac\u00e1n.<\/p>\n<p>Cualquiera que conozca la geograf\u00eda michoacana sabe que Uruapan marca el extremo sur de la llamada Meseta Tarasca, todo lo que sigue hacia el sur es la Tierra Caliente. Uruapan est\u00e1 a poco m\u00e1s de 46 kil\u00f3metros al norte de Apatzing\u00e1n, como se puede ver en el mapa que aparece despu\u00e9s de este p\u00e1rrafo.<\/p>\n<p>Pensar que la protesta social contra la ola de violencia que ocurre en esa regi\u00f3n es algo inducido y no resultado del hartazgo de la sociedad con los niveles de violencia ah\u00ed simplemente desconoce la geograf\u00eda michoacana, como la realidad que viven miles de familias en todo el estado pero, sobre todo, en la Tierra Caliente por las presiones que ejercen, por una parte, los grupos criminales y, por otro, por la incapacidad de los gobiernos federal, del estado y de los municipios para ofrecer alg\u00fan alivio.<\/p>\n<p>Adem\u00e1s de descalificar las protestas por la violencia, Sheinbaum matiz\u00f3 los dichos de su secretario de Seguridad, Omar Garc\u00eda Harfuch quien la tarde del domingo dijo que el gobierno de M\u00e9xico aceptar\u00eda toda la ayuda que el gobierno de Estados Unidos ofreciera.<\/p>\n<p>A su vez, Garc\u00eda Harfuch anunci\u00f3 que hay una investigaci\u00f3n en curso por la manera en que elementos federales reprimieron a los manifestantes que expresaron su enojo por el asesinato del alcalde Manzo.<\/p>\n<p>Sheinbaum enmend\u00f3 la plana a su subordinado, al limitar el alcance de lo que M\u00e9xico estar\u00eda dispuesto a recibir como ayuda a los temas de inteligencia e informaci\u00f3n.<\/p>\n<p>En lo que hace al asesinato en s\u00ed mismo, tanto Garc\u00eda Harfuch como el titular de la Secretar\u00eda de la Defensa Nacional, general Ricardo Trevilla Trejo, negaron que pudieran estar involucrados quienes eran los responsables de la seguridad de Manzo. Seg\u00fan explicaron, fue el propio Manzo quien los escogi\u00f3 para cumplir esa tarea, aunque recibieron capacitaci\u00f3n de las autoridades federales para ello.<\/p>\n<p>Sobre ese punto, la propia Sheinbaum insisti\u00f3 en que la zona militar m\u00e1s cercana a Uruapan, la que se encuentra en Tac\u00e1mbaro, ofreci\u00f3 ayuda a Manzo durante su gesti\u00f3n como alcalde.<\/p>\n<p>Al inicio de la actividad, Sheinbaum lament\u00f3 el asesinato de Manzo, as\u00ed como el incendio en un supermercado en Hermosillo, Sonora.<\/p>\n<p><a href=\"https:\/\/www.acapulcopress.com\/wp-content\/uploads\/2025\/11\/guerra-mexico-en-numeros.jpg\"><img loading=\"lazy\" decoding=\"async\" class=\"alignnone wp-image-1261171 size-cmsmasters-full-thumb\" src=\"https:\/\/www.acapulcopress.com\/wp-content\/uploads\/2025\/11\/guerra-mexico-en-numeros-1160x715.jpg\" alt=\"\" width=\"1160\" height=\"715\" \/><\/a><\/p>\n<p><a href=\"https:\/\/www.acapulcopress.com\/wp-content\/uploads\/2025\/11\/homicidios-por-mes-michoacan.jpg\"><img loading=\"lazy\" decoding=\"async\" class=\"alignnone wp-image-1261172 size-cmsmasters-full-thumb\" src=\"https:\/\/www.acapulcopress.com\/wp-content\/uploads\/2025\/11\/homicidios-por-mes-michoacan-1160x715.jpg\" alt=\"\" width=\"1160\" height=\"715\" \/><\/a><\/p>\n<p><em>) <a href=\"http:\/\/fb.me\/steparious\" target=\"_blank\" rel=\"noopener\">fb.me\/steparious<\/a> )<a href=\"http:\/\/fb.me\/acapulcopress\" target=\"_blank\" rel=\"noopener\"> fb.me\/acapulcopress<\/a><\/em><\/p>\n","protected":false},"excerpt":{"rendered":"<p>URUAPAN, Mich. * 3 de noviembre 2025 ) Los \u00c1ngeles Press Este lunes 3 de noviembre, la actividad en Palacio Nacional no logr\u00f3 eludir los efectos, devastadores por donde se le vea, del asesinato del presidente municipal de Uruapan, Michoac\u00e1n, Carlos Manzo Rodr\u00edguez. Ya desde el domingo por la tarde, el gobierno federal enfrent\u00f3 la&#8230;<\/p>\n","protected":false},"author":1,"featured_media":1261168,"comment_status":"closed","ping_status":"open","sticky":false,"template":"","format":"standard","meta":{"footnotes":""},"categories":[1997],"tags":[3655,3896,18478,5853,7991,18879],"class_list":["post-1261167","post","type-post","status-publish","format-standard","has-post-thumbnail","hentry","category-noticias-destacadas","tag-alfredo-ramirez-bedolla","tag-andres-manuel-lopez-obrador","tag-carlos-alberto-manzo-rodriguez","tag-claudia-sheinbaum-pardo","tag-enrique-pena-nieto","tag-felipe-de-jesus-calderon-hinojosa"],"_links":{"self":[{"href":"https:\/\/www.acapulcopress.com\/index.php\/wp-json\/wp\/v2\/posts\/1261167","targetHints":{"allow":["GET"]}}],"collection":[{"href":"https:\/\/www.acapulcopress.com\/index.php\/wp-json\/wp\/v2\/posts"}],"about":[{"href":"https:\/\/www.acapulcopress.com\/index.php\/wp-json\/wp\/v2\/types\/post"}],"author":[{"embeddable":true,"href":"https:\/\/www.acapulcopress.com\/index.php\/wp-json\/wp\/v2\/users\/1"}],"replies":[{"embeddable":true,"href":"https:\/\/www.acapulcopress.com\/index.php\/wp-json\/wp\/v2\/comments?post=1261167"}],"version-history":[{"count":4,"href":"https:\/\/www.acapulcopress.com\/index.php\/wp-json\/wp\/v2\/posts\/1261167\/revisions"}],"predecessor-version":[{"id":1261174,"href":"https:\/\/www.acapulcopress.com\/index.php\/wp-json\/wp\/v2\/posts\/1261167\/revisions\/1261174"}],"wp:featuredmedia":[{"embeddable":true,"href":"https:\/\/www.acapulcopress.com\/index.php\/wp-json\/wp\/v2\/media\/1261168"}],"wp:attachment":[{"href":"https:\/\/www.acapulcopress.com\/index.php\/wp-json\/wp\/v2\/media?parent=1261167"}],"wp:term":[{"taxonomy":"category","embeddable":true,"href":"https:\/\/www.acapulcopress.com\/index.php\/wp-json\/wp\/v2\/categories?post=1261167"},{"taxonomy":"post_tag","embeddable":true,"href":"https:\/\/www.acapulcopress.com\/index.php\/wp-json\/wp\/v2\/tags?post=1261167"}],"curies":[{"name":"wp","href":"https:\/\/api.w.org\/{rel}","templated":true}]}}