{"id":1261186,"date":"2025-11-04T18:34:27","date_gmt":"2025-11-05T00:34:27","guid":{"rendered":"https:\/\/www.acapulcopress.com\/?p=1261186"},"modified":"2025-11-04T18:34:27","modified_gmt":"2025-11-05T00:34:27","slug":"salud-guerrero-e-imss-bienestar-refuerzan-atencion-medica-en-san-miguel-totolapan","status":"publish","type":"post","link":"https:\/\/www.acapulcopress.com\/index.php\/2025\/11\/04\/salud-guerrero-e-imss-bienestar-refuerzan-atencion-medica-en-san-miguel-totolapan\/","title":{"rendered":"Salud Guerrero e IMSS-Bienestar refuerzan atenci\u00f3n m\u00e9dica en San Miguel Totolapan"},"content":{"rendered":"<p>CHILPANCINGO * 4 de noviembre 2025<br \/>\n<em>) Salud Guerrero<\/em><br \/>\nComo parte de las pol\u00edticas impulsadas por la gobernadora Evelyn Salgado Pineda para garantizar atenci\u00f3n m\u00e9dica oportuna y de calidad en <a href=\"https:\/\/www.acapulcopress.com\/wp-content\/uploads\/2025\/11\/saludgro4.jpg\"><img loading=\"lazy\" decoding=\"async\" class=\"alignleft size-cmsmasters-square-thumb wp-image-1261191\" src=\"https:\/\/www.acapulcopress.com\/wp-content\/uploads\/2025\/11\/saludgro4-360x360.jpg\" alt=\"\" width=\"360\" height=\"360\" srcset=\"https:\/\/www.acapulcopress.com\/wp-content\/uploads\/2025\/11\/saludgro4-360x360.jpg 360w, https:\/\/www.acapulcopress.com\/wp-content\/uploads\/2025\/11\/saludgro4-150x150.jpg 150w, https:\/\/www.acapulcopress.com\/wp-content\/uploads\/2025\/11\/saludgro4-70x70.jpg 70w\" sizes=\"auto, (max-width: 360px) 100vw, 360px\" \/><\/a>todo el estado, la titular de la <em>Secretar\u00eda de Salud Guerrero (SSG),<\/em> <strong>Alondra Garc\u00eda Carbajal<\/strong>, y el coordinador del<em> IMSS-Bienestar<\/em> en Guerrero,<strong> Jes\u00fas Ulises Adame Reyna<\/strong>, sostuvieron una reuni\u00f3n con la finalidad de fortalecer los servicios m\u00e9dicos en San Miguel Totolapan y diversas comunidades de la sierra de Guerrero.<\/p>\n<p>Durante la mesa de trabajo se acord\u00f3 reforzar el personal m\u00e9dico y de enfermer\u00eda, as\u00ed como garantizar el abasto total de medicamentos en los centros de salud, principalmente en las comunidades de Coronillas, Ximotla, San Bartolo\/Cuajilote, San Miguelito, Huerta Vieja, Laguna Seca, Petlacala, Linda Vista, Las Ventanas, Pericotepec y Toro Muerto.<\/p>\n<p>En su intervenci\u00f3n, Jes\u00fas Ulises Adame Reyna, destac\u00f3 que a partir de esta semana se presentar\u00e1 un m\u00e9dico en la localidad de San Miguelito y reiter\u00f3 que, por instrucci\u00f3n de la gobernadora Evelyn Salgado Pineda, se fortalecer\u00e1 la colaboraci\u00f3n con el IMSS-Bienestar y los gobiernos municipales para asegurar personal suficiente, medicamentos y servicios m\u00e9dicos de calidad en todas las unidades de salud del estado.<\/p>\n<p>Por su parte Garc\u00eda Carbajal subray\u00f3 la importancia de mantener una coordinaci\u00f3n constante entre la SSG y el IMSS Bienestar para consolidar un modelo de atenci\u00f3n integral, especialmente en las zonas rurales.<\/p>\n<p>En este encuentro participaron tambi\u00e9n la subsecretaria de Prevenci\u00f3n y Control de Enfermedades, Jessy Solchaga Rosas, y la directora de los Servicios de Salud en Guerrero, Nancy Karina Mart\u00ednez Osorio, as\u00ed como personal del IMSS-Bienestar Guerrero.<\/p>\n<p><a href=\"https:\/\/www.acapulcopress.com\/wp-content\/uploads\/2025\/11\/saludgro3.jpg\"><img loading=\"lazy\" decoding=\"async\" class=\"alignleft wp-image-1261190 size-cmsmasters-full-thumb\" src=\"https:\/\/www.acapulcopress.com\/wp-content\/uploads\/2025\/11\/saludgro3-1160x715.jpg\" alt=\"\" width=\"1160\" height=\"715\" \/><\/a><\/p>\n<p><em>) <a href=\"http:\/\/fb.me\/steparious\" target=\"_blank\" rel=\"noopener\">fb.me\/steparious<\/a> ) <a href=\"http:\/\/CHILPANCINGO * 4 de noviembre 2025 ) LXVI Legislatura | Guerrero La SSG e IMSS-Bienestar refuerzan atenci\u00f3n m\u00e9dica en San Miguel Totolapan Chilpancingo, Gro., 04 de noviembre de 2025.\u2013 Como parte de las pol\u00edticas impulsadas por la gobernadora Evelyn Salgado Pineda para garantizar atenci\u00f3n m\u00e9dica oportuna y de calidad en todo el estado, la titular de la Secretar\u00eda de Salud Guerrero (SSG), Alondra Garc\u00eda Carbajal y el coordinador del IMSS-Bienestar en Guerrero, Jes\u00fas Ulises Adame Reyna, sostuvieron una reuni\u00f3n con la finalidad de fortalecer los servicios m\u00e9dicos en San Miguel Totolapan y diversas comunidades de la sierra de Guerrero. Durante la mesa de trabajo se acord\u00f3 reforzar el personal m\u00e9dico y de enfermer\u00eda, as\u00ed como garantizar el abasto total de medicamentos en los centros de salud, principalmente en las comunidades de Coronillas, Ximotla, San Bartolo\/Cuajilote, San Miguelito, Huerta Vieja, Laguna Seca, Petlacala, Linda Vista, Las Ventanas, Pericotepec y Toro Muerto. En su intervenci\u00f3n, Jes\u00fas Ulises Adame Reyna, destac\u00f3 que a partir de esta semana se presentar\u00e1 un m\u00e9dico en la localidad de San Miguelito y reiter\u00f3 que, por instrucci\u00f3n de la gobernadora Evelyn Salgado Pineda, se fortalecer\u00e1 la colaboraci\u00f3n con el IMSS-Bienestar y los gobiernos municipales para asegurar personal suficiente, medicamentos y servicios m\u00e9dicos de calidad en todas las unidades de salud del estado. Por su parte Garc\u00eda Carbajal subray\u00f3 la importancia de mantener una coordinaci\u00f3n constante entre la SSG y el IMSS Bienestar para consolidar un modelo de atenci\u00f3n integral, especialmente en las zonas rurales. En este encuentro participaron tambi\u00e9n la subsecretaria de Prevenci\u00f3n y Control de Enfermedades, Jessy Solchaga Rosas, y la directora de los Servicios de Salud en Guerrero, Nancy Karina Mart\u00ednez Osorio, as\u00ed como personal del IMSS-Bienestar Guerrero. ) Nota Completa, Aqu\u00ed: ) Art\u00edculo Completo, Aqu\u00ed: ) fb.me\/steparious ) fb.me\/acapulcopress\" target=\"_blank\" rel=\"noopener\">fb.me\/acapulcopress<\/a><\/em><\/p>\n<p>&nbsp;<\/p>\n","protected":false},"excerpt":{"rendered":"<p>CHILPANCINGO * 4 de noviembre 2025 ) Salud Guerrero Como parte de las pol\u00edticas impulsadas por la gobernadora Evelyn Salgado Pineda para garantizar atenci\u00f3n m\u00e9dica oportuna y de calidad en todo el estado, la titular de la Secretar\u00eda de Salud Guerrero (SSG), Alondra Garc\u00eda Carbajal, y el coordinador del IMSS-Bienestar en Guerrero, Jes\u00fas Ulises Adame&#8230;<\/p>\n","protected":false},"author":1,"featured_media":1261188,"comment_status":"closed","ping_status":"open","sticky":false,"template":"","format":"standard","meta":{"footnotes":""},"categories":[2080],"tags":[3718,10092,10755,16252],"class_list":["post-1261186","post","type-post","status-publish","format-standard","has-post-thumbnail","hentry","category-regiones-de-guerrero","tag-alondra-garcia-carbajal","tag-imss-bienestar","tag-jesus-ulises-adame-reyna","tag-secretaria-de-salud-guerrero-ssg"],"_links":{"self":[{"href":"https:\/\/www.acapulcopress.com\/index.php\/wp-json\/wp\/v2\/posts\/1261186","targetHints":{"allow":["GET"]}}],"collection":[{"href":"https:\/\/www.acapulcopress.com\/index.php\/wp-json\/wp\/v2\/posts"}],"about":[{"href":"https:\/\/www.acapulcopress.com\/index.php\/wp-json\/wp\/v2\/types\/post"}],"author":[{"embeddable":true,"href":"https:\/\/www.acapulcopress.com\/index.php\/wp-json\/wp\/v2\/users\/1"}],"replies":[{"embeddable":true,"href":"https:\/\/www.acapulcopress.com\/index.php\/wp-json\/wp\/v2\/comments?post=1261186"}],"version-history":[{"count":2,"href":"https:\/\/www.acapulcopress.com\/index.php\/wp-json\/wp\/v2\/posts\/1261186\/revisions"}],"predecessor-version":[{"id":1261192,"href":"https:\/\/www.acapulcopress.com\/index.php\/wp-json\/wp\/v2\/posts\/1261186\/revisions\/1261192"}],"wp:featuredmedia":[{"embeddable":true,"href":"https:\/\/www.acapulcopress.com\/index.php\/wp-json\/wp\/v2\/media\/1261188"}],"wp:attachment":[{"href":"https:\/\/www.acapulcopress.com\/index.php\/wp-json\/wp\/v2\/media?parent=1261186"}],"wp:term":[{"taxonomy":"category","embeddable":true,"href":"https:\/\/www.acapulcopress.com\/index.php\/wp-json\/wp\/v2\/categories?post=1261186"},{"taxonomy":"post_tag","embeddable":true,"href":"https:\/\/www.acapulcopress.com\/index.php\/wp-json\/wp\/v2\/tags?post=1261186"}],"curies":[{"name":"wp","href":"https:\/\/api.w.org\/{rel}","templated":true}]}}