{"id":1261193,"date":"2025-11-04T19:03:06","date_gmt":"2025-11-05T01:03:06","guid":{"rendered":"https:\/\/www.acapulcopress.com\/?p=1261193"},"modified":"2025-11-04T19:04:15","modified_gmt":"2025-11-05T01:04:15","slug":"la-defensa-de-la-patria-esta-en-la-palabra-cumplida-la-justicia-y-la-esperanza-evelyn-salgado","status":"publish","type":"post","link":"https:\/\/www.acapulcopress.com\/index.php\/2025\/11\/04\/la-defensa-de-la-patria-esta-en-la-palabra-cumplida-la-justicia-y-la-esperanza-evelyn-salgado\/","title":{"rendered":"\u201cLa defensa de la patria est\u00e1 en la palabra cumplida, la justicia y la esperanza\u201d: Evelyn Salgado"},"content":{"rendered":"<p>CHILPANCINGO * 4 de noviembre 2025<br \/>\n<em>) Gobierno de Guerrero<\/em><br \/>\nAl encabezar la ceremonia c\u00edvica de Izamiento de Bandera correspondiente al mes de noviembre, la gobernadora <strong>Evelyn Salgado Pineda<\/strong> <a href=\"https:\/\/www.acapulcopress.com\/wp-content\/uploads\/2025\/11\/evelyn.homenaje7.jpg\"><img loading=\"lazy\" decoding=\"async\" class=\"alignleft size-cmsmasters-square-thumb wp-image-1261200\" src=\"https:\/\/www.acapulcopress.com\/wp-content\/uploads\/2025\/11\/evelyn.homenaje7-360x360.jpg\" alt=\"\" width=\"360\" height=\"360\" srcset=\"https:\/\/www.acapulcopress.com\/wp-content\/uploads\/2025\/11\/evelyn.homenaje7-360x360.jpg 360w, https:\/\/www.acapulcopress.com\/wp-content\/uploads\/2025\/11\/evelyn.homenaje7-150x150.jpg 150w, https:\/\/www.acapulcopress.com\/wp-content\/uploads\/2025\/11\/evelyn.homenaje7-70x70.jpg 70w\" sizes=\"auto, (max-width: 360px) 100vw, 360px\" \/><\/a>hizo un llamado a las y los servidores p\u00fablicos a continuar sirviendo con orgullo, honestidad y compromiso, destacando que la verdadera defensa de la patria se libra cada d\u00eda con trabajo, justicia y esperanza.<\/p>\n<p>\u201cLa defensa de la patria est\u00e1 en la palabra cumplida, en la justicia y en la esperanza\u201d, expres\u00f3 la mandataria estatal, al reconocer el esfuerzo de las y los trabajadores del gobierno de Guerrero que, con su labor cotidiana, contribuyen a fortalecer los valores c\u00edvicos y el bienestar del pueblo.<\/p>\n<p>Desde la Casa del Pueblo, ante funcionarias, funcionarios y representantes de instituciones del Gobierno estatal, Evelyn Salgado destac\u00f3 que noviembre es un mes que invita a la reflexi\u00f3n sobre la historia, la cultura y los valores que dan vida a M\u00e9xico y a Guerrero.<\/p>\n<p>Record\u00f3 las principales fechas conmemorativas del mes: 1 de noviembre, fundaci\u00f3n de la Villa de Chilpancingo, origen de la actual capital guerrerense; 2 de noviembre, D\u00eda de Muertos, tradici\u00f3n que honra la vida y reafirma las ra\u00edces culturales; 6 de noviembre, promulgaci\u00f3n del Acta de Independencia Nacional por el Congreso de Chilpancingo.<\/p>\n<p><a href=\"https:\/\/www.acapulcopress.com\/wp-content\/uploads\/2025\/11\/evelyn.homenaje5.jpg\"><img loading=\"lazy\" decoding=\"async\" class=\"alignleft size-cmsmasters-square-thumb wp-image-1261198\" src=\"https:\/\/www.acapulcopress.com\/wp-content\/uploads\/2025\/11\/evelyn.homenaje5-360x360.jpg\" alt=\"\" width=\"360\" height=\"360\" srcset=\"https:\/\/www.acapulcopress.com\/wp-content\/uploads\/2025\/11\/evelyn.homenaje5-360x360.jpg 360w, https:\/\/www.acapulcopress.com\/wp-content\/uploads\/2025\/11\/evelyn.homenaje5-150x150.jpg 150w, https:\/\/www.acapulcopress.com\/wp-content\/uploads\/2025\/11\/evelyn.homenaje5-70x70.jpg 70w\" sizes=\"auto, (max-width: 360px) 100vw, 360px\" \/><\/a>13 de noviembre, natalicio de Ignacio Manuel Altamirano, orgullo guerrerense, maestro y escritor; 14 de noviembre, D\u00eda Mundial de la Diabetes, que llama a cuidar la salud y fomentar h\u00e1bitos sanos; 19 de noviembre, D\u00eda Internacional del Hombre, que impulsa la reflexi\u00f3n sobre la salud y la corresponsabilidad social; 20 de noviembre, aniversario del inicio de la Revoluci\u00f3n Mexicana, emblema de la lucha por la justicia y la libertad.<\/p>\n<p>A\u00f1adi\u00f3 que el 22 de noviembre, D\u00eda de la Armada de M\u00e9xico, instituci\u00f3n que ha demostrado su lealtad y solidaridad con el pueblo guerrerense; tambi\u00e9n record\u00f3 que 25 de noviembre, es el D\u00eda Internacional para la Eliminaci\u00f3n de la Violencia contra la Mujer, compromiso permanente del gobierno del estado para erradicar la violencia y hacer de Guerrero un santuario para las mujeres.<\/p>\n<p>La gobernadora dijo que el 28 de noviembre, es la conmemoraci\u00f3n de la proclamaci\u00f3n del Plan de Ayala, legado de justicia social impulsado por Emiliano Zapata. \u201cNoviembre nos ense\u00f1a que la verdadera defensa de la patria est\u00e1 en las causas que sostenemos cada d\u00eda, en la palabra cumplida, en la justicia que ejercemos y en la esperanza que no se rinde\u201d, dijo la gobernadora.<\/p>\n<p>Asistieron a la ceremonia la encargada de despacho de la Secretar\u00eda General de Gobierno, <strong>Anacleta L\u00f3pez Vega<\/strong>; la presidenta del Sistema DIF Guerrero, <strong>Liz Salgado Pineda<\/strong>; el presidente del Tribunal Superior de Justicia, <strong>Ricardo Salinas Sandoval<\/strong>; el presidente de la JUCOPO, <strong>Jes\u00fas Uri\u00f3stegui Garc\u00eda<\/strong>; el comandante de la 35 Zona Militar,<strong> Jorge Pedro Nieto S\u00e1nchez<\/strong>; el alcalde de Chilpancingo, Gustavo Alarc\u00f3n Herrera, entre otros.<\/p>\n<p><a href=\"https:\/\/www.acapulcopress.com\/wp-content\/uploads\/2025\/11\/evelyn.homenaje3.jpg\"><img loading=\"lazy\" decoding=\"async\" class=\"alignleft wp-image-1261196 size-cmsmasters-project-full-thumb\" src=\"https:\/\/www.acapulcopress.com\/wp-content\/uploads\/2025\/11\/evelyn.homenaje3-1160x853.jpg\" alt=\"\" width=\"1160\" height=\"853\" \/><\/a><br \/>\n<em>) <a href=\"http:\/\/fb.me\/steparious\" target=\"_blank\" rel=\"noopener\">fb.me\/steparious<\/a> ) <a href=\"http:\/\/fb.me\/acapulcopress\" target=\"_blank\" rel=\"noopener\">fb.me\/acapulcopress<\/a><\/em><\/p>\n","protected":false},"excerpt":{"rendered":"<p>CHILPANCINGO * 4 de noviembre 2025 ) Gobierno de Guerrero Al encabezar la ceremonia c\u00edvica de Izamiento de Bandera correspondiente al mes de noviembre, la gobernadora Evelyn Salgado Pineda hizo un llamado a las y los servidores p\u00fablicos a continuar sirviendo con orgullo, honestidad y compromiso, destacando que la verdadera defensa de la patria se&#8230;<\/p>\n","protected":false},"author":1,"featured_media":1261199,"comment_status":"closed","ping_status":"open","sticky":false,"template":"","format":"standard","meta":{"footnotes":""},"categories":[1980,1983],"tags":[8251,9302],"class_list":["post-1261193","post","type-post","status-publish","format-standard","has-post-thumbnail","hentry","category-goverment-2","category-guerrerogob","tag-evelyn-salgado-pineda","tag-gobierno-de-guerrero"],"_links":{"self":[{"href":"https:\/\/www.acapulcopress.com\/index.php\/wp-json\/wp\/v2\/posts\/1261193","targetHints":{"allow":["GET"]}}],"collection":[{"href":"https:\/\/www.acapulcopress.com\/index.php\/wp-json\/wp\/v2\/posts"}],"about":[{"href":"https:\/\/www.acapulcopress.com\/index.php\/wp-json\/wp\/v2\/types\/post"}],"author":[{"embeddable":true,"href":"https:\/\/www.acapulcopress.com\/index.php\/wp-json\/wp\/v2\/users\/1"}],"replies":[{"embeddable":true,"href":"https:\/\/www.acapulcopress.com\/index.php\/wp-json\/wp\/v2\/comments?post=1261193"}],"version-history":[{"count":1,"href":"https:\/\/www.acapulcopress.com\/index.php\/wp-json\/wp\/v2\/posts\/1261193\/revisions"}],"predecessor-version":[{"id":1261202,"href":"https:\/\/www.acapulcopress.com\/index.php\/wp-json\/wp\/v2\/posts\/1261193\/revisions\/1261202"}],"wp:featuredmedia":[{"embeddable":true,"href":"https:\/\/www.acapulcopress.com\/index.php\/wp-json\/wp\/v2\/media\/1261199"}],"wp:attachment":[{"href":"https:\/\/www.acapulcopress.com\/index.php\/wp-json\/wp\/v2\/media?parent=1261193"}],"wp:term":[{"taxonomy":"category","embeddable":true,"href":"https:\/\/www.acapulcopress.com\/index.php\/wp-json\/wp\/v2\/categories?post=1261193"},{"taxonomy":"post_tag","embeddable":true,"href":"https:\/\/www.acapulcopress.com\/index.php\/wp-json\/wp\/v2\/tags?post=1261193"}],"curies":[{"name":"wp","href":"https:\/\/api.w.org\/{rel}","templated":true}]}}