{"id":1261203,"date":"2025-11-04T19:23:33","date_gmt":"2025-11-05T01:23:33","guid":{"rendered":"https:\/\/www.acapulcopress.com\/?p=1261203"},"modified":"2025-11-04T19:24:29","modified_gmt":"2025-11-05T01:24:29","slug":"exhortan-a-ayuntamiento-de-chilpancingo-a-la-preservacion-cultural-del-zocalo","status":"publish","type":"post","link":"https:\/\/www.acapulcopress.com\/index.php\/2025\/11\/04\/exhortan-a-ayuntamiento-de-chilpancingo-a-la-preservacion-cultural-del-zocalo\/","title":{"rendered":"Exhortan a Ayuntamiento de Chilpancingo a la preservaci\u00f3n cultural del z\u00f3calo"},"content":{"rendered":"<p>CHILPANCINGO * 4 de noviembre 2025<br \/>\n<em>) LXVI Legislatura | Guerrero<\/em><br \/>\nEl Congreso del Estado de Guerrero aprob\u00f3 un exhorto al presidente municipal de Chilpancingo, <strong>Gustavo Alarc\u00f3n Herrera<\/strong>, para que implemente un programa integral de ordenamiento, preservaci\u00f3n y promoci\u00f3n cultural del z\u00f3calo de la capital, privilegiando su vocaci\u00f3n hist\u00f3rica, art\u00edstica y tur\u00edstica, a partir de una propuesta de la diputada <strong>Erika Isabel Guill\u00e9n Rom\u00e1n<\/strong> (PRD).<\/p>\n<p>Asimismo, para que autorice, respalde y difunda activamente la realizaci\u00f3n de la Feria del Libro de Chilpancingo en su edici\u00f3n n\u00famero 47, fortaleciendo su reconocimiento como evento cultural emblem\u00e1tico del municipio y de Guerrero, garantizando las condiciones log\u00edsticas, de seguridad, ubicaci\u00f3n y difusi\u00f3n necesarias para su desarrollo exitoso.<\/p>\n<p>En las consideraciones, la diputada se\u00f1ala que el z\u00f3calo de Chilpancingo m\u00e1s que un espacio p\u00fablico, es un lugar hist\u00f3rico y cultural, s\u00edmbolo de identidad, memoria y convivencia social, que en sus alrededores se encuentran el Museo Regional, declarado monumento hist\u00f3rico, la Catedral de Santa Mar\u00eda de la Asunci\u00f3n y el Palacio Municipal, conformando un corredor arquitect\u00f3nico de gran relevancia patrimonial para el Estado.<\/p>\n<p>\u201cLa permisibilidad en el uso del espacio p\u00fablico y la falta de vigilancia y planeaci\u00f3n municipal impiden que este sitio sea plenamente disfrutado como recinto hist\u00f3rico, art\u00edstico y de esparcimiento, como lo establecen las leyes estatales en materia cultural. Esta situaci\u00f3n incide adem\u00e1s en la posibilidad de que el Centro Hist\u00f3rico de Chilpancingo sea reconocido como patrimonio cultural, pese a la relevancia de sus edificaciones y su papel en la historia de Guerrero y de M\u00e9xico\u201d, agreg\u00f3 Guill\u00e9n Rom\u00e1n.<\/p>\n<p>Inform\u00f3 que la Constituci\u00f3n Pol\u00edtica del Estado y la Ley Org\u00e1nica del Municipio Libre de Guerrero otorgan a los Ayuntamientos la facultad y obligaci\u00f3n de vigilar y ordenar el uso de los espacios p\u00fablicos, garantizando su seguridad, conservaci\u00f3n y destino a fines culturales y recreativos<\/p>\n<p>Por ello, refiri\u00f3 que es urgente que el presidente municipal de Chilpancingo, Gustavo Alarc\u00f3n Herrera, autorice, se sume y respalde activamente la organizaci\u00f3n y difusi\u00f3n de la Feria del Libro e implemente un programa integral de ordenamiento del z\u00f3calo, que permita recuperar su esplendor, garantizar el derecho ciudadano a la cultura y proyectar a Chilpancingo como una ciudad de riqueza cultural y patrimonial.<\/p>\n<p><strong>Acuerdo<br \/>\n<\/strong><br \/>\nEl Pleno tambi\u00e9n aprob\u00f3 un acuerdo, propuesto por la Junta de Coordinaci\u00f3n Pol\u00edtica para dejar sin efectos el proceso de selecci\u00f3n y designaci\u00f3n de las y los consejeros del Consejo de Pol\u00edticas P\u00fablicas, llevado a cabo por la LXIII Legislatura, y emite la convocatoria del procedimiento de selecci\u00f3n y designaci\u00f3n de las o los integrantes del Consejo de Pol\u00edticas P\u00fablicas, conforme a las bases que en el mismo se detallan.<br \/>\n<em>) <a href=\"http:\/\/fb.me\/steparious\" target=\"_blank\" rel=\"noopener\">fb.me\/steparious<\/a> ) <a href=\"http:\/\/fb.me\/acapulcopress\" target=\"_blank\" rel=\"noopener\">fb.me\/acapulcopress<\/a><\/em><\/p>\n","protected":false},"excerpt":{"rendered":"<p>CHILPANCINGO * 4 de noviembre 2025 ) LXVI Legislatura | Guerrero El Congreso del Estado de Guerrero aprob\u00f3 un exhorto al presidente municipal de Chilpancingo, Gustavo Alarc\u00f3n Herrera, para que implemente un programa integral de ordenamiento, preservaci\u00f3n y promoci\u00f3n cultural del z\u00f3calo de la capital, privilegiando su vocaci\u00f3n hist\u00f3rica, art\u00edstica y tur\u00edstica, a partir de&#8230;<\/p>\n","protected":false},"author":1,"featured_media":1261204,"comment_status":"closed","ping_status":"open","sticky":false,"template":"","format":"standard","meta":{"footnotes":""},"categories":[2037,61],"tags":[8033,9599],"class_list":["post-1261203","post","type-post","status-publish","format-standard","has-post-thumbnail","hentry","category-congreso-de-guerrero","category-legislacion","tag-erika-isabel-guillen-roman","tag-gustavo-alarcon-herrera"],"_links":{"self":[{"href":"https:\/\/www.acapulcopress.com\/index.php\/wp-json\/wp\/v2\/posts\/1261203","targetHints":{"allow":["GET"]}}],"collection":[{"href":"https:\/\/www.acapulcopress.com\/index.php\/wp-json\/wp\/v2\/posts"}],"about":[{"href":"https:\/\/www.acapulcopress.com\/index.php\/wp-json\/wp\/v2\/types\/post"}],"author":[{"embeddable":true,"href":"https:\/\/www.acapulcopress.com\/index.php\/wp-json\/wp\/v2\/users\/1"}],"replies":[{"embeddable":true,"href":"https:\/\/www.acapulcopress.com\/index.php\/wp-json\/wp\/v2\/comments?post=1261203"}],"version-history":[{"count":2,"href":"https:\/\/www.acapulcopress.com\/index.php\/wp-json\/wp\/v2\/posts\/1261203\/revisions"}],"predecessor-version":[{"id":1261206,"href":"https:\/\/www.acapulcopress.com\/index.php\/wp-json\/wp\/v2\/posts\/1261203\/revisions\/1261206"}],"wp:featuredmedia":[{"embeddable":true,"href":"https:\/\/www.acapulcopress.com\/index.php\/wp-json\/wp\/v2\/media\/1261204"}],"wp:attachment":[{"href":"https:\/\/www.acapulcopress.com\/index.php\/wp-json\/wp\/v2\/media?parent=1261203"}],"wp:term":[{"taxonomy":"category","embeddable":true,"href":"https:\/\/www.acapulcopress.com\/index.php\/wp-json\/wp\/v2\/categories?post=1261203"},{"taxonomy":"post_tag","embeddable":true,"href":"https:\/\/www.acapulcopress.com\/index.php\/wp-json\/wp\/v2\/tags?post=1261203"}],"curies":[{"name":"wp","href":"https:\/\/api.w.org\/{rel}","templated":true}]}}