{"id":1261207,"date":"2025-11-04T19:45:34","date_gmt":"2025-11-05T01:45:34","guid":{"rendered":"https:\/\/www.acapulcopress.com\/?p=1261207"},"modified":"2025-11-04T19:46:07","modified_gmt":"2025-11-05T01:46:07","slug":"gobierno-estatal-refrenda-dialogo-con-marquesanos","status":"publish","type":"post","link":"https:\/\/www.acapulcopress.com\/index.php\/2025\/11\/04\/gobierno-estatal-refrenda-dialogo-con-marquesanos\/","title":{"rendered":"Gobierno estatal refrenda di\u00e1logo con marquesanos"},"content":{"rendered":"<p>ACAPULCO * 4 de noviembre 2025<br \/>\n<em>) Gobierno de Guerrero<br \/>\n<\/em>En seguimiento a la atenci\u00f3n que el gobierno que encabeza <strong>Evelyn Salgado Pineda<\/strong> brinda a los prestadores de servicios tur\u00edsticos y habitantes de Puerto Marqu\u00e9s, autoridades de los tres \u00f3rdenes de gobierno sostuvieron una reuni\u00f3n de trabajo para dar continuidad al di\u00e1logo con la comunidad que mantiene tomadas las instalaciones del muelle Asipona\u2013MarinaBus y avanzar en la soluci\u00f3n integral de las demandas planteadas.<\/p>\n<p>El encuentro fue encabezado por el subsecretario de Desarrollo Pol\u00edtico y Social, <strong>Francisco Rodr\u00edguez Cisneros<\/strong>, junto al secretario de <a href=\"https:\/\/www.acapulcopress.com\/wp-content\/uploads\/2025\/11\/PERTO-MARQUES.jpg\"><img loading=\"lazy\" decoding=\"async\" class=\"alignleft size-cmsmasters-square-thumb wp-image-1261208\" src=\"https:\/\/www.acapulcopress.com\/wp-content\/uploads\/2025\/11\/PERTO-MARQUES-360x360.jpg\" alt=\"\" width=\"360\" height=\"360\" srcset=\"https:\/\/www.acapulcopress.com\/wp-content\/uploads\/2025\/11\/PERTO-MARQUES-360x360.jpg 360w, https:\/\/www.acapulcopress.com\/wp-content\/uploads\/2025\/11\/PERTO-MARQUES-150x150.jpg 150w, https:\/\/www.acapulcopress.com\/wp-content\/uploads\/2025\/11\/PERTO-MARQUES-70x70.jpg 70w\" sizes=\"auto, (max-width: 360px) 100vw, 360px\" \/><\/a>Turismo, <strong>Sim\u00f3n Qui\u00f1ones Orozco<\/strong>; el titular de la Secretar\u00eda de Medio Ambiente y Recursos Naturales, <strong>\u00c1ngel Almaz\u00e1n Ju\u00e1rez<\/strong>; y el director general de la CAPASEG, <strong>Facundo Gast\u00e9lum F\u00e9lix<\/strong>.<\/p>\n<p>Tambi\u00e9n estuvieron presentes el capit\u00e1n <strong>Reynaldo Vargas Laue<\/strong>, representante de la Octava Regi\u00f3n Naval; el subsecretario de Prevenci\u00f3n y Reducci\u00f3n de Riesgos de la SGIRPCG, <strong>Ricardo Ram\u00edrez Ibarra<\/strong>; el gerente de Seguimiento y Evaluaci\u00f3n de Fonatur,<strong> Juli\u00e1n P\u00e9rez Garc\u00eda<\/strong>; el director de la CAPAMA, autoridades del ayuntamiento de Acapulco y una comisi\u00f3n de prestadores de servicios tur\u00edsticos encabezada por el comisario <strong>Mart\u00edn Carmona Salinas<\/strong>.<\/p>\n<p>Rodr\u00edguez Cisneros destac\u00f3 que el gobierno del estado mantiene una pol\u00edtica de di\u00e1logo, respeto y construcci\u00f3n de acuerdos, reconociendo la identidad y la lucha del pueblo de Puerto Marqu\u00e9s. \u201cEl camino siempre ser\u00e1 el di\u00e1logo, no la confrontaci\u00f3n. Vamos a seguir acompa\u00f1ando a la comunidad para cerrar este ciclo con acuerdos firmes\u201d, afirm\u00f3.<\/p>\n<p>El subsecretario record\u00f3 que el gobierno estatal ha mantenido presencia permanente en el destino con acciones de saneamiento, atenci\u00f3n ambiental y mejora de infraestructura, en coordinaci\u00f3n con dependencias estatales y federales. Reiter\u00f3 que se continuar\u00e1 con los trabajos para la recuperaci\u00f3n de la laguna, el fortalecimiento del sistema de drenaje y el impulso a la actividad tur\u00edstica.<\/p>\n<p>El titular de la Semaren, <strong>\u00c1ngel Almaz\u00e1n Ju\u00e1rez<\/strong>, inform\u00f3 que los trabajos de limpieza y dragado de la Laguna Negra avanzan de manera <a href=\"https:\/\/www.acapulcopress.com\/wp-content\/uploads\/2025\/11\/PERTO-MARQUES2.jpg\"><img loading=\"lazy\" decoding=\"async\" class=\"alignleft size-cmsmasters-square-thumb wp-image-1261209\" src=\"https:\/\/www.acapulcopress.com\/wp-content\/uploads\/2025\/11\/PERTO-MARQUES2-360x360.jpg\" alt=\"\" width=\"360\" height=\"360\" srcset=\"https:\/\/www.acapulcopress.com\/wp-content\/uploads\/2025\/11\/PERTO-MARQUES2-360x360.jpg 360w, https:\/\/www.acapulcopress.com\/wp-content\/uploads\/2025\/11\/PERTO-MARQUES2-150x150.jpg 150w, https:\/\/www.acapulcopress.com\/wp-content\/uploads\/2025\/11\/PERTO-MARQUES2-70x70.jpg 70w\" sizes=\"auto, (max-width: 360px) 100vw, 360px\" \/><\/a>programada y que este cuerpo de agua ser\u00e1 considerado dentro de un plan de conservaci\u00f3n ambiental en coordinaci\u00f3n con la Federaci\u00f3n.<\/p>\n<p>Por su parte, Facundo Gast\u00e9lum F\u00e9lix explic\u00f3 que la CAPASEG realiza obras de rehabilitaci\u00f3n de la planta tratadora y del sistema de saneamiento, acciones que contribuir\u00e1n a mejorar las condiciones ambientales y de salud en la zona.<\/p>\n<p>El secretario de Turismo, Sim\u00f3n Qui\u00f1ones Orozco, indic\u00f3 que el movimiento en el muelle no representa una oposici\u00f3n al proyecto MarinaBus, sino la exigencia de que se cumplan los compromisos pendientes. \u201cPuerto Marqu\u00e9s es una de las bah\u00edas m\u00e1s bellas de Acapulco. Hoy les hemos informado que las obras est\u00e1n avanzando y se van a concluir. A la par, impulsaremos una campa\u00f1a de promoci\u00f3n tur\u00edstica para fortalecer el destino\u201d, se\u00f1al\u00f3.<\/p>\n<p>El representante de Fonatur, Juli\u00e1n P\u00e9rez Garc\u00eda, reiter\u00f3 que las principales peticiones de la comunidad \u2014dragado, drenaje y mejoramiento urbano\u2014 est\u00e1n siendo atendidas y que se sostendr\u00e1 una nueva reuni\u00f3n con el director general del organismo para formalizar los acuerdos.<\/p>\n<p>Durante el encuentro, habitantes y prestadores de servicios de Puerto Marqu\u00e9s reconocieron la disposici\u00f3n del gobierno del estado para mantener abiertos los canales de comunicaci\u00f3n y la participaci\u00f3n de la gobernadora Evelyn Salgado Pineda, cuya intervenci\u00f3n ha sido fundamental para encauzar el di\u00e1logo y lograr acuerdos que atiendan las demandas de la comunidad.<\/p>\n<p>Por \u00faltimo, el subsecretario Francisco Rodr\u00edguez Cisneros refrend\u00f3 que el gobierno de Guerrero no dejar\u00e1 ninguna obra inconclusa y que el prop\u00f3sito com\u00fan es dejar una laguna limpia, un sistema funcional y un destino tur\u00edstico fortalecido, en beneficio de las familias marquesanas y del desarrollo de Acapulco.<\/p>\n<p>\u201cReconozco la voluntad pol\u00edtica del director de Fonatur, Sebasti\u00e1n Ram\u00edrez, y en pr\u00f3ximas fechas nos vamos a reunir para aclarar los malos entendidos que han generado este movimiento\u201d, expres\u00f3 Rodr\u00edguez Cisneros, al destacar que el di\u00e1logo franco y la coordinaci\u00f3n institucional seguir\u00e1n siendo la ruta para avanzar en soluciones de fondo.<\/p>\n<p>Rodr\u00edguez Cisneros subray\u00f3 finalmente la intervenci\u00f3n directa de la gobernadora Evelyn Salgado Pineda, cuya voluntad de di\u00e1logo y cercan\u00eda con las comunidades ha permitido que todas las dependencias act\u00faen de manera coordinada. \u201cLa gobernadora ha estado atenta a cada paso del proceso. Su compromiso con Puerto Marqu\u00e9s es claro: resolver con di\u00e1logo, con respeto y con hechos que beneficien a la gente\u201d, concluy\u00f3.<br \/>\n<em>) <a href=\"http:\/\/fb.me\/steparious\" target=\"_blank\" rel=\"noopener\">fb.me\/steparious<\/a> ) <a href=\"http:\/\/fb.me\/acapulcopress\" target=\"_blank\" rel=\"noopener\">fb.me\/acapulcopress<\/a><\/em><\/p>\n","protected":false},"excerpt":{"rendered":"<p>En seguimiento a la atenci\u00f3n que el gobierno que encabeza Evelyn Salgado Pineda brinda a los prestadores de servicios tur\u00edsticos y habitantes de Puerto Marqu\u00e9s, autoridades de los tres \u00f3rdenes de gobierno sostuvieron una reuni\u00f3n de trabajo para dar continuidad al di\u00e1logo con la comunidad que mantiene tomadas las instalaciones del muelle Asipona\u2013MarinaBus y avanzar en la soluci\u00f3n integral de las demandas planteadas.<\/p>\n<p>El encuentro fue encabezado por el subsecretario de Desarrollo Pol\u00edtico y Social, Francisco Rodr\u00edguez Cisneros, junto al secretario de<br \/>\nTurismo, Sim\u00f3n Qui\u00f1ones Orozco; el titular de la Secretar\u00eda de Medio Ambiente y Recursos Naturales, \u00c1ngel Almaz\u00e1n Ju\u00e1rez; y el director general de la CAPASEG, Facundo Gast\u00e9lum F\u00e9lix.<\/p>\n","protected":false},"author":1,"featured_media":1261210,"comment_status":"closed","ping_status":"open","sticky":false,"template":"","format":"standard","meta":{"footnotes":""},"categories":[2009],"tags":[8251,8894,11670,18775,18887,18886],"class_list":["post-1261207","post","type-post","status-publish","format-standard","has-post-thumbnail","hentry","category-politics","tag-evelyn-salgado-pineda","tag-francisco-rodriguez-cisneros","tag-laguna-negra-de-puerto-marques","tag-marinabus","tag-martin-carmona-salinas","tag-puerto-marques-acapulco"],"_links":{"self":[{"href":"https:\/\/www.acapulcopress.com\/index.php\/wp-json\/wp\/v2\/posts\/1261207","targetHints":{"allow":["GET"]}}],"collection":[{"href":"https:\/\/www.acapulcopress.com\/index.php\/wp-json\/wp\/v2\/posts"}],"about":[{"href":"https:\/\/www.acapulcopress.com\/index.php\/wp-json\/wp\/v2\/types\/post"}],"author":[{"embeddable":true,"href":"https:\/\/www.acapulcopress.com\/index.php\/wp-json\/wp\/v2\/users\/1"}],"replies":[{"embeddable":true,"href":"https:\/\/www.acapulcopress.com\/index.php\/wp-json\/wp\/v2\/comments?post=1261207"}],"version-history":[{"count":2,"href":"https:\/\/www.acapulcopress.com\/index.php\/wp-json\/wp\/v2\/posts\/1261207\/revisions"}],"predecessor-version":[{"id":1261212,"href":"https:\/\/www.acapulcopress.com\/index.php\/wp-json\/wp\/v2\/posts\/1261207\/revisions\/1261212"}],"wp:featuredmedia":[{"embeddable":true,"href":"https:\/\/www.acapulcopress.com\/index.php\/wp-json\/wp\/v2\/media\/1261210"}],"wp:attachment":[{"href":"https:\/\/www.acapulcopress.com\/index.php\/wp-json\/wp\/v2\/media?parent=1261207"}],"wp:term":[{"taxonomy":"category","embeddable":true,"href":"https:\/\/www.acapulcopress.com\/index.php\/wp-json\/wp\/v2\/categories?post=1261207"},{"taxonomy":"post_tag","embeddable":true,"href":"https:\/\/www.acapulcopress.com\/index.php\/wp-json\/wp\/v2\/tags?post=1261207"}],"curies":[{"name":"wp","href":"https:\/\/api.w.org\/{rel}","templated":true}]}}